{"id":23700,"date":"2020-12-14T09:01:45","date_gmt":"2020-12-14T12:01:45","guid":{"rendered":"https:\/\/atecordoba.org\/?p=23700"},"modified":"2020-12-14T09:33:03","modified_gmt":"2020-12-14T12:33:03","slug":"rio-cuarto-repudio-a-la-censura-en-el-nuevo-hospital","status":"publish","type":"post","link":"https:\/\/atecordoba.org\/?p=23700","title":{"rendered":"R\u00edo Cuarto: repudio a la censura en el Nuevo Hospital"},"content":{"rendered":"<div id='gallery_1' class='gallery galleryid-23700 gallery-columns-2 gallery-size-thumbnail'><figure class='gallery-item'>\n                <div class='gallery-icon landscape'>\n                    <a href='https:\/\/atecordoba.org\/wp-content\/uploads\/2020\/12\/130500972_3572237796155053_839731878735532009_n.jpg'><img loading=\"lazy\" decoding=\"async\" width=\"150\" height=\"150\" src=\"\" class=\"attachment-thumbnail size-thumbnail lazyload\" alt=\"\" aria-describedby=\"gallery_1-23702\" data-src=\"https:\/\/atecordoba.org\/wp-content\/uploads\/2020\/12\/130500972_3572237796155053_839731878735532009_n-150x150.jpg\" data-sizes=\"auto\" data-srcset=\"https:\/\/atecordoba.org\/wp-content\/uploads\/2020\/12\/130500972_3572237796155053_839731878735532009_n-150x150.jpg 150w, https:\/\/atecordoba.org\/wp-content\/uploads\/2020\/12\/130500972_3572237796155053_839731878735532009_n-560x560.jpg 560w, https:\/\/atecordoba.org\/wp-content\/uploads\/2020\/12\/130500972_3572237796155053_839731878735532009_n-75x75.jpg 75w\" data-expand=\"700\" \/><\/a>\n                <\/div>\n                    <figcaption class='wp-caption-text gallery-caption' id='gallery_1-23702'>\n                    Mural inaugurado el pasado 10 de diciembre.\n                    <\/figcaption><\/figure><figure class='gallery-item'>\n                <div class='gallery-icon portrait'>\n                    <a href='https:\/\/atecordoba.org\/wp-content\/uploads\/2020\/12\/DIA-DEL-COMUNICADOR.jpg'><img loading=\"lazy\" decoding=\"async\" width=\"150\" height=\"150\" src=\"\" class=\"attachment-thumbnail size-thumbnail lazyload\" alt=\"\" aria-describedby=\"gallery_1-23701\" data-src=\"https:\/\/atecordoba.org\/wp-content\/uploads\/2020\/12\/DIA-DEL-COMUNICADOR-150x150.jpg\" data-sizes=\"auto\" data-srcset=\"https:\/\/atecordoba.org\/wp-content\/uploads\/2020\/12\/DIA-DEL-COMUNICADOR-150x150.jpg 150w, https:\/\/atecordoba.org\/wp-content\/uploads\/2020\/12\/DIA-DEL-COMUNICADOR-560x560.jpg 560w, https:\/\/atecordoba.org\/wp-content\/uploads\/2020\/12\/DIA-DEL-COMUNICADOR-75x75.jpg 75w\" data-expand=\"700\" \/><\/a>\n                <\/div>\n                    <figcaption class='wp-caption-text gallery-caption' id='gallery_1-23701'>\n                    La censura tap\u00f3 el logo de ATE y el mansaje &#8216;estamos en lucha&#8217;.\n                    <\/figcaption><\/figure><br style=\"clear: both\" \/>\n            <\/div>\n\n<p>El Consejo Directivo Provincial adhiere a la denuncia que present\u00f3 la seccional ATE R\u00edo Cuarto, manifestando<strong>\u00a0su m\u00e1s en\u00e9rgico repudio<\/strong> a la decisi\u00f3n tomada por el director del Nuevo Hospital de R\u00edo Cuarto, Dr. Carlos Pepe, que modific\u00f3 el mural realizado el d\u00eda 10 de diciembre, en el marco del d\u00eda Internacional de los Derechos Humanos internacional.<\/p>\n<p>&#8220;El mismo estuvo a cargo de artistas pl\u00e1sticos locales quienes tienen un fuerte compromiso social en defensa de los derechos de las y los trabajadores y con la iniciativa de ATE que ten\u00eda como finalidad homenajear a los hombres y las mujeres de la salud que vienen enfrentando la pandemia desde la primera l\u00ednea, sin tregua y sin descanso&#8221;, declar\u00f3 su secretario General, Rafaela Alcoba, en un comunicado.<\/p>\n<p><strong>&#8220;Este mural colectivo hab\u00eda sido previamente autorizado<\/strong> por el mismo Director. No se comprende por qu\u00e9 se aplica la censura hacia dicha obra art\u00edstica y el cercenamiento de una expresi\u00f3n reivindicatoria de la labor de las y los trabajadores de la salud, como as\u00ed tambi\u00e9n hac\u00eda el trabajo de las y los artistas pl\u00e1sticos que intervinieron en la confecci\u00f3n del mural&#8221;, agrega la denuncia.<\/p>\n<p>&#8220;Tales hechos dan cuenta que el se\u00f1or director se comporta como agente pol\u00edtico de la patronal y no como trabajador de la salud. Desde ATE decimos que las y los trabajadores de la salud no merecen tal desprecio y que la censura en cualquiera de sus formas nos parece inadmisible&#8221;.<\/p>\n<p>&#8220;Estamos sorprendidos por el doble discurso oficial que, frente a las c\u00e1maras y micr\u00f3fonos de los medios se llena la boca hablando del personal de salud, y en cuanto \u00e9ste se expresa p\u00fablicamente sobre su lucha por condiciones laborales adecuadas, salarios de hambre o falta de insumos, inmediatamente son descalificados, calumniados o censurados, como en este caso por un mural reivindicatorio de la salud p\u00fablica, que expresa su lucha por la salud como bien p\u00fablico y no como mercanc\u00eda de lujo&#8221;, concluye la Seccional R\u00edo Cuarto.<\/p>\n","protected":false},"excerpt":{"rendered":"<p>El Consejo Directivo Provincial adhiere a la denuncia que present\u00f3 la seccional ATE R\u00edo Cuarto, manifestando\u00a0su m\u00e1s en\u00e9rgico repudio a la decisi\u00f3n tomada por el director del Nuevo Hospital de R\u00edo Cuarto, Dr. Carlos Pepe, que modific\u00f3 el mural realizado el d\u00eda 10 de diciembre, en el marco del d\u00eda Internacional de los Derechos Humanos [&hellip;]<\/p>\n","protected":false},"author":7,"featured_media":23703,"comment_status":"open","ping_status":"open","sticky":true,"template":"","format":"standard","meta":{"_exactmetrics_skip_tracking":false,"_exactmetrics_sitenote_active":false,"_exactmetrics_sitenote_note":"","_exactmetrics_sitenote_category":0,"jnews-multi-image_gallery":[],"jnews_single_post":{"source_name":"","source_url":"","via_name":"","via_url":"","override_template":"0","override":[{"template":"1","single_blog_custom":"","parallax":"1","fullscreen":"0","layout":"right-sidebar","sidebar":"default-sidebar","second_sidebar":"default-sidebar","sticky_sidebar":"1","share_position":"top","share_float_style":"share-monocrhome","show_share_counter":"1","show_view_counter":"1","show_featured":"1","show_post_meta":"1","show_post_author":"1","show_post_author_image":"1","show_post_date":"1","post_date_format":"default","post_date_format_custom":"Y\/m\/d","show_post_category":"1","show_post_reading_time":"0","post_reading_time_wpm":"300","show_zoom_button":"0","zoom_button_out_step":"2","zoom_button_in_step":"3","show_post_tag":"1","show_prev_next_post":"1","show_popup_post":"1","number_popup_post":"1","show_author_box":"0","show_post_related":"0","show_inline_post_related":"0"}],"override_image_size":"0","image_override":[{"single_post_thumbnail_size":"crop-500","single_post_gallery_size":"crop-500"}],"trending_post":"0","trending_post_position":"meta","trending_post_label":"Trending","sponsored_post":"0","sponsored_post_label":"Sponsored by","sponsored_post_name":"","sponsored_post_url":"","sponsored_post_logo_enable":"0","sponsored_post_logo":"","sponsored_post_desc":""},"jnews_primary_category":{"id":""},"jnews_social_meta":{"fb_title":"","fb_description":"","fb_image":"","twitter_title":"","twitter_description":"","twitter_image":""},"jnews_review":[],"enable_review":"0","type":"percentage","name":"","summary":"","brand":"","sku":"","good":[{"good_text":""}],"bad":[{"bad_text":""}],"score_override":"","override_value":"","rating":[{"rating_text":"","rating_number":"10"}],"price":[{"shop":"","price":"","link":"","icon":""}],"jnews_override_counter":{"override_view_counter":"0","view_counter_number":"0","override_share_counter":"0","share_counter_number":"0","override_like_counter":"0","like_counter_number":"0","override_dislike_counter":"0","dislike_counter_number":"0"},"jnews_post_split":{"enable_post_split":"0","post_split":[{"template":"1","tag":"h2","numbering":"asc","mode":"normal"}]},"footnotes":""},"categories":[8,12],"tags":[442],"class_list":["post-23700","post","type-post","status-publish","format-standard","has-post-thumbnail","hentry","category-provinciales","category-rio-cuarto","tag-nuevo-hospital-regional"],"jetpack_featured_media_url":"https:\/\/atecordoba.org\/wp-content\/uploads\/2020\/12\/rio-cuarto-11.jpg","_links":{"self":[{"href":"https:\/\/atecordoba.org\/index.php?rest_route=\/wp\/v2\/posts\/23700","targetHints":{"allow":["GET"]}}],"collection":[{"href":"https:\/\/atecordoba.org\/index.php?rest_route=\/wp\/v2\/posts"}],"about":[{"href":"https:\/\/atecordoba.org\/index.php?rest_route=\/wp\/v2\/types\/post"}],"author":[{"embeddable":true,"href":"https:\/\/atecordoba.org\/index.php?rest_route=\/wp\/v2\/users\/7"}],"replies":[{"embeddable":true,"href":"https:\/\/atecordoba.org\/index.php?rest_route=%2Fwp%2Fv2%2Fcomments&post=23700"}],"version-history":[{"count":4,"href":"https:\/\/atecordoba.org\/index.php?rest_route=\/wp\/v2\/posts\/23700\/revisions"}],"predecessor-version":[{"id":23707,"href":"https:\/\/atecordoba.org\/index.php?rest_route=\/wp\/v2\/posts\/23700\/revisions\/23707"}],"wp:featuredmedia":[{"embeddable":true,"href":"https:\/\/atecordoba.org\/index.php?rest_route=\/wp\/v2\/media\/23703"}],"wp:attachment":[{"href":"https:\/\/atecordoba.org\/index.php?rest_route=%2Fwp%2Fv2%2Fmedia&parent=23700"}],"wp:term":[{"taxonomy":"category","embeddable":true,"href":"https:\/\/atecordoba.org\/index.php?rest_route=%2Fwp%2Fv2%2Fcategories&post=23700"},{"taxonomy":"post_tag","embeddable":true,"href":"https:\/\/atecordoba.org\/index.php?rest_route=%2Fwp%2Fv2%2Ftags&post=23700"}],"curies":[{"name":"wp","href":"https:\/\/api.w.org\/{rel}","templated":true}]}}