{"id":2367,"date":"2012-12-26T17:22:44","date_gmt":"2012-12-26T20:22:44","guid":{"rendered":"http:\/\/www.atecordoba.org\/?p=2367"},"modified":"2012-12-26T17:22:44","modified_gmt":"2012-12-26T20:22:44","slug":"anac-reconoce-letras-a-casi-100-trabajadores-en-cordoba","status":"publish","type":"post","link":"https:\/\/atecordoba.org\/?p=2367","title":{"rendered":"ANAC reconoce &#8216;letras&#8217; a casi 100 trabajadores en C\u00f3rdoba"},"content":{"rendered":"<p><em>Tras arduas negociaciones, los coordinadores nacionales de ATE lograron el viernes pasado el reconocimiento \u00a0de letras adeudadas en la escala salarial en la Administraci\u00f3n Nacional de Aviaci\u00f3n Civil.<\/em><\/p>\n<p><a href=\"http:\/\/www.atecordoba.org\/wp-content\/uploads\/2012\/12\/anac.jpg\"><img loading=\"lazy\" decoding=\"async\" class=\"aligncenter size-medium wp-image-2368\" title=\"anac\" src=\"http:\/\/www.atecordoba.org\/wp-content\/uploads\/2012\/12\/anac-300x225.jpg\" alt=\"\" width=\"300\" height=\"225\" \/><\/a><\/p>\n<p>Este acuerdo\u00a0suscrito\u00a0el viernes 21 de diciembre supone una importante recomposici\u00f3n de los trabajadores de la ANAC, que se ven\u00eda demorando desde finales de 2011 e implica el reescalafonamiento en letras (items de la escala salarial) para 96 compa\u00f1eros en C\u00f3rdoba.<\/p>\n<p>El reclamo fue planteado por ATE desde el comienzo y fue nuestro gremio quien comand\u00f3 las acciones en favor de lograr el reconocimiento.<\/p>\n<p>\u201cEste es un gran paso para regularizar la situaci\u00f3n de los compa\u00f1eros que ven\u00edan cumpliendo funciones no reconocidas hasta el momento pro las autoridades. Desde ATE fuimos quienes iniciamos con los reclamos y ahora podemos mostrar resultados para todos los compa\u00f1eros\u201d, dijo Hugo Torres, coordinador nacional de ATE en la ANAC.<\/p>\n<p>El acuerdo se formalizo con Alejandro Granados, director nacional de la ANAC, en el edificio \u2018Cr\u00f3nica\u2019, donde funciona el organismo y las\u00a0letras ya fueron incorporadas en el aguinaldo.<\/p>\n<p>De esta forma, se suman \u00a0nuevos instrumentos a la carrera administrativa que se va a crear en el nuevo organismo.<\/p>\n","protected":false},"excerpt":{"rendered":"<p>Tras arduas negociaciones, los coordinadores nacionales de ATE lograron el viernes pasado el reconocimiento \u00a0de letras adeudadas en la escala salarial en la Administraci\u00f3n Nacional de Aviaci\u00f3n Civil. Este acuerdo\u00a0suscrito\u00a0el viernes 21 de diciembre supone una importante recomposici\u00f3n de los trabajadores de la ANAC, que se ven\u00eda demorando desde finales de 2011 e implica el [&hellip;]<\/p>\n","protected":false},"author":1,"featured_media":19220,"comment_status":"open","ping_status":"open","sticky":false,"template":"","format":"standard","meta":{"_exactmetrics_skip_tracking":false,"_exactmetrics_sitenote_active":false,"_exactmetrics_sitenote_note":"","_exactmetrics_sitenote_category":0,"jnews-multi-image_gallery":[],"jnews_single_post":[],"jnews_primary_category":[],"jnews_social_meta":[],"jnews_review":[],"enable_review":"","type":"","name":"","summary":"","brand":"","sku":"","good":[],"bad":[],"score_override":"","override_value":"","rating":[],"price":[],"jnews_override_counter":[],"jnews_post_split":[],"footnotes":""},"categories":[18],"tags":[],"class_list":["post-2367","post","type-post","status-publish","format-standard","has-post-thumbnail","hentry","category-nacionales"],"jetpack_featured_media_url":"https:\/\/atecordoba.org\/wp-content\/uploads\/2020\/05\/logo-nuevochico-e1561581322808.png","_links":{"self":[{"href":"https:\/\/atecordoba.org\/index.php?rest_route=\/wp\/v2\/posts\/2367","targetHints":{"allow":["GET"]}}],"collection":[{"href":"https:\/\/atecordoba.org\/index.php?rest_route=\/wp\/v2\/posts"}],"about":[{"href":"https:\/\/atecordoba.org\/index.php?rest_route=\/wp\/v2\/types\/post"}],"author":[{"embeddable":true,"href":"https:\/\/atecordoba.org\/index.php?rest_route=\/wp\/v2\/users\/1"}],"replies":[{"embeddable":true,"href":"https:\/\/atecordoba.org\/index.php?rest_route=%2Fwp%2Fv2%2Fcomments&post=2367"}],"version-history":[{"count":0,"href":"https:\/\/atecordoba.org\/index.php?rest_route=\/wp\/v2\/posts\/2367\/revisions"}],"wp:featuredmedia":[{"embeddable":true,"href":"https:\/\/atecordoba.org\/index.php?rest_route=\/wp\/v2\/media\/19220"}],"wp:attachment":[{"href":"https:\/\/atecordoba.org\/index.php?rest_route=%2Fwp%2Fv2%2Fmedia&parent=2367"}],"wp:term":[{"taxonomy":"category","embeddable":true,"href":"https:\/\/atecordoba.org\/index.php?rest_route=%2Fwp%2Fv2%2Fcategories&post=2367"},{"taxonomy":"post_tag","embeddable":true,"href":"https:\/\/atecordoba.org\/index.php?rest_route=%2Fwp%2Fv2%2Ftags&post=2367"}],"curies":[{"name":"wp","href":"https:\/\/api.w.org\/{rel}","templated":true}]}}