{"id":23646,"date":"2020-12-11T14:09:33","date_gmt":"2020-12-11T17:09:33","guid":{"rendered":"https:\/\/atecordoba.org\/?p=23646"},"modified":"2020-12-11T15:03:53","modified_gmt":"2020-12-11T18:03:53","slug":"encuentro-virtual-homenajeo-a-la-agrupacion-anusate-a-43-anos-de-su-fundacion","status":"publish","type":"post","link":"https:\/\/atecordoba.org\/?p=23646","title":{"rendered":"Encuentro virtual homenaje\u00f3 a la Agrupaci\u00f3n Anusate a 43 a\u00f1os de su fundaci\u00f3n"},"content":{"rendered":"<p><img loading=\"lazy\" decoding=\"async\" class=\" wp-image-23647 aligncenter\" src=\"https:\/\/atecordoba.org\/wp-content\/uploads\/2020\/12\/10-12-Captura-300x188.jpg\" alt=\"\" width=\"601\" height=\"377\" srcset=\"https:\/\/atecordoba.org\/wp-content\/uploads\/2020\/12\/10-12-Captura-300x188.jpg 300w, https:\/\/atecordoba.org\/wp-content\/uploads\/2020\/12\/10-12-Captura-1024x640.jpg 1024w, https:\/\/atecordoba.org\/wp-content\/uploads\/2020\/12\/10-12-Captura-768x480.jpg 768w, https:\/\/atecordoba.org\/wp-content\/uploads\/2020\/12\/10-12-Captura-750x469.jpg 750w, https:\/\/atecordoba.org\/wp-content\/uploads\/2020\/12\/10-12-Captura-1140x713.jpg 1140w, https:\/\/atecordoba.org\/wp-content\/uploads\/2020\/12\/10-12-Captura.jpg 1440w\" sizes=\"auto, (max-width: 601px) 100vw, 601px\" \/>Ayer por la tarde se llev\u00f3 a cabo un encuentro virtual organizado por ATE C\u00f3rdoba donde se celebr\u00f3 el 43\u00ba aniversario de la fundaci\u00f3n de la Agrupaci\u00f3n Anusate, organizaci\u00f3n creada para recuperar el gremio de las manos del bur\u00f3crata y colaboracionista de la dictadura Carlos Horvard, y que cuatro d\u00e9cadas despu\u00e9s contin\u00faa conduciendo ATE.<\/p>\n<p>La actividad estuvo coordinada por el secretario General del Consejo Directivo Provincial (CDP) C\u00f3rdoba, Federico Giuliani, y cont\u00f3 con la palabra de compa\u00f1eros que fundaron Anusate como Oscar Cacho Mengarelli, Victor De Gennaro y Carlos Custer, as\u00ed como Noel\u00eda Guzman, que se integr\u00f3 posteriormente y pero que form\u00f3 parte de la primera conducci\u00f3n una vez recuperada la democracia interna en ATE.<\/p>\n<p><img loading=\"lazy\" decoding=\"async\" class=\"wp-image-23648 alignleft\" src=\"https:\/\/atecordoba.org\/wp-content\/uploads\/2020\/12\/10-12-Capturas-Fede-300x188.png\" alt=\"\" width=\"453\" height=\"284\" srcset=\"https:\/\/atecordoba.org\/wp-content\/uploads\/2020\/12\/10-12-Capturas-Fede-300x188.png 300w, https:\/\/atecordoba.org\/wp-content\/uploads\/2020\/12\/10-12-Capturas-Fede-1024x640.png 1024w, https:\/\/atecordoba.org\/wp-content\/uploads\/2020\/12\/10-12-Capturas-Fede-768x480.png 768w, https:\/\/atecordoba.org\/wp-content\/uploads\/2020\/12\/10-12-Capturas-Fede-750x469.png 750w, https:\/\/atecordoba.org\/wp-content\/uploads\/2020\/12\/10-12-Capturas-Fede-1140x713.png 1140w, https:\/\/atecordoba.org\/wp-content\/uploads\/2020\/12\/10-12-Capturas-Fede.png 1440w\" sizes=\"auto, (max-width: 453px) 100vw, 453px\" \/>Giuliani resalt\u00f3 que la charla virtual tuvo como intenci\u00f3n rescatar la m\u00edstica de Anusate y facilitar la formaci\u00f3n para los nuevos militantes y afiliados de ATE C\u00f3rdoba que no conocen su historia, pero que &#8220;termin\u00f3 nacionaliz\u00e1ndose con la presencia de compa\u00f1eros y compa\u00f1eras de todo el pa\u00eds&#8221;.<\/p>\n<p>As\u00ed, enumer\u00f3 la presencia Pocha Correa, Julio Fuentes, Alejandro Garz\u00f3n. Graciela Iturraspe, Pip\u00f3n Giuliani, Olga Reynoso. Dami\u00e1n Albornoz, Rafaela Alcoba, Gladys Medina, Ernesto Contreras (vocal CDN), Fernando Peyrano, Jorge Garz\u00f3n (jubilados Santa Cruz), entre otros.<\/p>\n<p>El dirigente comenz\u00f3 diciendo que &#8220;en el d\u00eda internacional de DDHH, no es casual que se haya formado Anusate&#8221; y destac\u00f3<a href=\"https:\/\/atecordoba.org\/?p=23627\"> las actividades realizadas<\/a> por le CDP en el marco de esa jornada.<\/p>\n<p>En otro tramo se\u00f1al\u00f3 que &#8220;por mi sangre corren los colores verdes&#8221; y cont\u00f3 como fue su acercamiento a ATE para pasar de afiliado a delegado y luego dirigente.<\/p>\n<p>&#8220;Yo, que soy hijo de un preso pol\u00edtico de la dictadura militar, que soy hijo de una trabajadora estatal despedida durante el menemismo, que nac\u00ed y me crie en \u00a0barrio ATE de R\u00edo Cuarto, el famoso barrio cincuentenario porque se hizo en 1975, entr\u00e9 a laburar en Senasa y me enamor\u00e9 de ATE en el instante. Tuve la suerte de ser delegado de base en mi sector de laburo, secretario General de la Seccional R\u00edo Cuarto y tengo el gran orgullo de ser actualmente el secretario General de ATE C\u00f3rdoba&#8221;, relat\u00f3 Giuliani.<\/p>\n<p><img loading=\"lazy\" decoding=\"async\" class=\" wp-image-23653 alignright\" src=\"https:\/\/atecordoba.org\/wp-content\/uploads\/2020\/12\/10-12-Captura-4-300x188.jpg\" alt=\"\" width=\"552\" height=\"346\" srcset=\"https:\/\/atecordoba.org\/wp-content\/uploads\/2020\/12\/10-12-Captura-4-300x188.jpg 300w, https:\/\/atecordoba.org\/wp-content\/uploads\/2020\/12\/10-12-Captura-4-1024x640.jpg 1024w, https:\/\/atecordoba.org\/wp-content\/uploads\/2020\/12\/10-12-Captura-4-768x480.jpg 768w, https:\/\/atecordoba.org\/wp-content\/uploads\/2020\/12\/10-12-Captura-4-750x469.jpg 750w, https:\/\/atecordoba.org\/wp-content\/uploads\/2020\/12\/10-12-Captura-4-1140x713.jpg 1140w, https:\/\/atecordoba.org\/wp-content\/uploads\/2020\/12\/10-12-Captura-4.jpg 1440w\" sizes=\"auto, (max-width: 552px) 100vw, 552px\" \/>Y dijo: &#8220;cuando los acuerdos no llegan a buen puerto son las y los compa\u00f1eros quienes nos eligen. Yo me siento bendecido que aquel 7 de agosto del a\u00f1o pasado nos hayan votado para conducir esta ATE C\u00f3rdoba que estamos poniendo de pie&#8221;.<\/p>\n<p>Luego introdujo la charla se\u00f1alando que &#8220;ese 10 de diciembre de 1977, en la iglesia Nazaret de la calle Carlos Calvo en la Capital Federal, un grupo de compa\u00f1eras y compa\u00f1eros de distintas latitudes empezaban a conformar Anusate, con el sue\u00f1o de sacar a ATE de las manos del bur\u00f3crata Horvard, servil a los intereses de la dictadura. \u00bfQu\u00e9 mejor que las y los protagonistas para que nos cuenten qu\u00e9 es ser de Anusate, cu\u00e1l es la m\u00edstica que no envuelve, para que los nuevos estatales que se arriman a ATE sepan de qu\u00e9 est\u00e1 hecha nuestra Anusate que conduce el gremio en todo el pa\u00eds?&#8221;, se pregunt\u00f3.<\/p>\n<p>Posteriormente tom\u00f3 la palabra\u00a0Oscar Cacho Mengarelli, ex secretario General de ATE C\u00f3rdoba. &#8220;Nosotros llegamos a ATE en 1975 y armamos una lista para confrontar con la Azul y Blanca en Villa Mar\u00eda, junto a Osmar Zapata y otros compa\u00f1eros en la F\u00e1brica Militar. Era una \u00e9poca cargada de pol\u00edtica en el pa\u00eds, cuando Vietnam hab\u00eda ganado la guerra a los yanquis. Hab\u00eda grupos de izquierda que nos daban formaci\u00f3n como el cro desaparecido Eduardo Requena, ten\u00edamos una comisi\u00f3n politizada&#8221;.<\/p>\n<p><img loading=\"lazy\" decoding=\"async\" class=\" wp-image-23652 alignleft\" src=\"https:\/\/atecordoba.org\/wp-content\/uploads\/2020\/12\/10-12-Captura-3-300x188.jpg\" alt=\"\" width=\"458\" height=\"287\" srcset=\"https:\/\/atecordoba.org\/wp-content\/uploads\/2020\/12\/10-12-Captura-3-300x188.jpg 300w, https:\/\/atecordoba.org\/wp-content\/uploads\/2020\/12\/10-12-Captura-3-1024x640.jpg 1024w, https:\/\/atecordoba.org\/wp-content\/uploads\/2020\/12\/10-12-Captura-3-768x480.jpg 768w, https:\/\/atecordoba.org\/wp-content\/uploads\/2020\/12\/10-12-Captura-3-750x469.jpg 750w, https:\/\/atecordoba.org\/wp-content\/uploads\/2020\/12\/10-12-Captura-3-1140x713.jpg 1140w, https:\/\/atecordoba.org\/wp-content\/uploads\/2020\/12\/10-12-Captura-3.jpg 1440w\" sizes=\"auto, (max-width: 458px) 100vw, 458px\" \/>Cacho prosigui\u00f3 contando que &#8220;antes del golpe del \u201976 conocimos a Quagliaro, en una reuni\u00f3n en la f\u00e1brica&#8221;. Y agreg\u00f3: &#8220;otro hecho que constituye la semilla de Anusate es el congreso de La Falda, en noviembre de 1976, con un veedor del Ministerio de Trabajo presente. Ah\u00ed conocimos a V\u00edctor, que era un vocal de la comisi\u00f3n nacional y naci\u00f3 un v\u00ednculo que no se rompi\u00f3 m\u00e1s. Porque la colaboraci\u00f3n de la conducci\u00f3n de ATE con la dictadura defini\u00f3 la posici\u00f3n de muchos j\u00f3venes de entonces&#8221;.<\/p>\n<p>&#8220;Mientras, Horvard estaba Comisi\u00f3n de Gesti\u00f3n y Trabajo, una CGT mentirosa, iba a la OIT a decir que no le constaba que la dictadura violaba los DDHH, con el telepostal Baldasini y otros&#8221;, relat\u00f3.<\/p>\n<p>&#8220;El d\u00eda que escuchamos en la radio como sal\u00eda colaborando es burocracia con los milicos, llegaban los telegramas con los despidos para todos nosotros. Se dieron las dos cosas al mismo tiempo&#8221;, record\u00f3 Mengarelli.<\/p>\n<p>&#8220;Cuando Carlos C\u00faster consigue la iglesia para que nos juntemos, nos enteramos que d\u00edas antes hab\u00eda secuestrado a las primeras Madres de Plaza de Mayo de ese mismo lugar. Las l\u00edneas nos un\u00edan eran antiburocracia, antimperialismo y antidictatorial, la contrapropuesta a Horvard&#8221;, afirm\u00f3 en otro tramo.<\/p>\n<p><img loading=\"lazy\" decoding=\"async\" class=\"wp-image-23659 alignright\" src=\"https:\/\/atecordoba.org\/wp-content\/uploads\/2020\/12\/10-12-Captura-Noelia-300x188.jpg\" alt=\"\" width=\"475\" height=\"298\" srcset=\"https:\/\/atecordoba.org\/wp-content\/uploads\/2020\/12\/10-12-Captura-Noelia-300x188.jpg 300w, https:\/\/atecordoba.org\/wp-content\/uploads\/2020\/12\/10-12-Captura-Noelia-1024x640.jpg 1024w, https:\/\/atecordoba.org\/wp-content\/uploads\/2020\/12\/10-12-Captura-Noelia-768x480.jpg 768w, https:\/\/atecordoba.org\/wp-content\/uploads\/2020\/12\/10-12-Captura-Noelia-750x469.jpg 750w, https:\/\/atecordoba.org\/wp-content\/uploads\/2020\/12\/10-12-Captura-Noelia-1140x713.jpg 1140w, https:\/\/atecordoba.org\/wp-content\/uploads\/2020\/12\/10-12-Captura-Noelia.jpg 1440w\" sizes=\"auto, (max-width: 475px) 100vw, 475px\" \/>Tras cart\u00f3n habl\u00f3 Noelia Guzm\u00e1n, \u00fanica mujer parte de esa lista que recuper\u00f3 el sindicato.<\/p>\n<p>La pampeana Noeli Guzman, del Centro de Jubilados de ATE Nacional, form\u00f3 parte de la primera comisi\u00f3n directiva de ATE nacional cuando se recuper\u00f3 le gremio de las garras de la burocracia. La dirigente record\u00f3 que &#8220;en el 76 cuando vino el golpe est\u00e1bamos hace un mes con una olla popular. Me armaron un sumario porque armamos una colecta para un compa\u00f1ero enfermo y me echaron. En el 78 Carlos C\u00faster me cont\u00f3 lo que estaban haciendo con la agrupaci\u00f3n, yo lo conoc\u00eda de la democracia cristiana&#8221;.<\/p>\n<p>Guzman destac\u00f3 que &#8220;hab\u00eda que ser muy valiente para plantarse y rescatar el sindicato de las manos de Horvard, con tanta fuerza y convicci\u00f3n.\u00a0Quiero dedicarle este homenaje a quien nos abandon\u00f3 hace 10 d\u00edas, Segundo Pineda Pacheco&#8221;.<\/p>\n<p><strong>Carlos Custer<\/strong><\/p>\n<p>A su vez, el dirigente Carlos C\u00faster, de gran relevancia como dirigente sindical a nivel nacional e internacional record\u00f3 en cuanto a la fundaci\u00f3n de Anusate que &#8220;es una agrupaci\u00f3n at\u00edpica. En general las agrupaciones sirven como instrumentos electorales, para armar listas y sin m\u00e1s continuidad. Pero Anusate, por su trascendencia, tiene presente y futuro&#8221;.<\/p>\n<p><img loading=\"lazy\" decoding=\"async\" class=\" wp-image-23656 alignleft\" src=\"https:\/\/atecordoba.org\/wp-content\/uploads\/2020\/12\/10-12-Captura-Custer-300x188.jpg\" alt=\"\" width=\"476\" height=\"298\" srcset=\"https:\/\/atecordoba.org\/wp-content\/uploads\/2020\/12\/10-12-Captura-Custer-300x188.jpg 300w, https:\/\/atecordoba.org\/wp-content\/uploads\/2020\/12\/10-12-Captura-Custer-1024x640.jpg 1024w, https:\/\/atecordoba.org\/wp-content\/uploads\/2020\/12\/10-12-Captura-Custer-768x480.jpg 768w, https:\/\/atecordoba.org\/wp-content\/uploads\/2020\/12\/10-12-Captura-Custer-750x469.jpg 750w, https:\/\/atecordoba.org\/wp-content\/uploads\/2020\/12\/10-12-Captura-Custer-1140x713.jpg 1140w, https:\/\/atecordoba.org\/wp-content\/uploads\/2020\/12\/10-12-Captura-Custer.jpg 1440w\" sizes=\"auto, (max-width: 476px) 100vw, 476px\" \/>&#8220;La agrupaci\u00f3n tiene ciertos valores, personales, culturales y pol\u00edticos. Defendemos al estado porque creemos que es el \u00fanico articulador para las pol\u00edticas del bien com\u00fan, promoviendo una articulaci\u00f3n y planificaci\u00f3n ordenada y prioritaria del desarrollo&#8221;, dijo el ex embajador de N\u00e9stor Kirchner en el Vaticano.<\/p>\n<p>&#8220;Tenemos un pensamiento pol\u00edtico, que no es partidista, porque somos conscientes que en el sindicato est\u00e1n quienes provienen de distintas experiencias partidarias. Y tambi\u00e9n en la agrupaci\u00f3n. Eso es lo importante para darle continuidad a la formaci\u00f3n de cuadros dentro de la agrupaci\u00f3n. Con autonom\u00eda sindical, democracia interna, respeto al pluralismo, capacidad de una gesti\u00f3n eficiente, honesta y responsable, y yo estoy orgullos de los compa\u00f1eros que tenemos, con una conducta extraordinaria. Me parece que a eso tenemos que darle trascendencia&#8221;.<\/p>\n<p>C\u00faster hizo un reconocimiento al Incasur (Instituto de Capacitaci\u00f3n del Sur) &#8220;que siempre nos invitaban como oradores de los seminarios y nos permit\u00eda hacer contacto con gente en las provincias&#8221;.<\/p>\n<p><strong>V\u00edctor De Gennaro<\/strong><\/p>\n<p>Por \u00faltimo, V\u00edctor De Gennaro comenz\u00f3 apuntando que &#8220;los dirigentes somos una hojita en la tormenta si no estamos enraizados en la lucha colectiva de la clase trabajadora. Somos un emergente. Fui secretario General por generosidad de H\u00e9ctor Quagliaro, adem\u00e1s de por laburo y lo que fuera. \u00a0Y porque fui el emergente de ese colectivo que es Anusate&#8221;.<\/p>\n<p><img loading=\"lazy\" decoding=\"async\" class=\" wp-image-23649 alignright\" src=\"https:\/\/atecordoba.org\/wp-content\/uploads\/2020\/12\/10-12-Captur-De-Genaro-300x188.jpg\" alt=\"\" width=\"512\" height=\"321\" srcset=\"https:\/\/atecordoba.org\/wp-content\/uploads\/2020\/12\/10-12-Captur-De-Genaro-300x188.jpg 300w, https:\/\/atecordoba.org\/wp-content\/uploads\/2020\/12\/10-12-Captur-De-Genaro-1024x640.jpg 1024w, https:\/\/atecordoba.org\/wp-content\/uploads\/2020\/12\/10-12-Captur-De-Genaro-768x480.jpg 768w, https:\/\/atecordoba.org\/wp-content\/uploads\/2020\/12\/10-12-Captur-De-Genaro-750x469.jpg 750w, https:\/\/atecordoba.org\/wp-content\/uploads\/2020\/12\/10-12-Captur-De-Genaro-1140x713.jpg 1140w, https:\/\/atecordoba.org\/wp-content\/uploads\/2020\/12\/10-12-Captur-De-Genaro.jpg 1440w\" sizes=\"auto, (max-width: 512px) 100vw, 512px\" \/>Luego se pregunt\u00f3 &#8220;\u00bfQu\u00e9 es Anusate hoy? \u00bfQu\u00e9 significa? \u00bfQu\u00e9 hacemos? Estamos recuperando esta historia y compartiendo estos afectos gracias a que ustedes ganaron. Si estamos hablando de esto es porque triunfaron, si no estar\u00edamos hablando de otra cosa&#8221;.<\/p>\n<p>&#8220;Como dec\u00eda Cacho, nos conocimos en el hotel de La Falda donde est\u00e1bamos decidimos a hacer cualquier cosa para echar a Horvard. Quagliaro nos convenci\u00f3 que no, y tuvo raz\u00f3n.\u00a0En ese noviembre del 76 yo le hab\u00eda visado a mi mujer Virginia que capaz no volv\u00eda a casa y terminaba en cana, fuimos a ese congreso a lo que d\u00e9 lugar. \u00a0En la CD de ATE \u00e9ramos 7 los que pens\u00e1bamos as\u00ed: Sbarbatti (adjunto), Walter Rodr\u00edguez, Daldini, hab\u00eda una parte importante de ATE que estaba en contra de lo que hac\u00eda Horvard&#8221;.<\/p>\n<p>De Gennaro explic\u00f3 que &#8220;(Carlos) Horvard no solo era un bur\u00f3crata, era adem\u00e1s un bot\u00f3n, un hombre de la Marina que hab\u00eda sido parte de un proceso donde el enemigo form\u00f3 gente para jugar en pol\u00edtica. Por eso se fue con Serrano, otro oficial de la Marina, a Ginebra a bancar la Dictadura&#8221;.<\/p>\n<p>&#8220;Hubo una pol\u00edtica desde el poder y desde la resistencia&#8221;, a\u00f1adi\u00f3.<\/p>\n<p>El fundador de la Central de Trabajadores Argentinos dijo que tras el congreso nacional de ATE de La Falda 2salimos de C\u00f3rdoba y le dije a Andr\u00e9s P\u00e9rez \u201csi no lo echamos a Horvard nosotros, llegamos Buenos Aire y nos echa a nosotros\u201d. Dicho y hecho. Yo adem\u00e1s de vocal nacional era secretario de organizaci\u00f3n en ATE Capital y est\u00e1bamos en ebullici\u00f3n contra la prescindibilidad&#8221;.<\/p>\n<p>Seguidamente se\u00f1al\u00f3 que como sindicalista &#8220;uno puede ser ilegal, pero no clandestino. Que no te reconozca el patr\u00f3n, pero tus compa\u00f1eros te tienen que ver porque ah\u00ed est\u00e1 el poder del dirigente sindical, en los compa\u00f1eros. O representas al patr\u00f3n, como Horvard, o a los compa\u00f1eros, como nosotros. Esa era la disputa en ATE&#8221;.<\/p>\n<div style='display:none' class=\"jeg_preview_slider gallery_1\" data-selector='gallery_1'>\n                        <div class=\"jeg_preview_holder\">\n                            <div class=\"jeg_preview_media\">\n                        <div class=\"jeg_preview_media_holder\">\n                            <h3>&nbsp;<\/h3>\n                            <div class=\"fullscreen-switch\">\n                                <i class=\"fa\"><\/i>\n                            <\/div>\n                            <div class=\"jeg_preview_media_content\">\n                                <div class=\"jeg_preview_media_content_holder_padding\">\n                                    <div class=\"jeg_preview_media_content_holder\"><\/div>\n                                <\/div>\n                                <div class=\"jeg_preview_media_content_navigation\">\n                                    <div class=\"prev\">\n\t\t\t\t\t\t\t\t\t\t<i class=\"fa\"><\/i>\n\t\t\t\t\t\t\t\t\t<\/div>\n                                    <div class=\"next\">\n\t\t\t\t\t\t\t\t\t\t<i class=\"fa\"><\/i>\n\t\t\t\t\t\t\t\t\t<\/div>\n                                <\/div>\n                                <div class='preview-slider-overlay'>\n                                    <div class='preloader_type preloader_dot'>\n                                        <div class=\"module-preloader jeg_preloader dot\">\n                                            <span><\/span><span><\/span><span><\/span>\n                                        <\/div>\n                                        <div class=\"module-preloader jeg_preloader circle\">\n                                            <div class=\"jnews_preloader_circle_outer\">\n                                                <div class=\"jnews_preloader_circle_inner\"><\/div>\n                                            <\/div>\n                                        <\/div>\n                                        <div class=\"module-preloader jeg_preloader square\">\n                                            <div class=\"jeg_square\">\n                                                <div class=\"jeg_square_inner\"><\/div>\n                                            <\/div>\n                                        <\/div>\n                                    <\/div>\n                                <\/div>\n                            <\/div>\n                            <div class=\"jeg_preview_control\">\n                                <div class=\"left_control\">\n                                    <div class=\"counter\"><span class=\"current\">1<\/span> de  10<\/div>\n                                    <div class=\"subtitle\"><\/div>\n                                <\/div>\n                                <div class=\"zoom\">\n                                    <span class=\"reduce\">-<\/span>\n                                    <span class=\"increase\">+<\/span>\n                                <\/div>\n                            <\/div>\n                        <\/div>\n                    <\/div>\n\n                    <div class=\"jeg_preview_bottom_slider\">\n                        <a data-id=\"0\" data-title=\"\" data-image=\"https:\/\/atecordoba.org\/wp-content\/uploads\/2020\/12\/10-12-Captura-Peyrano.jpg\" href=\"https:\/\/atecordoba.org\/wp-content\/uploads\/2020\/12\/10-12-Captura-Peyrano.jpg\" class=\"jeg_preview_item active\">\n                            <div class=\"jeg_preview_item_thumbnail\">\n                                <img loading=\"lazy\" decoding=\"async\" width=\"120\" height=\"86\" src=\"https:\/\/atecordoba.org\/wp-content\/uploads\/2020\/12\/10-12-Captura-Peyrano-120x86.jpg\" class=\"attachment-jnews-120x86 size-jnews-120x86\" alt=\"\" srcset=\"https:\/\/atecordoba.org\/wp-content\/uploads\/2020\/12\/10-12-Captura-Peyrano-120x86.jpg 120w, https:\/\/atecordoba.org\/wp-content\/uploads\/2020\/12\/10-12-Captura-Peyrano-350x250.jpg 350w, https:\/\/atecordoba.org\/wp-content\/uploads\/2020\/12\/10-12-Captura-Peyrano-750x536.jpg 750w, https:\/\/atecordoba.org\/wp-content\/uploads\/2020\/12\/10-12-Captura-Peyrano-1140x815.jpg 1140w\" sizes=\"auto, (max-width: 120px) 100vw, 120px\" \/>\n                            <\/div>\n                        <\/a><a data-id=\"1\" data-title=\"\" data-image=\"https:\/\/atecordoba.org\/wp-content\/uploads\/2020\/12\/10-12-Captura-Noelia.jpg\" href=\"https:\/\/atecordoba.org\/wp-content\/uploads\/2020\/12\/10-12-Captura-Noelia.jpg\" class=\"jeg_preview_item \">\n                            <div class=\"jeg_preview_item_thumbnail\">\n                                <img loading=\"lazy\" decoding=\"async\" width=\"120\" height=\"86\" src=\"https:\/\/atecordoba.org\/wp-content\/uploads\/2020\/12\/10-12-Captura-Noelia-120x86.jpg\" class=\"attachment-jnews-120x86 size-jnews-120x86\" alt=\"\" srcset=\"https:\/\/atecordoba.org\/wp-content\/uploads\/2020\/12\/10-12-Captura-Noelia-120x86.jpg 120w, https:\/\/atecordoba.org\/wp-content\/uploads\/2020\/12\/10-12-Captura-Noelia-350x250.jpg 350w, https:\/\/atecordoba.org\/wp-content\/uploads\/2020\/12\/10-12-Captura-Noelia-750x536.jpg 750w, https:\/\/atecordoba.org\/wp-content\/uploads\/2020\/12\/10-12-Captura-Noelia-1140x815.jpg 1140w\" sizes=\"auto, (max-width: 120px) 100vw, 120px\" \/>\n                            <\/div>\n                        <\/a><a data-id=\"2\" data-title=\"\" data-image=\"https:\/\/atecordoba.org\/wp-content\/uploads\/2020\/12\/10-12-Captura-Garzon.jpg\" href=\"https:\/\/atecordoba.org\/wp-content\/uploads\/2020\/12\/10-12-Captura-Garzon.jpg\" class=\"jeg_preview_item \">\n                            <div class=\"jeg_preview_item_thumbnail\">\n                                <img loading=\"lazy\" decoding=\"async\" width=\"120\" height=\"86\" src=\"https:\/\/atecordoba.org\/wp-content\/uploads\/2020\/12\/10-12-Captura-Garzon-120x86.jpg\" class=\"attachment-jnews-120x86 size-jnews-120x86\" alt=\"\" srcset=\"https:\/\/atecordoba.org\/wp-content\/uploads\/2020\/12\/10-12-Captura-Garzon-120x86.jpg 120w, https:\/\/atecordoba.org\/wp-content\/uploads\/2020\/12\/10-12-Captura-Garzon-350x250.jpg 350w\" sizes=\"auto, (max-width: 120px) 100vw, 120px\" \/>\n                            <\/div>\n                        <\/a><a data-id=\"3\" data-title=\"\" data-image=\"https:\/\/atecordoba.org\/wp-content\/uploads\/2020\/12\/10-12-Captura-Edith.jpg\" href=\"https:\/\/atecordoba.org\/wp-content\/uploads\/2020\/12\/10-12-Captura-Edith.jpg\" class=\"jeg_preview_item \">\n                            <div class=\"jeg_preview_item_thumbnail\">\n                                <img loading=\"lazy\" decoding=\"async\" width=\"120\" height=\"86\" src=\"https:\/\/atecordoba.org\/wp-content\/uploads\/2020\/12\/10-12-Captura-Edith-120x86.jpg\" class=\"attachment-jnews-120x86 size-jnews-120x86\" alt=\"\" srcset=\"https:\/\/atecordoba.org\/wp-content\/uploads\/2020\/12\/10-12-Captura-Edith-120x86.jpg 120w, https:\/\/atecordoba.org\/wp-content\/uploads\/2020\/12\/10-12-Captura-Edith-350x250.jpg 350w, https:\/\/atecordoba.org\/wp-content\/uploads\/2020\/12\/10-12-Captura-Edith-750x536.jpg 750w, https:\/\/atecordoba.org\/wp-content\/uploads\/2020\/12\/10-12-Captura-Edith-1140x815.jpg 1140w\" sizes=\"auto, (max-width: 120px) 100vw, 120px\" \/>\n                            <\/div>\n                        <\/a><a data-id=\"4\" data-title=\"\" data-image=\"https:\/\/atecordoba.org\/wp-content\/uploads\/2020\/12\/10-12-Captura-Bracamonte.jpg\" href=\"https:\/\/atecordoba.org\/wp-content\/uploads\/2020\/12\/10-12-Captura-Bracamonte.jpg\" class=\"jeg_preview_item \">\n                            <div class=\"jeg_preview_item_thumbnail\">\n                                <img loading=\"lazy\" decoding=\"async\" width=\"120\" height=\"86\" src=\"https:\/\/atecordoba.org\/wp-content\/uploads\/2020\/12\/10-12-Captura-Bracamonte-120x86.jpg\" class=\"attachment-jnews-120x86 size-jnews-120x86\" alt=\"\" srcset=\"https:\/\/atecordoba.org\/wp-content\/uploads\/2020\/12\/10-12-Captura-Bracamonte-120x86.jpg 120w, https:\/\/atecordoba.org\/wp-content\/uploads\/2020\/12\/10-12-Captura-Bracamonte-350x250.jpg 350w, https:\/\/atecordoba.org\/wp-content\/uploads\/2020\/12\/10-12-Captura-Bracamonte-750x536.jpg 750w, https:\/\/atecordoba.org\/wp-content\/uploads\/2020\/12\/10-12-Captura-Bracamonte-1140x815.jpg 1140w\" sizes=\"auto, (max-width: 120px) 100vw, 120px\" \/>\n                            <\/div>\n                        <\/a><a data-id=\"5\" data-title=\"\" data-image=\"https:\/\/atecordoba.org\/wp-content\/uploads\/2020\/12\/10-12-Captura-4.jpg\" href=\"https:\/\/atecordoba.org\/wp-content\/uploads\/2020\/12\/10-12-Captura-4.jpg\" class=\"jeg_preview_item \">\n                            <div class=\"jeg_preview_item_thumbnail\">\n                                <img loading=\"lazy\" decoding=\"async\" width=\"120\" height=\"86\" src=\"https:\/\/atecordoba.org\/wp-content\/uploads\/2020\/12\/10-12-Captura-4-120x86.jpg\" class=\"attachment-jnews-120x86 size-jnews-120x86\" alt=\"\" srcset=\"https:\/\/atecordoba.org\/wp-content\/uploads\/2020\/12\/10-12-Captura-4-120x86.jpg 120w, https:\/\/atecordoba.org\/wp-content\/uploads\/2020\/12\/10-12-Captura-4-350x250.jpg 350w, https:\/\/atecordoba.org\/wp-content\/uploads\/2020\/12\/10-12-Captura-4-750x536.jpg 750w, https:\/\/atecordoba.org\/wp-content\/uploads\/2020\/12\/10-12-Captura-4-1140x815.jpg 1140w\" sizes=\"auto, (max-width: 120px) 100vw, 120px\" \/>\n                            <\/div>\n                        <\/a><a data-id=\"6\" data-title=\"\" data-image=\"https:\/\/atecordoba.org\/wp-content\/uploads\/2020\/12\/10-12-Captura-5.jpg\" href=\"https:\/\/atecordoba.org\/wp-content\/uploads\/2020\/12\/10-12-Captura-5.jpg\" class=\"jeg_preview_item \">\n                            <div class=\"jeg_preview_item_thumbnail\">\n                                <img loading=\"lazy\" decoding=\"async\" width=\"120\" height=\"86\" src=\"https:\/\/atecordoba.org\/wp-content\/uploads\/2020\/12\/10-12-Captura-5-120x86.jpg\" class=\"attachment-jnews-120x86 size-jnews-120x86\" alt=\"\" srcset=\"https:\/\/atecordoba.org\/wp-content\/uploads\/2020\/12\/10-12-Captura-5-120x86.jpg 120w, https:\/\/atecordoba.org\/wp-content\/uploads\/2020\/12\/10-12-Captura-5-350x250.jpg 350w, https:\/\/atecordoba.org\/wp-content\/uploads\/2020\/12\/10-12-Captura-5-750x536.jpg 750w, https:\/\/atecordoba.org\/wp-content\/uploads\/2020\/12\/10-12-Captura-5-1140x815.jpg 1140w\" sizes=\"auto, (max-width: 120px) 100vw, 120px\" \/>\n                            <\/div>\n                        <\/a><a data-id=\"7\" data-title=\"\" data-image=\"https:\/\/atecordoba.org\/wp-content\/uploads\/2020\/12\/10-12-Captura-2.jpg\" href=\"https:\/\/atecordoba.org\/wp-content\/uploads\/2020\/12\/10-12-Captura-2.jpg\" class=\"jeg_preview_item \">\n                            <div class=\"jeg_preview_item_thumbnail\">\n                                <img loading=\"lazy\" decoding=\"async\" width=\"120\" height=\"86\" src=\"https:\/\/atecordoba.org\/wp-content\/uploads\/2020\/12\/10-12-Captura-2-120x86.jpg\" class=\"attachment-jnews-120x86 size-jnews-120x86\" alt=\"\" srcset=\"https:\/\/atecordoba.org\/wp-content\/uploads\/2020\/12\/10-12-Captura-2-120x86.jpg 120w, https:\/\/atecordoba.org\/wp-content\/uploads\/2020\/12\/10-12-Captura-2-350x250.jpg 350w, https:\/\/atecordoba.org\/wp-content\/uploads\/2020\/12\/10-12-Captura-2-750x536.jpg 750w, https:\/\/atecordoba.org\/wp-content\/uploads\/2020\/12\/10-12-Captura-2-1140x815.jpg 1140w\" sizes=\"auto, (max-width: 120px) 100vw, 120px\" \/>\n                            <\/div>\n                        <\/a><a data-id=\"8\" data-title=\"\" data-image=\"https:\/\/atecordoba.org\/wp-content\/uploads\/2020\/12\/10-12-Captur-Juli.jpg\" href=\"https:\/\/atecordoba.org\/wp-content\/uploads\/2020\/12\/10-12-Captur-Juli.jpg\" class=\"jeg_preview_item \">\n                            <div class=\"jeg_preview_item_thumbnail\">\n                                <img loading=\"lazy\" decoding=\"async\" width=\"120\" height=\"86\" src=\"https:\/\/atecordoba.org\/wp-content\/uploads\/2020\/12\/10-12-Captur-Juli-120x86.jpg\" class=\"attachment-jnews-120x86 size-jnews-120x86\" alt=\"\" srcset=\"https:\/\/atecordoba.org\/wp-content\/uploads\/2020\/12\/10-12-Captur-Juli-120x86.jpg 120w, https:\/\/atecordoba.org\/wp-content\/uploads\/2020\/12\/10-12-Captur-Juli-350x250.jpg 350w\" sizes=\"auto, (max-width: 120px) 100vw, 120px\" \/>\n                            <\/div>\n                        <\/a><a data-id=\"9\" data-title=\"\" data-image=\"https:\/\/atecordoba.org\/wp-content\/uploads\/2020\/12\/10-12-Captura.jpg\" href=\"https:\/\/atecordoba.org\/wp-content\/uploads\/2020\/12\/10-12-Captura.jpg\" class=\"jeg_preview_item \">\n                            <div class=\"jeg_preview_item_thumbnail\">\n                                <img loading=\"lazy\" decoding=\"async\" width=\"120\" height=\"86\" src=\"https:\/\/atecordoba.org\/wp-content\/uploads\/2020\/12\/10-12-Captura-120x86.jpg\" class=\"attachment-jnews-120x86 size-jnews-120x86\" alt=\"\" srcset=\"https:\/\/atecordoba.org\/wp-content\/uploads\/2020\/12\/10-12-Captura-120x86.jpg 120w, https:\/\/atecordoba.org\/wp-content\/uploads\/2020\/12\/10-12-Captura-350x250.jpg 350w, https:\/\/atecordoba.org\/wp-content\/uploads\/2020\/12\/10-12-Captura-750x536.jpg 750w, https:\/\/atecordoba.org\/wp-content\/uploads\/2020\/12\/10-12-Captura-1140x815.jpg 1140w\" sizes=\"auto, (max-width: 120px) 100vw, 120px\" \/>\n                            <\/div>\n                        <\/a>\n                    <\/div>\n                        <\/div>\n                        <div class=\"jeg_preview_description\">\n                            \n                            <div class=\"jeg_preview_description_wrapper\">\n                            \n                            <\/div>\n                        <\/div>\n                        <script>\n                            var gallery_1 = {\n                                rtl: false,\n                                native_zoom: false,\n                                zoom_max: 5,\n                                zoom_step: 40,\n                                image_sequence: [{\"src\":\"https:\\\/\\\/atecordoba.org\\\/wp-content\\\/uploads\\\/2020\\\/12\\\/10-12-Captura-Peyrano.jpg\",\"w\":1440,\"h\":900,\"title\":\"\"},{\"src\":\"https:\\\/\\\/atecordoba.org\\\/wp-content\\\/uploads\\\/2020\\\/12\\\/10-12-Captura-Noelia.jpg\",\"w\":1440,\"h\":900,\"title\":\"\"},{\"src\":\"https:\\\/\\\/atecordoba.org\\\/wp-content\\\/uploads\\\/2020\\\/12\\\/10-12-Captura-Garzon.jpg\",\"w\":668,\"h\":384,\"title\":\"\"},{\"src\":\"https:\\\/\\\/atecordoba.org\\\/wp-content\\\/uploads\\\/2020\\\/12\\\/10-12-Captura-Edith.jpg\",\"w\":1440,\"h\":900,\"title\":\"\"},{\"src\":\"https:\\\/\\\/atecordoba.org\\\/wp-content\\\/uploads\\\/2020\\\/12\\\/10-12-Captura-Bracamonte.jpg\",\"w\":1440,\"h\":900,\"title\":\"\"},{\"src\":\"https:\\\/\\\/atecordoba.org\\\/wp-content\\\/uploads\\\/2020\\\/12\\\/10-12-Captura-4.jpg\",\"w\":1440,\"h\":900,\"title\":\"\"},{\"src\":\"https:\\\/\\\/atecordoba.org\\\/wp-content\\\/uploads\\\/2020\\\/12\\\/10-12-Captura-5.jpg\",\"w\":1440,\"h\":900,\"title\":\"\"},{\"src\":\"https:\\\/\\\/atecordoba.org\\\/wp-content\\\/uploads\\\/2020\\\/12\\\/10-12-Captura-2.jpg\",\"w\":1440,\"h\":900,\"title\":\"\"},{\"src\":\"https:\\\/\\\/atecordoba.org\\\/wp-content\\\/uploads\\\/2020\\\/12\\\/10-12-Captur-Juli.jpg\",\"w\":640,\"h\":362,\"title\":\"\"},{\"src\":\"https:\\\/\\\/atecordoba.org\\\/wp-content\\\/uploads\\\/2020\\\/12\\\/10-12-Captura.jpg\",\"w\":1440,\"h\":900,\"title\":\"\"}]\n                            };\n                        <\/script>\n                    <\/div>\n<p>Tambi\u00e9n recod\u00f3 que &#8220;nos echan \u201cpor c\u00e1nticos montoneros\u201d. Flor de hijo de puta hay que ese para poner eso en un acta en aquel momento. En realidad al que quer\u00edan echar era a Quagliaro, porque nos hab\u00eda juntado y tra\u00eda la historia de la CGT de los Argentinos, del Rosariazo, de la Resistencia. Quagliaro era el que compet\u00eda por la conducci\u00f3n con Horvard y no pod\u00eda coronar porque la burocracia controlada ATE Capital. Cuando la ganamos nosotros se le desparrama el poder a Horvard y ganan los j\u00f3venes en R\u00edo Tercero, y gana Contreras en Rosario que era un pibe, gana Jorge Acedo, en La Pampa ganan los compa\u00f1eros que estaban en la oposici\u00f3n, en Misiones todo el Partido Aut\u00e9ntico con militantes haciendo fuerza con nosotros; en San Luis, con compa\u00f1eros como D\u00edaz. Quagliaro expresaba toda esa corriente. Ganamos Capital y viene el golpe, pero con Quagliaro est\u00e1bamos ah\u00ed (de lograrlo). Nacemos de esa historia&#8221;.<\/p>\n<p>y cont\u00f3 que &#8220;a H\u00e9ctor lo echaron. Lo fuimos a saludar a los departamentos de Colombres, donde paraba Quagliaro, como para solidarizarnos. Tomando unos mates, charlando, nos pregunt\u00e1bamos \u2018qu\u00e9 \u00edbamos a hacer con toda esta pelea\u2019. Y nos responde \u2018c\u00f3mo que qu\u00e9 vamos a hacer? Hay que hacer la agrupaci\u00f3n\u2019. Nosotros no sab\u00edamos qu\u00e9 era una agrupaci\u00f3n&#8221;.<\/p>\n<p>&#8220;Las agrupaciones fueron las estructuras de resistencia del \u201955 hasta el \u201958 cuando comenz\u00f3 a recuperarse la historia de los gremios. Cuando no hubo gremio, hubo agrupaci\u00f3n. Los trabajadores nos organizamos en agrupaciones. Ah\u00ed aprend\u00ed una cosa muy importante: la legalidad no da una organizaci\u00f3n sindical, el poder te puede reconocer pero la legitimidad te la dan los compa\u00f1eros, la agrupaci\u00f3n es una organizaci\u00f3n pol\u00edtico-sindical. Fueron las 62 organizaciones, donde al principios hab\u00eda peronistas y comunistas, las conducciones reales de los gremios. La dictadura intervino todos los gremios en el \u201955 pero el sindicato de la carne hizo la gran lucha contra la privatizaci\u00f3n del famoso Frigor\u00edfico Lisandro De la Torre, con la agrupaci\u00f3n, no hab\u00eda sindicato. Qu\u00e9 es una agrupaci\u00f3n? Un conjunto de trabajadores que se re\u00fanen para defender sus derechos y transformar la realidad&#8221;, agreg\u00f3 en otro tramo.<\/p>\n<p>La charla se extendi\u00f3 por m\u00e1s de dos horas, con intervenciones de diversos compa\u00f1eros que enriquecieron un emocionante instancia de participaci\u00f3n y formaci\u00f3n.<\/p>\n<p>Puede verse completa aqu\u00ed<\/p>\n<p><iframe loading=\"lazy\" style=\"border: none; overflow: hidden;\" src=\"https:\/\/www.facebook.com\/plugins\/video.php?href=https%3A%2F%2Fwww.facebook.com%2Fatecba%2Fvideos%2F907390800048257%2F&amp;show_text=1&amp;width=560\" width=\"560\" height=\"544\" frameborder=\"0\" scrolling=\"no\" allowfullscreen=\"allowfullscreen\"><\/iframe><\/p>\n","protected":false},"excerpt":{"rendered":"<p>Ayer por la tarde se llev\u00f3 a cabo un encuentro virtual organizado por ATE C\u00f3rdoba donde se celebr\u00f3 el 43\u00ba aniversario de la fundaci\u00f3n de la Agrupaci\u00f3n Anusate, organizaci\u00f3n creada para recuperar el gremio de las manos del bur\u00f3crata y colaboracionista de la dictadura Carlos Horvard, y que cuatro d\u00e9cadas despu\u00e9s contin\u00faa conduciendo ATE. La [&hellip;]<\/p>\n","protected":false},"author":7,"featured_media":23647,"comment_status":"open","ping_status":"open","sticky":true,"template":"","format":"standard","meta":{"_exactmetrics_skip_tracking":false,"_exactmetrics_sitenote_active":false,"_exactmetrics_sitenote_note":"","_exactmetrics_sitenote_category":0,"jnews-multi-image_gallery":[],"jnews_single_post":{"source_name":"","source_url":"","via_name":"","via_url":"","override_template":"0","override":[{"template":"1","single_blog_custom":"","parallax":"1","fullscreen":"0","layout":"right-sidebar","sidebar":"default-sidebar","second_sidebar":"default-sidebar","sticky_sidebar":"1","share_position":"top","share_float_style":"share-monocrhome","show_share_counter":"1","show_view_counter":"1","show_featured":"1","show_post_meta":"1","show_post_author":"1","show_post_author_image":"1","show_post_date":"1","post_date_format":"default","post_date_format_custom":"Y\/m\/d","show_post_category":"1","show_post_reading_time":"0","post_reading_time_wpm":"300","show_zoom_button":"0","zoom_button_out_step":"2","zoom_button_in_step":"3","show_post_tag":"1","show_prev_next_post":"1","show_popup_post":"1","number_popup_post":"1","show_author_box":"0","show_post_related":"0","show_inline_post_related":"0"}],"override_image_size":"0","image_override":[{"single_post_thumbnail_size":"crop-500","single_post_gallery_size":"crop-500"}],"trending_post":"0","trending_post_position":"meta","trending_post_label":"Trending","sponsored_post":"0","sponsored_post_label":"Sponsored by","sponsored_post_name":"","sponsored_post_url":"","sponsored_post_logo_enable":"0","sponsored_post_logo":"","sponsored_post_desc":""},"jnews_primary_category":{"id":""},"jnews_social_meta":{"fb_title":"","fb_description":"","fb_image":"","twitter_title":"","twitter_description":"","twitter_image":""},"jnews_review":[],"enable_review":"0","type":"percentage","name":"","summary":"","brand":"","sku":"","good":[{"good_text":""}],"bad":[{"bad_text":""}],"score_override":"","override_value":"","rating":[{"rating_text":"","rating_number":"10"}],"price":[{"shop":"","price":"","link":"","icon":""}],"jnews_override_counter":{"override_view_counter":"0","view_counter_number":"0","override_share_counter":"0","share_counter_number":"0","override_like_counter":"0","like_counter_number":"0","override_dislike_counter":"0","dislike_counter_number":"0"},"jnews_post_split":{"enable_post_split":"0","post_split":[{"template":"1","tag":"h2","numbering":"asc","mode":"normal"}]},"footnotes":""},"categories":[10],"tags":[732],"class_list":["post-23646","post","type-post","status-publish","format-standard","has-post-thumbnail","hentry","category-accion-politica","tag-anusate"],"jetpack_featured_media_url":"https:\/\/atecordoba.org\/wp-content\/uploads\/2020\/12\/10-12-Captura.jpg","_links":{"self":[{"href":"https:\/\/atecordoba.org\/index.php?rest_route=\/wp\/v2\/posts\/23646","targetHints":{"allow":["GET"]}}],"collection":[{"href":"https:\/\/atecordoba.org\/index.php?rest_route=\/wp\/v2\/posts"}],"about":[{"href":"https:\/\/atecordoba.org\/index.php?rest_route=\/wp\/v2\/types\/post"}],"author":[{"embeddable":true,"href":"https:\/\/atecordoba.org\/index.php?rest_route=\/wp\/v2\/users\/7"}],"replies":[{"embeddable":true,"href":"https:\/\/atecordoba.org\/index.php?rest_route=%2Fwp%2Fv2%2Fcomments&post=23646"}],"version-history":[{"count":3,"href":"https:\/\/atecordoba.org\/index.php?rest_route=\/wp\/v2\/posts\/23646\/revisions"}],"predecessor-version":[{"id":23663,"href":"https:\/\/atecordoba.org\/index.php?rest_route=\/wp\/v2\/posts\/23646\/revisions\/23663"}],"wp:featuredmedia":[{"embeddable":true,"href":"https:\/\/atecordoba.org\/index.php?rest_route=\/wp\/v2\/media\/23647"}],"wp:attachment":[{"href":"https:\/\/atecordoba.org\/index.php?rest_route=%2Fwp%2Fv2%2Fmedia&parent=23646"}],"wp:term":[{"taxonomy":"category","embeddable":true,"href":"https:\/\/atecordoba.org\/index.php?rest_route=%2Fwp%2Fv2%2Fcategories&post=23646"},{"taxonomy":"post_tag","embeddable":true,"href":"https:\/\/atecordoba.org\/index.php?rest_route=%2Fwp%2Fv2%2Ftags&post=23646"}],"curies":[{"name":"wp","href":"https:\/\/api.w.org\/{rel}","templated":true}]}}