{"id":23639,"date":"2020-12-11T10:48:29","date_gmt":"2020-12-11T13:48:29","guid":{"rendered":"https:\/\/atecordoba.org\/?p=23639"},"modified":"2020-12-11T10:48:29","modified_gmt":"2020-12-11T13:48:29","slug":"la-senaf-de-rio-cuarto-se-incorpora-a-ate","status":"publish","type":"post","link":"https:\/\/atecordoba.org\/?p=23639","title":{"rendered":"La Senaf de R\u00edo Cuarto se incorpora a ATE"},"content":{"rendered":"<p><img loading=\"lazy\" decoding=\"async\" class=\" wp-image-23637 aligncenter\" src=\"https:\/\/atecordoba.org\/wp-content\/uploads\/2020\/12\/senaf-rio-4-300x156.jpg\" alt=\"\" width=\"600\" height=\"312\" srcset=\"https:\/\/atecordoba.org\/wp-content\/uploads\/2020\/12\/senaf-rio-4-300x156.jpg 300w, https:\/\/atecordoba.org\/wp-content\/uploads\/2020\/12\/senaf-rio-4.jpg 500w\" sizes=\"auto, (max-width: 600px) 100vw, 600px\" \/>Un nuevo sector se incorpora a la Seccional R\u00edo Cuarto de ATE.\u00a0La Secretaria General, Rafaela Alcoba, indic\u00f3 que luego de realizar algunos encuentros, las y los trabajadores de la Secretar\u00eda de Ni\u00f1ez, Adolescencia y Familia (SENAF) siguen eligiendo a ATE para organizarse y luchar.<\/p>\n<p>\u201cEl mi\u00e9rcoles nos reunimos en ATE para definir el pedido de audiencia que se solicitar\u00e1 de manera formal con varios puntos a discutir\u201d, agreg\u00f3 Alcoba.<\/p>\n<p>En ese marco, unos de los puntos que se plantear\u00e1 ser\u00e1 la precarizaci\u00f3n de las y los compa\u00f1eros en el sector.<\/p>\n","protected":false},"excerpt":{"rendered":"<p>Un nuevo sector se incorpora a la Seccional R\u00edo Cuarto de ATE.\u00a0La Secretaria General, Rafaela Alcoba, indic\u00f3 que luego de realizar algunos encuentros, las y los trabajadores de la Secretar\u00eda de Ni\u00f1ez, Adolescencia y Familia (SENAF) siguen eligiendo a ATE para organizarse y luchar. \u201cEl mi\u00e9rcoles nos reunimos en ATE para definir el pedido de [&hellip;]<\/p>\n","protected":false},"author":7,"featured_media":23637,"comment_status":"open","ping_status":"open","sticky":true,"template":"","format":"standard","meta":{"_exactmetrics_skip_tracking":false,"_exactmetrics_sitenote_active":false,"_exactmetrics_sitenote_note":"","_exactmetrics_sitenote_category":0,"jnews-multi-image_gallery":[],"jnews_single_post":{"source_name":"","source_url":"","via_name":"","via_url":"","override_template":"0","override":[{"template":"1","single_blog_custom":"","parallax":"1","fullscreen":"0","layout":"right-sidebar","sidebar":"default-sidebar","second_sidebar":"default-sidebar","sticky_sidebar":"1","share_position":"top","share_float_style":"share-monocrhome","show_share_counter":"1","show_view_counter":"1","show_featured":"1","show_post_meta":"1","show_post_author":"1","show_post_author_image":"1","show_post_date":"1","post_date_format":"default","post_date_format_custom":"Y\/m\/d","show_post_category":"1","show_post_reading_time":"0","post_reading_time_wpm":"300","show_zoom_button":"0","zoom_button_out_step":"2","zoom_button_in_step":"3","show_post_tag":"1","show_prev_next_post":"1","show_popup_post":"1","number_popup_post":"1","show_author_box":"0","show_post_related":"0","show_inline_post_related":"0"}],"override_image_size":"0","image_override":[{"single_post_thumbnail_size":"crop-500","single_post_gallery_size":"crop-500"}],"trending_post":"0","trending_post_position":"meta","trending_post_label":"Trending","sponsored_post":"0","sponsored_post_label":"Sponsored by","sponsored_post_name":"","sponsored_post_url":"","sponsored_post_logo_enable":"0","sponsored_post_logo":"","sponsored_post_desc":""},"jnews_primary_category":{"id":""},"jnews_social_meta":{"fb_title":"","fb_description":"","fb_image":"","twitter_title":"","twitter_description":"","twitter_image":""},"jnews_review":[],"enable_review":"0","type":"percentage","name":"","summary":"","brand":"","sku":"","good":[{"good_text":""}],"bad":[{"bad_text":""}],"score_override":"","override_value":"","rating":[{"rating_text":"","rating_number":"10"}],"price":[{"shop":"","price":"","link":"","icon":""}],"jnews_override_counter":{"override_view_counter":"0","view_counter_number":"0","override_share_counter":"0","share_counter_number":"0","override_like_counter":"0","like_counter_number":"0","override_dislike_counter":"0","dislike_counter_number":"0"},"jnews_post_split":{"enable_post_split":"0","post_split":[{"template":"1","tag":"h2","numbering":"asc","mode":"normal"}]},"footnotes":""},"categories":[8,12],"tags":[457],"class_list":["post-23639","post","type-post","status-publish","format-standard","has-post-thumbnail","hentry","category-provinciales","category-rio-cuarto","tag-senaf"],"jetpack_featured_media_url":"https:\/\/atecordoba.org\/wp-content\/uploads\/2020\/12\/senaf-rio-4.jpg","_links":{"self":[{"href":"https:\/\/atecordoba.org\/index.php?rest_route=\/wp\/v2\/posts\/23639","targetHints":{"allow":["GET"]}}],"collection":[{"href":"https:\/\/atecordoba.org\/index.php?rest_route=\/wp\/v2\/posts"}],"about":[{"href":"https:\/\/atecordoba.org\/index.php?rest_route=\/wp\/v2\/types\/post"}],"author":[{"embeddable":true,"href":"https:\/\/atecordoba.org\/index.php?rest_route=\/wp\/v2\/users\/7"}],"replies":[{"embeddable":true,"href":"https:\/\/atecordoba.org\/index.php?rest_route=%2Fwp%2Fv2%2Fcomments&post=23639"}],"version-history":[{"count":1,"href":"https:\/\/atecordoba.org\/index.php?rest_route=\/wp\/v2\/posts\/23639\/revisions"}],"predecessor-version":[{"id":23640,"href":"https:\/\/atecordoba.org\/index.php?rest_route=\/wp\/v2\/posts\/23639\/revisions\/23640"}],"wp:featuredmedia":[{"embeddable":true,"href":"https:\/\/atecordoba.org\/index.php?rest_route=\/wp\/v2\/media\/23637"}],"wp:attachment":[{"href":"https:\/\/atecordoba.org\/index.php?rest_route=%2Fwp%2Fv2%2Fmedia&parent=23639"}],"wp:term":[{"taxonomy":"category","embeddable":true,"href":"https:\/\/atecordoba.org\/index.php?rest_route=%2Fwp%2Fv2%2Fcategories&post=23639"},{"taxonomy":"post_tag","embeddable":true,"href":"https:\/\/atecordoba.org\/index.php?rest_route=%2Fwp%2Fv2%2Ftags&post=23639"}],"curies":[{"name":"wp","href":"https:\/\/api.w.org\/{rel}","templated":true}]}}