{"id":23627,"date":"2020-12-10T15:03:08","date_gmt":"2020-12-10T18:03:08","guid":{"rendered":"https:\/\/atecordoba.org\/?p=23627"},"modified":"2020-12-10T15:16:05","modified_gmt":"2020-12-10T18:16:05","slug":"con-una-emotiva-serie-de-actos-el-cdp-homenajeo-el-dia-internacional-por-los-ddhh","status":"publish","type":"post","link":"https:\/\/atecordoba.org\/?p=23627","title":{"rendered":"Con una emotiva serie de actos el CDP homenaje\u00f3 el d\u00eda internacional por los DDHH"},"content":{"rendered":"<p><img loading=\"lazy\" decoding=\"async\" class=\" wp-image-23611 aligncenter\" src=\"https:\/\/atecordoba.org\/wp-content\/uploads\/2020\/12\/WhatsApp-Image-2020-12-10-at-10.27.04-2-300x149.jpeg\" sizes=\"auto, (max-width: 604px) 100vw, 604px\" srcset=\"https:\/\/atecordoba.org\/wp-content\/uploads\/2020\/12\/WhatsApp-Image-2020-12-10-at-10.27.04-2-300x149.jpeg 300w, https:\/\/atecordoba.org\/wp-content\/uploads\/2020\/12\/WhatsApp-Image-2020-12-10-at-10.27.04-2-1024x507.jpeg 1024w, https:\/\/atecordoba.org\/wp-content\/uploads\/2020\/12\/WhatsApp-Image-2020-12-10-at-10.27.04-2-768x380.jpeg 768w, https:\/\/atecordoba.org\/wp-content\/uploads\/2020\/12\/WhatsApp-Image-2020-12-10-at-10.27.04-2-360x180.jpeg 360w, https:\/\/atecordoba.org\/wp-content\/uploads\/2020\/12\/WhatsApp-Image-2020-12-10-at-10.27.04-2-750x371.jpeg 750w, https:\/\/atecordoba.org\/wp-content\/uploads\/2020\/12\/WhatsApp-Image-2020-12-10-at-10.27.04-2-1140x565.jpeg 1140w, https:\/\/atecordoba.org\/wp-content\/uploads\/2020\/12\/WhatsApp-Image-2020-12-10-at-10.27.04-2.jpeg 1280w\" alt=\"\" width=\"604\" height=\"300\" data-pin-no-hover=\"true\" \/>El Consejo Directivo Provincial de ATE C\u00f3rdoba realiz\u00f3 hoy una serie de emotivos actos recordatorios de un trabajador del Ministerio de Trabajo de la Naci\u00f3n, y afiliado de ATE, Guillermo Paryszewki, que result\u00f3 desaparecido y asesinado durante la dictadura c\u00edvico- militar y eclesi\u00e1stica, en el marco del homenaje que el CDP defini\u00f3 realizar por el D\u00eda Internacional de los Derechos Humanos.<\/p>\n<p>Las actividades estuvieron encabezadas por el secretario General de ATE C\u00f3rdoba, Federico Giuliani, y cont\u00f3 con la coordinaci\u00f3n del director del Departamento de DDHH del CDP, y secretario de Formaci\u00f3n, C\u00e9sar Theaux. Y contaron con la presencia del secretario General de ATE Nacional, Hugo Godoy.<\/p>\n<p><img loading=\"lazy\" decoding=\"async\" class=\" wp-image-23612 alignright\" src=\"https:\/\/atecordoba.org\/wp-content\/uploads\/2020\/12\/WhatsApp-Image-2020-12-10-at-10.27.04-1-300x169.jpeg\" sizes=\"auto, (max-width: 520px) 100vw, 520px\" srcset=\"https:\/\/atecordoba.org\/wp-content\/uploads\/2020\/12\/WhatsApp-Image-2020-12-10-at-10.27.04-1-300x169.jpeg 300w, https:\/\/atecordoba.org\/wp-content\/uploads\/2020\/12\/WhatsApp-Image-2020-12-10-at-10.27.04-1-1024x576.jpeg 1024w, https:\/\/atecordoba.org\/wp-content\/uploads\/2020\/12\/WhatsApp-Image-2020-12-10-at-10.27.04-1-768x432.jpeg 768w, https:\/\/atecordoba.org\/wp-content\/uploads\/2020\/12\/WhatsApp-Image-2020-12-10-at-10.27.04-1-750x422.jpeg 750w, https:\/\/atecordoba.org\/wp-content\/uploads\/2020\/12\/WhatsApp-Image-2020-12-10-at-10.27.04-1-1140x641.jpeg 1140w, https:\/\/atecordoba.org\/wp-content\/uploads\/2020\/12\/WhatsApp-Image-2020-12-10-at-10.27.04-1.jpeg 1280w\" alt=\"\" width=\"520\" height=\"293\" data-pin-no-hover=\"true\" \/>Debido a las limitaciones que la pandemia impone para la realizaci\u00f3n de los actos p\u00fablicos, las actividades se realizaron de manera presencial para grupos reducidos de compa\u00f1eras y compa\u00f1eros especialmente invitados y por streaming, via zoom y por el Facebook Live del CDP.<\/p>\n<p>Toda la jornada estuvo acompa\u00f1ada por la compa\u00f1era de Paryszewki, Leila Giambi Bonacci, que con notable convicci\u00f3n estuve presente a pesar de las inclemencias de t\u00f3rrido calor que impuso esta ma\u00f1ana cordobesa.<\/p>\n<p>As\u00ed, a primeras horas de la ma\u00f1ana, se descubri\u00f3 una se\u00f1alizaci\u00f3n, con una maceta con la inscripci\u00f3n del nombre completo y la fecha del secuestro de Guillermo Paryszewki, en la esquina de De\u00e1n Funes y Tucum\u00e1n, en C\u00f3rdoba Capital.<\/p>\n<p><iframe loading=\"lazy\" style=\"border: none; overflow: hidden;\" src=\"https:\/\/www.facebook.com\/plugins\/video.php?href=https%3A%2F%2Fwww.facebook.com%2Fatecba%2Fvideos%2F748779999058473%2F&amp;show_text=1&amp;width=560\" width=\"560\" height=\"455\" frameborder=\"0\" scrolling=\"no\" allowfullscreen=\"allowfullscreen\"><\/iframe><br \/>\nAll\u00ed, Giuliani, Theaux y Leila, junto a compa\u00f1eros como el secretario Adjunto de ATE, Miguel Duran, y el de Acci\u00f3n Social, Iv\u00e1n Contreras, junto al director de Director DDHH de la Municipalidad de C\u00f3rdoba, Guillermo Ruibal, y la representante del Archivo Provincial de la Memoria, Victoria Chabrando, resaltaron la importancia de mantener vigentes las pol\u00edticas de memoria, verdad y justicia.<\/p>\n<p><img loading=\"lazy\" decoding=\"async\" class=\" wp-image-23613 alignright\" src=\"https:\/\/atecordoba.org\/wp-content\/uploads\/2020\/12\/WhatsApp-Image-2020-12-10-at-10.28.40-2-300x225.jpeg\" sizes=\"auto, (max-width: 467px) 100vw, 467px\" srcset=\"https:\/\/atecordoba.org\/wp-content\/uploads\/2020\/12\/WhatsApp-Image-2020-12-10-at-10.28.40-2-300x225.jpeg 300w, https:\/\/atecordoba.org\/wp-content\/uploads\/2020\/12\/WhatsApp-Image-2020-12-10-at-10.28.40-2-768x576.jpeg 768w, https:\/\/atecordoba.org\/wp-content\/uploads\/2020\/12\/WhatsApp-Image-2020-12-10-at-10.28.40-2-750x563.jpeg 750w, https:\/\/atecordoba.org\/wp-content\/uploads\/2020\/12\/WhatsApp-Image-2020-12-10-at-10.28.40-2.jpeg 1000w\" alt=\"\" width=\"467\" height=\"350\" data-pin-no-hover=\"true\" \/>Theaux, que a la saz\u00f3n tambi\u00e9n es trabajador del Ministerio de Trabajo al igual que Contreras, se declar\u00f3 \u201cmuy emocionados al recordar la figura de nuestro compa\u00f1ero y dejando presencia en el lugar donde fue secuestrado, para que tratemos de recordar los hechos atroces que ocurrieron en esta C\u00f3rdoba\u201d.<\/p>\n<p>A su vez, Ruibal destac\u00f3 que \u201cen esta fecha se recuerdan a los compa\u00f1eros que dieron la vida por un pa\u00eds y una sociedad m\u00e1s justa. Cada vez que recordamos a un desaparecido, tenemos presentes a los 30 mil y subrayamos que toda la sociedad fue v\u00edctima del terrorismo de Estado. Cada vez que tenemos un funcionario, un miembro del legislativo, que sale a\u00f1orando un Falcon verde estamos siendo testigos de las consecuencias que implic\u00f3 la dictadura c\u00edvico-ecleisi\u00e1stica-militar en Argentina. Por eso es muy importante recordar estos compa\u00f1eros y tener presente por qu\u00e9 lucharon y por qu\u00e9 los desaparecidos\u201d.<\/p>\n<p><img loading=\"lazy\" decoding=\"async\" class=\" wp-image-23615 alignleft\" src=\"https:\/\/atecordoba.org\/wp-content\/uploads\/2020\/12\/WhatsApp-Image-2020-12-10-at-10.28.44-1-225x300.jpeg\" sizes=\"auto, (max-width: 364px) 100vw, 364px\" srcset=\"https:\/\/atecordoba.org\/wp-content\/uploads\/2020\/12\/WhatsApp-Image-2020-12-10-at-10.28.44-1-225x300.jpeg 225w, https:\/\/atecordoba.org\/wp-content\/uploads\/2020\/12\/WhatsApp-Image-2020-12-10-at-10.28.44-1.jpeg 750w\" alt=\"\" width=\"364\" height=\"485\" data-pin-no-hover=\"true\" \/>En la misma l\u00ednea, Chabrando dijo que \u201ces importante que el gremio se haga cargo de los trabajos de memoria, que son una relaci\u00f3n y construcci\u00f3n de puentes entre el pasado, el presente y el futuro. En tanto recordamos a Guillermo, traemos la memoria de los 30 mil compa\u00f1eros y tambi\u00e9n discutimos y disputamos qu\u00e9 democracia queremos. En el marco del 10 de diciembre y a 37 a\u00f1os del advenimiento de la democracia, estamos generando sentidos para ampliar una democracia profunda, inclusiva y justa, que es por lo que lucharon Guillermo y sus compa\u00f1eros\u201d.<\/p>\n<p>Posteriormente, Giuliani agradeci\u00f3 la presencia de Leila \u201cpor su entereza, por estar de pie. Nos da mucha fuerza\u201d.<\/p>\n<p>El dirigente la mir\u00f3 para expresarle su reconocimiento que \u201csos de aquellas compa\u00f1eras imprescindibles que nos marca el camino de la lucha. Hoy venimos desde ATE a decirles a las y los vecinos, a los comerciantes, que la dictadura militar se lo llev\u00f3, desde este exacto lugar, un compa\u00f1ero y sus sue\u00f1os. No es un n\u00famero, es un trabajador y su familia. Por eso ATE viene a reivindicar humildemente la construcci\u00f3n de la memoria hist\u00f3rica para que nunca m\u00e1s haya una dictadura olig\u00e1rquica-militar en Argentina. La disputa por el sentido, a partir de esta planta, significa que hay una semilla. Somos parte de esa generaci\u00f3n que no le pudieron cortar las alas\u201d.<\/p>\n<p>Media hora despu\u00e9s, alrededor de las 9.30 de la ma\u00f1ana, prosiguieron los homenajes con el descubrimiento de una placa y una foto en la Delegaci\u00f3n Provincial del Ministerio de Trabajo, donde Paryszewki se desempe\u00f1\u00f3 hasta el momento de su secuestro y posterior desaparici\u00f3n.<\/p>\n<p><img loading=\"lazy\" decoding=\"async\" class=\" wp-image-23616 alignright\" src=\"https:\/\/atecordoba.org\/wp-content\/uploads\/2020\/12\/WhatsApp-Image-2020-12-10-at-10.26.29-2-300x225.jpeg\" sizes=\"auto, (max-width: 437px) 100vw, 437px\" srcset=\"https:\/\/atecordoba.org\/wp-content\/uploads\/2020\/12\/WhatsApp-Image-2020-12-10-at-10.26.29-2-300x225.jpeg 300w, https:\/\/atecordoba.org\/wp-content\/uploads\/2020\/12\/WhatsApp-Image-2020-12-10-at-10.26.29-2-768x576.jpeg 768w, https:\/\/atecordoba.org\/wp-content\/uploads\/2020\/12\/WhatsApp-Image-2020-12-10-at-10.26.29-2-750x563.jpeg 750w, https:\/\/atecordoba.org\/wp-content\/uploads\/2020\/12\/WhatsApp-Image-2020-12-10-at-10.26.29-2.jpeg 1000w\" alt=\"\" width=\"437\" height=\"328\" data-pin-no-hover=\"true\" \/>A decir verdad se trat\u00f3 de la reposici\u00f3n de una placa porque otro del mismo tipo se hab\u00eda instalado en 2015 pero se perdi\u00f3 durante la gesti\u00f3n del macrismo y no se hab\u00eda vuelto a instalar.<\/p>\n<p>Ese tramo de los actos cont\u00f3 con la participaci\u00f3n, presencial y tambi\u00e9n virtual, de Ignacio Baselica, jefe de la agencia territorial C\u00f3rdoba, Gerardo Giron, secretario de Articulaci\u00f3n del Ministerio, Cristian Requio, director de la Regional Centro de la cartera laboral, Julian Maceo, responsable de DDHH de la Junta Interna de ATE Trabajo, Soledad Pagela, tambi\u00e9n de la Junta Interna,\u00a0Mar\u00eda Jos\u00e9 Cano, directora del Departamento de DDHH Consejo Directivo Nacional de ATE, Mar\u00eda Cristina, directora del Archivo Provincial de la Memoria (APM), Ilda Bustos, secretaria General del Sindicato de Gr\u00e1ficos, Gabriel Suarez, secretario General del Sindicato de Luz y Fuerza, Patricia Sanz, trabajadora del Ministerio y art\u00edfice de la placa en 2015, y Agust\u00edn Heredia, ex jefe de la Agencia Territorial C\u00f3rdoba. Tambi\u00e9n estuvieron compa\u00f1eros del gremio UPCN.<\/p>\n<p><img loading=\"lazy\" decoding=\"async\" class=\" wp-image-23617 alignleft\" src=\"https:\/\/atecordoba.org\/wp-content\/uploads\/2020\/12\/WhatsApp-Image-2020-12-10-at-10.26.26-300x225.jpeg\" sizes=\"auto, (max-width: 412px) 100vw, 412px\" srcset=\"https:\/\/atecordoba.org\/wp-content\/uploads\/2020\/12\/WhatsApp-Image-2020-12-10-at-10.26.26-300x225.jpeg 300w, https:\/\/atecordoba.org\/wp-content\/uploads\/2020\/12\/WhatsApp-Image-2020-12-10-at-10.26.26-768x576.jpeg 768w, https:\/\/atecordoba.org\/wp-content\/uploads\/2020\/12\/WhatsApp-Image-2020-12-10-at-10.26.26-750x563.jpeg 750w, https:\/\/atecordoba.org\/wp-content\/uploads\/2020\/12\/WhatsApp-Image-2020-12-10-at-10.26.26.jpeg 1000w\" alt=\"\" width=\"412\" height=\"309\" data-pin-no-hover=\"true\" \/>All\u00ed,\u00a0Leila Giambi Bonacci describi\u00f3 a su compa\u00f1ero Paryszewki como \u201cuna persona decente. Su desaparici\u00f3n estuvo relacionada con no recibir una coima, as\u00ed se desencaden\u00f3 esto. Lo quer\u00edan coimear, con una casa a todo trapo, para que sacara un expediente de firma Roggio a favor de la patronal. Y el se neg\u00f3. Antes de los 15 d\u00edas desapareci\u00f3, entregado a la patota de La Perla por el interventor de la oficina, un coronel Amado\u201d.<\/p>\n<p>Esa declaraci\u00f3n da cuenta de la implicancia de las grandes empresas locales, como Benito Roggio e Hijos, en la represi\u00f3n y explica en parte los objetivos que ten\u00edan los represores al momento de aplicar el terrorismo de Estado.<\/p>\n<p>Leila cont\u00f3 por otro lado, que con Paryszewki \u201c\u00e9ramos una pareja ensamblada, \u00e9l era viudo y ten\u00eda un nene y yo ten\u00eda una nena de esa misma edad y tambi\u00e9n era viuda\u201d. Y concluy\u00f3 afirmando que \u201cestoy muy agradecida porque se lo merec\u00eda, todos lo quer\u00edan por buena gente y honesto\u201d.<\/p>\n<p>Por su parte, Bas\u00e9lica dijo que\u00a0\u201ccomo funcionario p\u00fablico y miembro del Estado nacional, estoy obligado a acompa\u00f1ar porque la pol\u00edtica de memoria, verdad y justicia fue pol\u00edtica de Estado. Tenemos que seguir reivindicando sin dejar dudas el posicionamiento del gobierno nacional respecto a los derechos de los trabajadores y al compromiso inquebrantable con la democracia y los DDHH. En nombre del Ministerio quiero saludar a Leyla\u201d.<\/p>\n<p><img loading=\"lazy\" decoding=\"async\" class=\" wp-image-23618 alignright\" src=\"https:\/\/atecordoba.org\/wp-content\/uploads\/2020\/12\/WhatsApp-Image-2020-12-10-at-10.26.27-2-300x225.jpeg\" sizes=\"auto, (max-width: 461px) 100vw, 461px\" srcset=\"https:\/\/atecordoba.org\/wp-content\/uploads\/2020\/12\/WhatsApp-Image-2020-12-10-at-10.26.27-2-300x225.jpeg 300w, https:\/\/atecordoba.org\/wp-content\/uploads\/2020\/12\/WhatsApp-Image-2020-12-10-at-10.26.27-2-768x576.jpeg 768w, https:\/\/atecordoba.org\/wp-content\/uploads\/2020\/12\/WhatsApp-Image-2020-12-10-at-10.26.27-2-750x563.jpeg 750w, https:\/\/atecordoba.org\/wp-content\/uploads\/2020\/12\/WhatsApp-Image-2020-12-10-at-10.26.27-2.jpeg 1000w\" alt=\"\" width=\"461\" height=\"346\" data-pin-no-hover=\"true\" \/>El funcionario se comprometi\u00f3 a ser fiel custodio de la memoria del compa\u00f1ero Paryszewki.<\/p>\n<p>A su vez,\u00a0Giron se\u00f1al\u00f3 que \u201ctenemos que reinstalar muchas cosas que dej\u00f3 caer la gesti\u00f3n anterior, empezar a mostrar que tenemos distintas prioridades y que m\u00e1s all\u00e1 de los matices el compromiso es un solo por la memoria, verdad y justicia\u201d.<\/p>\n<p>Maria Cristina, por el APM, afirm\u00f3 que \u201clo mejor que puede pasar es que cada instituci\u00f3n haga memoria, que cada persona que recorra este lugar pueda ver el nombre del compa\u00f1ero y es una recuperaci\u00f3n de derechos. La dictadura fue un modelo donde el trabajador estaba destinado a desaparecer. Cada recuperaci\u00f3n de la memoria es un paso m\u00e1s que le ganamos al olvido, a la amnesia que nos proponen incluso en la actualidad con el negacionismo\u201d.<\/p>\n<p><iframe loading=\"lazy\" style=\"border: none; overflow: hidden;\" src=\"https:\/\/www.facebook.com\/plugins\/video.php?href=https%3A%2F%2Fwww.facebook.com%2Fatecba%2Fvideos%2F429607944707799%2F&amp;show_text=1&amp;width=560\" width=\"560\" height=\"430\" frameborder=\"0\" scrolling=\"no\" allowfullscreen=\"allowfullscreen\"><\/iframe><br \/>\nSum\u00f3 su testimonio Ilda Bustos, asegurando que \u201csiempre supimos que hab\u00eda un compa\u00f1ero desaparecido por el testimonio de otros trabajadores de la casa\u201d. Y destac\u00f3 que \u201ces importante la memoria en los lugares de trabajo y m\u00e1s aun hoy donde algunos voceros del negacionismo est\u00e1n haciendo campa\u00f1a. Mantener presente el Nunca M\u00e1s es realizar estas acciones\u201d.<\/p>\n<p><img loading=\"lazy\" decoding=\"async\" class=\"wp-image-23619 size-medium alignright\" src=\"https:\/\/atecordoba.org\/wp-content\/uploads\/2020\/12\/imagen-e1607623901118-300x175.png\" alt=\"\" width=\"300\" height=\"175\" data-pin-no-hover=\"true\" srcset=\"https:\/\/atecordoba.org\/wp-content\/uploads\/2020\/12\/imagen-e1607623901118-300x175.png 300w, https:\/\/atecordoba.org\/wp-content\/uploads\/2020\/12\/imagen-e1607623901118-768x449.png 768w, https:\/\/atecordoba.org\/wp-content\/uploads\/2020\/12\/imagen-e1607623901118-750x439.png 750w, https:\/\/atecordoba.org\/wp-content\/uploads\/2020\/12\/imagen-e1607623901118.png 997w\" sizes=\"auto, (max-width: 300px) 100vw, 300px\" \/>De igual manera, Gabriel Suarez dijo que \u201crecordar a Guillermo es poner en presente la realidad para muchas personas que se olvidan o no est\u00e1n enteradas lo que nos toc\u00f3 sufrir a los trabajadores. Hablar de unidad es la herramienta fundamental para avanzar todos los sectores. Para reivindicar los 30 mil desaparecidos en unidad vamos a construir la patria que nos merecemos\u201d.<\/p>\n<p>En el sal\u00f3n, donde ahora la placa recordatoria del trabajador desaparecido preside el espacio, Federico Giuliani se reivindic\u00f3 como hijo de un preso pol\u00edtico y explic\u00f3 que \u201csomos parte de esa generaci\u00f3n que no le pudieron cortar las alas. Esas alas siguen intactas. A Paryszewki lo marc\u00f3 el interventor del Ministerio, por eso es importante que la placa se ponga en este lugar.<\/p>\n<p><img loading=\"lazy\" decoding=\"async\" class=\" wp-image-23620 alignleft\" src=\"https:\/\/atecordoba.org\/wp-content\/uploads\/2020\/12\/WhatsApp-Image-2020-12-10-at-10.26.23-1-300x225.jpeg\" sizes=\"auto, (max-width: 403px) 100vw, 403px\" srcset=\"https:\/\/atecordoba.org\/wp-content\/uploads\/2020\/12\/WhatsApp-Image-2020-12-10-at-10.26.23-1-300x225.jpeg 300w, https:\/\/atecordoba.org\/wp-content\/uploads\/2020\/12\/WhatsApp-Image-2020-12-10-at-10.26.23-1-768x576.jpeg 768w, https:\/\/atecordoba.org\/wp-content\/uploads\/2020\/12\/WhatsApp-Image-2020-12-10-at-10.26.23-1-750x563.jpeg 750w, https:\/\/atecordoba.org\/wp-content\/uploads\/2020\/12\/WhatsApp-Image-2020-12-10-at-10.26.23-1.jpeg 1000w\" alt=\"\" width=\"403\" height=\"302\" data-pin-no-hover=\"true\" \/>El dirigente a\u00f1adi\u00f3 que \u201cno fue causal que la represi\u00f3n golpeara con especial ensa\u00f1amiento contra los trabajadores y sus estructuras sindicales, contra las organizaciones libres del pueblo de la provincia de aquellos tiempos. As\u00ed atentaron contra el proyecto de liberaci\u00f3n nacional, sabiendo que eran aquellas estructuras la columna vertebral del movimiento. Hoy muchos de los que integran el establishment pol\u00edtico, econ\u00f3mico y empresarial son los mismos que se\u00f1alaban a los compa\u00f1eros hace 40 a\u00f1os y que actualmente nos hablan de la isla o del cordobesismo, siendo esos concepto el resultado de la represi\u00f3n que llev\u00f3 adelante el brutal genocida Luciano Benjam\u00edn Men\u00e9ndez\u201d.<\/p>\n<p>Para Giuliani \u201cla pelea tambi\u00e9n es simb\u00f3lica y por eso claramente venimos a hacer un acto de justicia con esta placa que va a ser custodiada por los trabajadores. Tambi\u00e9n agradecemos el compromiso de Baselica con la conservaci\u00f3n del recordatorio\u201d<\/p>\n<p><strong>Acto final en sede de ATE<\/strong><\/p>\n<p>Por \u00faltimo, se llev\u00f3 a cabo la inauguraci\u00f3n de una escultura en el ingreso de la sede de ATE C\u00f3rdoba. Giuliani y Theaux agradecieron la presencia del secretario General de ATE, Hugo Godoy, junto al artista que aport\u00f3 la ilustraci\u00f3n para que se realizara la obra, Francisco Ferreyra, que tambi\u00e9n es militante de DDHH, con una familia signada por la represi\u00f3n del terrorismo de Estado.<img loading=\"lazy\" decoding=\"async\" class=\"wp-image-23621 size-medium alignright\" src=\"https:\/\/atecordoba.org\/wp-content\/uploads\/2020\/12\/imagen-1-e1607624060410-300x175.png\" alt=\"\" width=\"300\" height=\"175\" data-pin-no-hover=\"true\" srcset=\"https:\/\/atecordoba.org\/wp-content\/uploads\/2020\/12\/imagen-1-e1607624060410-300x175.png 300w, https:\/\/atecordoba.org\/wp-content\/uploads\/2020\/12\/imagen-1-e1607624060410-768x448.png 768w, https:\/\/atecordoba.org\/wp-content\/uploads\/2020\/12\/imagen-1-e1607624060410-750x437.png 750w, https:\/\/atecordoba.org\/wp-content\/uploads\/2020\/12\/imagen-1-e1607624060410.png 966w\" sizes=\"auto, (max-width: 300px) 100vw, 300px\" \/><\/p>\n<p>All\u00ed participaron del acto Mart\u00edn Cagnani, afiliado de ATE y compa\u00f1ero de activa militancia en DDHH y, desde la psiquiatr\u00eda, en salud mental, Luis Miguel Baronetto, referente de la lucha por los DDHH y primer funcionario en C\u00f3rdoba en la materia, junto a militantes de ATE y activistas de diversos organismos de DDHH.<\/p>\n<p>En la oportunidad, tras las presentaciones de rigor, Cagnani, que tiene amplio bagaje acompa\u00f1ando familiares de v\u00edctimas del terrorismo de Estado, celebr\u00f3 que se lleven adelante este tipo de actividades \u201cporque el trauma no se cura solo con un div\u00e1n, sino no hay paralelamente un registro social e hist\u00f3rico. La materialidad de esta estatua que se inaugura hoy, de la maceta que se descubri\u00f3 m\u00e1s temprano, la placa y la foto del compa\u00f1ero Paryszewki, son materia y es muy importante para su familia que haya materia ya que no tienen donde ir a visitar sus restos. Esto nos convoca para tres cuestiones importantes: mitigar la extensi\u00f3n del da\u00f1o porque el trauma del terrorismo de estado tiene prolongaci\u00f3n en el tiempo, al mismo tiempo evitamos la impunidad que se mantiene tambi\u00e9n en el tiempo en tanto los autores sigan impunes, y seguimos combatiendo el negacionismo, una tarea que nos convoca a todos\u201d.<img loading=\"lazy\" decoding=\"async\" class=\" wp-image-23622 aligncenter\" src=\"https:\/\/atecordoba.org\/wp-content\/uploads\/2020\/12\/WhatsApp-Image-2020-12-10-at-10.27.04-300x169.jpeg\" sizes=\"auto, (max-width: 601px) 100vw, 601px\" srcset=\"https:\/\/atecordoba.org\/wp-content\/uploads\/2020\/12\/WhatsApp-Image-2020-12-10-at-10.27.04-300x169.jpeg 300w, https:\/\/atecordoba.org\/wp-content\/uploads\/2020\/12\/WhatsApp-Image-2020-12-10-at-10.27.04-1024x576.jpeg 1024w, https:\/\/atecordoba.org\/wp-content\/uploads\/2020\/12\/WhatsApp-Image-2020-12-10-at-10.27.04-768x432.jpeg 768w, https:\/\/atecordoba.org\/wp-content\/uploads\/2020\/12\/WhatsApp-Image-2020-12-10-at-10.27.04-750x422.jpeg 750w, https:\/\/atecordoba.org\/wp-content\/uploads\/2020\/12\/WhatsApp-Image-2020-12-10-at-10.27.04-1140x641.jpeg 1140w, https:\/\/atecordoba.org\/wp-content\/uploads\/2020\/12\/WhatsApp-Image-2020-12-10-at-10.27.04.jpeg 1280w\" alt=\"\" width=\"601\" height=\"339\" data-pin-no-hover=\"true\" \/><\/p>\n<p>Cagnani hizo tambi\u00e9n un reconocimiento de los militantes de ATE que integraban la conducci\u00f3n de seccional\u00a0 Santa Mar\u00eda y que el 26 de mayo de 1976 fueron secuestrados en su totalidad, cuando cientos de miembros de la Fuerza A\u00e9rea ingresaron al la colonia psiqui\u00e1trica Santa Mar\u00eda de Punilla -incluso con carros mecanizados- que destruir una experiencia terap\u00e9utica \u00fanica en el pa\u00eds. Todos aquellos dirigentes de ATE resultaron secuestrados en el Campo de la Rivera, sitio de secuestro y tortura, y posteriormente \u2018blanqueados\u2019 en la Penitenciar\u00eda de Barrio San Mart\u00edn, no sin sufrir la cesant\u00eda \u201cpor faltas reiteradas a su lugar de trabajo\u201d.<\/p>\n<p><iframe loading=\"lazy\" style=\"border: none; overflow: hidden;\" src=\"https:\/\/www.facebook.com\/plugins\/video.php?href=https%3A%2F%2Fwww.facebook.com%2Fatecba%2Fvideos%2F672477720059957%2F&amp;show_text=1&amp;width=560\" width=\"560\" height=\"455\" frameborder=\"0\" scrolling=\"no\" allowfullscreen=\"allowfullscreen\"><\/iframe><br \/>\nPor \u00faltimo, tom\u00f3 la palabra Hugo Godoy que felicit\u00f3 al CDP por toda la jornada de actividades \u201cen representaci\u00f3n de todos los trabajadores estatales\u201d.<\/p>\n<p><img loading=\"lazy\" decoding=\"async\" class=\" wp-image-23628 alignright\" src=\"https:\/\/atecordoba.org\/wp-content\/uploads\/2020\/12\/godoy-300x166.png\" alt=\"\" width=\"537\" height=\"297\" srcset=\"https:\/\/atecordoba.org\/wp-content\/uploads\/2020\/12\/godoy-300x166.png 300w, https:\/\/atecordoba.org\/wp-content\/uploads\/2020\/12\/godoy.png 647w\" sizes=\"auto, (max-width: 537px) 100vw, 537px\" \/>\u201cLa obra instalada en la sede de ATE C\u00f3rdoba fue titulada \u201causencias\u201d por su autor, pero para m\u00ed se llama Presencias, porque es la presencia de los hombres y mujeres que dieron su vida para construir una argentina diferente\u201d, prosigui\u00f3 Godoy, que fue preso pol\u00edtico como dirigente de la UES en la Penitenciaria de la Unidad 9 de La Plata.<\/p>\n<p>El dirigente se\u00f1al\u00f3 que \u201ces un orgullo que las y los compa\u00f1eros de C\u00f3rdoba hagan una expresi\u00f3n concreta de memoria y presencia activa que se proyectan en una perspectiva de construcci\u00f3n de una Argentina para todos y para todas\u201d.<\/p>\n<p><img loading=\"lazy\" decoding=\"async\" class=\"size-medium wp-image-23629 alignleft\" src=\"https:\/\/atecordoba.org\/wp-content\/uploads\/2020\/12\/WhatsApp-Image-2020-12-10-at-10.26.22-300x225.jpeg\" alt=\"\" width=\"300\" height=\"225\" srcset=\"https:\/\/atecordoba.org\/wp-content\/uploads\/2020\/12\/WhatsApp-Image-2020-12-10-at-10.26.22-300x225.jpeg 300w, https:\/\/atecordoba.org\/wp-content\/uploads\/2020\/12\/WhatsApp-Image-2020-12-10-at-10.26.22-768x576.jpeg 768w, https:\/\/atecordoba.org\/wp-content\/uploads\/2020\/12\/WhatsApp-Image-2020-12-10-at-10.26.22-750x563.jpeg 750w, https:\/\/atecordoba.org\/wp-content\/uploads\/2020\/12\/WhatsApp-Image-2020-12-10-at-10.26.22.jpeg 1000w\" sizes=\"auto, (max-width: 300px) 100vw, 300px\" \/>\u201cEs muy importante cuando en estos d\u00edas de la injusticia, de la pobreza y la desocupaci\u00f3n se agiganta producto de las pol\u00edticas neoliberales que se instauraron y nos trajeron a esta crisis que obliga a los sectores populares a multiplicar los esfuerzos. Hoy la existencia del hambre y la pobreza es una violaci\u00f3n actual de los derechos humanos\u201d, se\u00f1al\u00f3 Godoy.<\/p>\n<p>Y concluy\u00f3: \u201cla problem\u00e1tica de los DDHH no es solo una cuesti\u00f3n de memoria porque est\u00e1 grabada como un s\u00edmbolo de identidad en la mayor\u00eda del pueblo argentino que no puede ser erradicado. Por eso el negacionismo del macrismo durante cuatro a\u00f1os fracas\u00f3. Como fracas\u00f3 su intento de reducir la edad de imputabilidad de los ni\u00f1os, queriendo hacer recaer la represi\u00f3n del Estado sobre los ni\u00f1os, que hoy quieren resucitar los diarios Clar\u00edn y La Naci\u00f3n\u201d, entre otros sectores.<\/p>\n<p>&nbsp;<\/p>\n","protected":false},"excerpt":{"rendered":"<p>El Consejo Directivo Provincial de ATE C\u00f3rdoba realiz\u00f3 hoy una serie de emotivos actos recordatorios de un trabajador del Ministerio de Trabajo de la Naci\u00f3n, y afiliado de ATE, Guillermo Paryszewki, que result\u00f3 desaparecido y asesinado durante la dictadura c\u00edvico- militar y eclesi\u00e1stica, en el marco del homenaje que el CDP defini\u00f3 realizar por el [&hellip;]<\/p>\n","protected":false},"author":7,"featured_media":23611,"comment_status":"open","ping_status":"open","sticky":true,"template":"","format":"standard","meta":{"_exactmetrics_skip_tracking":false,"_exactmetrics_sitenote_active":false,"_exactmetrics_sitenote_note":"","_exactmetrics_sitenote_category":0,"jnews-multi-image_gallery":[],"jnews_single_post":{"source_name":"","source_url":"","via_name":"","via_url":"","override_template":"0","override":[{"template":"1","single_blog_custom":"","parallax":"1","fullscreen":"0","layout":"right-sidebar","sidebar":"default-sidebar","second_sidebar":"default-sidebar","sticky_sidebar":"1","share_position":"top","share_float_style":"share-monocrhome","show_share_counter":"1","show_view_counter":"1","show_featured":"1","show_post_meta":"1","show_post_author":"1","show_post_author_image":"1","show_post_date":"1","post_date_format":"default","post_date_format_custom":"Y\/m\/d","show_post_category":"1","show_post_reading_time":"0","post_reading_time_wpm":"300","show_zoom_button":"0","zoom_button_out_step":"2","zoom_button_in_step":"3","show_post_tag":"1","show_prev_next_post":"1","show_popup_post":"1","number_popup_post":"1","show_author_box":"0","show_post_related":"0","show_inline_post_related":"0"}],"override_image_size":"0","image_override":[{"single_post_thumbnail_size":"crop-500","single_post_gallery_size":"crop-500"}],"trending_post":"0","trending_post_position":"meta","trending_post_label":"Trending","sponsored_post":"0","sponsored_post_label":"Sponsored by","sponsored_post_name":"","sponsored_post_url":"","sponsored_post_logo_enable":"0","sponsored_post_logo":"","sponsored_post_desc":""},"jnews_primary_category":{"id":""},"jnews_social_meta":{"fb_title":"","fb_description":"","fb_image":"","twitter_title":"","twitter_description":"","twitter_image":""},"jnews_review":[],"enable_review":"0","type":"percentage","name":"","summary":"","brand":"","sku":"","good":[{"good_text":""}],"bad":[{"bad_text":""}],"score_override":"","override_value":"","rating":[{"rating_text":"","rating_number":"10"}],"price":[{"shop":"","price":"","link":"","icon":""}],"jnews_override_counter":{"override_view_counter":"0","view_counter_number":"0","override_share_counter":"0","share_counter_number":"0","override_like_counter":"0","like_counter_number":"0","override_dislike_counter":"0","dislike_counter_number":"0"},"jnews_post_split":{"enable_post_split":"0","post_split":[{"template":"1","tag":"h2","numbering":"asc","mode":"normal"}]},"footnotes":""},"categories":[341,122],"tags":[731],"class_list":["post-23627","post","type-post","status-publish","format-standard","has-post-thumbnail","hentry","category-cdp","category-ddhh","tag-homenaje-guillermo-paryszewki"],"jetpack_featured_media_url":"https:\/\/atecordoba.org\/wp-content\/uploads\/2020\/12\/WhatsApp-Image-2020-12-10-at-10.27.04-2.jpeg","_links":{"self":[{"href":"https:\/\/atecordoba.org\/index.php?rest_route=\/wp\/v2\/posts\/23627","targetHints":{"allow":["GET"]}}],"collection":[{"href":"https:\/\/atecordoba.org\/index.php?rest_route=\/wp\/v2\/posts"}],"about":[{"href":"https:\/\/atecordoba.org\/index.php?rest_route=\/wp\/v2\/types\/post"}],"author":[{"embeddable":true,"href":"https:\/\/atecordoba.org\/index.php?rest_route=\/wp\/v2\/users\/7"}],"replies":[{"embeddable":true,"href":"https:\/\/atecordoba.org\/index.php?rest_route=%2Fwp%2Fv2%2Fcomments&post=23627"}],"version-history":[{"count":3,"href":"https:\/\/atecordoba.org\/index.php?rest_route=\/wp\/v2\/posts\/23627\/revisions"}],"predecessor-version":[{"id":23632,"href":"https:\/\/atecordoba.org\/index.php?rest_route=\/wp\/v2\/posts\/23627\/revisions\/23632"}],"wp:featuredmedia":[{"embeddable":true,"href":"https:\/\/atecordoba.org\/index.php?rest_route=\/wp\/v2\/media\/23611"}],"wp:attachment":[{"href":"https:\/\/atecordoba.org\/index.php?rest_route=%2Fwp%2Fv2%2Fmedia&parent=23627"}],"wp:term":[{"taxonomy":"category","embeddable":true,"href":"https:\/\/atecordoba.org\/index.php?rest_route=%2Fwp%2Fv2%2Fcategories&post=23627"},{"taxonomy":"post_tag","embeddable":true,"href":"https:\/\/atecordoba.org\/index.php?rest_route=%2Fwp%2Fv2%2Ftags&post=23627"}],"curies":[{"name":"wp","href":"https:\/\/api.w.org\/{rel}","templated":true}]}}