{"id":23602,"date":"2020-12-10T09:23:02","date_gmt":"2020-12-10T12:23:02","guid":{"rendered":"https:\/\/atecordoba.org\/?p=23602"},"modified":"2020-12-10T09:24:05","modified_gmt":"2020-12-10T12:24:05","slug":"saldan-ate-realizo-una-asamblea-en-el-corralon-para-presentar-su-propuesta-gremial","status":"publish","type":"post","link":"https:\/\/atecordoba.org\/?p=23602","title":{"rendered":"Saldan: ATE realiz\u00f3 una asamblea en el Corral\u00f3n para presentar su propuesta gremial"},"content":{"rendered":"<p><img loading=\"lazy\" decoding=\"async\" class=\" wp-image-23606 alignleft\" src=\"https:\/\/atecordoba.org\/wp-content\/uploads\/2020\/12\/WhatsApp-Image-2020-12-09-at-14.19.35-300x225.jpeg\" alt=\"\" width=\"575\" height=\"431\" srcset=\"https:\/\/atecordoba.org\/wp-content\/uploads\/2020\/12\/WhatsApp-Image-2020-12-09-at-14.19.35-300x225.jpeg 300w, https:\/\/atecordoba.org\/wp-content\/uploads\/2020\/12\/WhatsApp-Image-2020-12-09-at-14.19.35-768x576.jpeg 768w, https:\/\/atecordoba.org\/wp-content\/uploads\/2020\/12\/WhatsApp-Image-2020-12-09-at-14.19.35-750x563.jpeg 750w, https:\/\/atecordoba.org\/wp-content\/uploads\/2020\/12\/WhatsApp-Image-2020-12-09-at-14.19.35.jpeg 1000w\" sizes=\"auto, (max-width: 575px) 100vw, 575px\" \/>Ayer se realiz\u00f3 una importante asamblea de las y los trabajadores del Corral\u00f3n municipal en la localidad de Sald\u00e1n.<\/p>\n<p>En la oportunidad, estuvieron presentes el secretario General de ATE C\u00f3rdoba, Federico Giuliani, y la secretaria de Interior del Consejo Directivo Provincial (CDP), Edith Innamorato.<\/p>\n<p>Frente a los compa\u00f1eros y las compa\u00f1eras del sector, Giuliani destac\u00f3 el proceso organizativo que ATE viene llevando a cabo en la localidad, a partir del reconocimiento logrado para ejercer la representaci\u00f3n de las y los trabajadores.<\/p>\n<p>En tal sentido, se\u00f1al\u00f3 que &#8220;somos una gesti\u00f3n relativamente nueva, hace un a\u00f1o asumimos en C\u00f3rdoba. Y nos pusimos en marcha para recorrer los municipios de la provincia porque es el sector m\u00e1s castigado del empleo p\u00fablico&#8221;.<\/p>\n<p>El secretario General describi\u00f3 la realidad general de los municipales en la provincia como muy preocupante debido a &#8220;salarios de pobreza y categor\u00edas que se manejan a dedo seg\u00fan el gobierno que est\u00e9; no se pagan los \u00edtems que est\u00e1n ganamos por derecho como la salubridad, el refrigerio, la asistencia, la puntualidad&#8221;.<\/p>\n<p><img loading=\"lazy\" decoding=\"async\" class=\" wp-image-23605 alignright\" src=\"https:\/\/atecordoba.org\/wp-content\/uploads\/2020\/12\/WhatsApp-Image-2020-12-09-at-14.19.34-300x225.jpeg\" alt=\"\" width=\"435\" height=\"326\" srcset=\"https:\/\/atecordoba.org\/wp-content\/uploads\/2020\/12\/WhatsApp-Image-2020-12-09-at-14.19.34-300x225.jpeg 300w, https:\/\/atecordoba.org\/wp-content\/uploads\/2020\/12\/WhatsApp-Image-2020-12-09-at-14.19.34-768x576.jpeg 768w, https:\/\/atecordoba.org\/wp-content\/uploads\/2020\/12\/WhatsApp-Image-2020-12-09-at-14.19.34-750x563.jpeg 750w, https:\/\/atecordoba.org\/wp-content\/uploads\/2020\/12\/WhatsApp-Image-2020-12-09-at-14.19.34.jpeg 1000w\" sizes=\"auto, (max-width: 435px) 100vw, 435px\" \/>Y agreg\u00f3: &#8220;nosotros no venimos en contra de nadie, ni de la gesti\u00f3n del intendente Cayetano Canto, ni en contra del otro sindicato. No somos mejores ni peores sino distintos. Pero para nosotros la asamblea es la que manda, como secretario General vengo a Sald\u00e1n porque le damos el mismo valor a una asamblea chica que a una grande, porque el afiliado municipal tiene el mismo valor que uno nacional o provincial.\u00a0Nos gusta escuchar a las y los compa\u00f1eros porque la realidad est\u00e1 en los lugares de trabajo&#8221;.<\/p>\n<p>En t\u00e9rminos organizativos, el dirigente explic\u00f3 que ATE detenta la legalidad y la actuaci\u00f3n en Saldan &#8220;que se resolvi\u00f3 cuando ATE pudo entablar el dialogo con el municipio. Y podemos convivir legalmente con otros sindicatos porque no hay problema, lo importante es que el trabajador se afilie a un gremio y tenga su representaci\u00f3n&#8221;.<\/p>\n<p>En esa l\u00ednea dijo que &#8220;el sindicato tiene la funci\u00f3n de llevar adelante la negociaci\u00f3n colectiva, para evitar deberle favores personales al funcionario o el pol\u00edtico de turno que despu\u00e9s te lo viene a cobrar. Es la herramienta para garantizar los derechos que ya est\u00e1n establecidos en la Constituci\u00f3n Nacional&#8221;.<\/p>\n<p><img loading=\"lazy\" decoding=\"async\" class=\" wp-image-23607 alignleft\" src=\"https:\/\/atecordoba.org\/wp-content\/uploads\/2020\/12\/WhatsApp-Image-2020-12-09-at-14.19.36-300x225.jpeg\" alt=\"\" width=\"375\" height=\"281\" srcset=\"https:\/\/atecordoba.org\/wp-content\/uploads\/2020\/12\/WhatsApp-Image-2020-12-09-at-14.19.36-300x225.jpeg 300w, https:\/\/atecordoba.org\/wp-content\/uploads\/2020\/12\/WhatsApp-Image-2020-12-09-at-14.19.36-768x576.jpeg 768w, https:\/\/atecordoba.org\/wp-content\/uploads\/2020\/12\/WhatsApp-Image-2020-12-09-at-14.19.36-750x563.jpeg 750w, https:\/\/atecordoba.org\/wp-content\/uploads\/2020\/12\/WhatsApp-Image-2020-12-09-at-14.19.36.jpeg 1000w\" sizes=\"auto, (max-width: 375px) 100vw, 375px\" \/>&#8220;Nosotros decimos, en consecuencia, que hay que organizarnos para llevar adelante la pelea por los derechos, unificarnos detr\u00e1s de los ejes de reclamo, poner la solidaridad como valor por encima de todos los trabajadores&#8221;.<\/p>\n<p>Por \u00faltimo, se le detall\u00f3 a las y los compa\u00f1eros presentes los beneficios que cuentan para disfrutar a partir de la acci\u00f3n social, sea a partir de los subsidios como por nacimiento o casamiento, o los convenios suscriptos con comercios, instituciones de salud o la Cooperativa Horizonte para acceder a la vivienda digna. &#8220;En ATE defendemos los derechos del trabajador pero tambi\u00e9n gestionamos para que en el d\u00eda a d\u00eda podamos ir avanzando en la calidad de vida&#8221;, complet\u00f3 Giuliani.<\/p>\n<p>&nbsp;<\/p>\n","protected":false},"excerpt":{"rendered":"<p>Ayer se realiz\u00f3 una importante asamblea de las y los trabajadores del Corral\u00f3n municipal en la localidad de Sald\u00e1n. En la oportunidad, estuvieron presentes el secretario General de ATE C\u00f3rdoba, Federico Giuliani, y la secretaria de Interior del Consejo Directivo Provincial (CDP), Edith Innamorato. Frente a los compa\u00f1eros y las compa\u00f1eras del sector, Giuliani destac\u00f3 [&hellip;]<\/p>\n","protected":false},"author":7,"featured_media":23606,"comment_status":"open","ping_status":"open","sticky":true,"template":"","format":"standard","meta":{"_exactmetrics_skip_tracking":false,"_exactmetrics_sitenote_active":false,"_exactmetrics_sitenote_note":"","_exactmetrics_sitenote_category":0,"jnews-multi-image_gallery":[],"jnews_single_post":{"source_name":"","source_url":"","via_name":"","via_url":"","override_template":"0","override":[{"template":"1","single_blog_custom":"","parallax":"1","fullscreen":"0","layout":"right-sidebar","sidebar":"default-sidebar","second_sidebar":"default-sidebar","sticky_sidebar":"1","share_position":"top","share_float_style":"share-monocrhome","show_share_counter":"1","show_view_counter":"1","show_featured":"1","show_post_meta":"1","show_post_author":"1","show_post_author_image":"1","show_post_date":"1","post_date_format":"default","post_date_format_custom":"Y\/m\/d","show_post_category":"1","show_post_reading_time":"0","post_reading_time_wpm":"300","show_zoom_button":"0","zoom_button_out_step":"2","zoom_button_in_step":"3","show_post_tag":"1","show_prev_next_post":"1","show_popup_post":"1","number_popup_post":"1","show_author_box":"0","show_post_related":"0","show_inline_post_related":"0"}],"override_image_size":"0","image_override":[{"single_post_thumbnail_size":"crop-500","single_post_gallery_size":"crop-500"}],"trending_post":"0","trending_post_position":"meta","trending_post_label":"Trending","sponsored_post":"0","sponsored_post_label":"Sponsored by","sponsored_post_name":"","sponsored_post_url":"","sponsored_post_logo_enable":"0","sponsored_post_logo":"","sponsored_post_desc":""},"jnews_primary_category":{"id":""},"jnews_social_meta":{"fb_title":"","fb_description":"","fb_image":"","twitter_title":"","twitter_description":"","twitter_image":""},"jnews_review":[],"enable_review":"0","type":"percentage","name":"","summary":"","brand":"","sku":"","good":[{"good_text":""}],"bad":[{"bad_text":""}],"score_override":"","override_value":"","rating":[{"rating_text":"","rating_number":"10"}],"price":[{"shop":"","price":"","link":"","icon":""}],"jnews_override_counter":{"override_view_counter":"0","view_counter_number":"0","override_share_counter":"0","share_counter_number":"0","override_like_counter":"0","like_counter_number":"0","override_dislike_counter":"0","dislike_counter_number":"0"},"jnews_post_split":{"enable_post_split":"0","post_split":[{"template":"1","tag":"h2","numbering":"asc","mode":"normal"}]},"footnotes":""},"categories":[20],"tags":[574],"class_list":["post-23602","post","type-post","status-publish","format-standard","has-post-thumbnail","hentry","category-municipales","tag-municipalidad-de-saldan"],"jetpack_featured_media_url":"https:\/\/atecordoba.org\/wp-content\/uploads\/2020\/12\/WhatsApp-Image-2020-12-09-at-14.19.35.jpeg","_links":{"self":[{"href":"https:\/\/atecordoba.org\/index.php?rest_route=\/wp\/v2\/posts\/23602","targetHints":{"allow":["GET"]}}],"collection":[{"href":"https:\/\/atecordoba.org\/index.php?rest_route=\/wp\/v2\/posts"}],"about":[{"href":"https:\/\/atecordoba.org\/index.php?rest_route=\/wp\/v2\/types\/post"}],"author":[{"embeddable":true,"href":"https:\/\/atecordoba.org\/index.php?rest_route=\/wp\/v2\/users\/7"}],"replies":[{"embeddable":true,"href":"https:\/\/atecordoba.org\/index.php?rest_route=%2Fwp%2Fv2%2Fcomments&post=23602"}],"version-history":[{"count":1,"href":"https:\/\/atecordoba.org\/index.php?rest_route=\/wp\/v2\/posts\/23602\/revisions"}],"predecessor-version":[{"id":23609,"href":"https:\/\/atecordoba.org\/index.php?rest_route=\/wp\/v2\/posts\/23602\/revisions\/23609"}],"wp:featuredmedia":[{"embeddable":true,"href":"https:\/\/atecordoba.org\/index.php?rest_route=\/wp\/v2\/media\/23606"}],"wp:attachment":[{"href":"https:\/\/atecordoba.org\/index.php?rest_route=%2Fwp%2Fv2%2Fmedia&parent=23602"}],"wp:term":[{"taxonomy":"category","embeddable":true,"href":"https:\/\/atecordoba.org\/index.php?rest_route=%2Fwp%2Fv2%2Fcategories&post=23602"},{"taxonomy":"post_tag","embeddable":true,"href":"https:\/\/atecordoba.org\/index.php?rest_route=%2Fwp%2Fv2%2Ftags&post=23602"}],"curies":[{"name":"wp","href":"https:\/\/api.w.org\/{rel}","templated":true}]}}