{"id":23587,"date":"2020-12-09T12:28:22","date_gmt":"2020-12-09T15:28:22","guid":{"rendered":"https:\/\/atecordoba.org\/?p=23587"},"modified":"2020-12-09T12:35:47","modified_gmt":"2020-12-09T15:35:47","slug":"accion-social-estrena-su-cartilla-de-beneficios-y-convenios-para-afiliadas-os-a-ate-cordoba","status":"publish","type":"post","link":"https:\/\/atecordoba.org\/?p=23587","title":{"rendered":"Acci\u00f3n Social estrena su &#8220;cartilla de beneficios y convenios&#8221; para afiliadas\/os a ATE C\u00f3rdoba"},"content":{"rendered":"<p>La Secretar\u00eda de Acci\u00f3n Social del Consejo Directivo Provincial (CDP) present\u00f3 su &#8220;cartilla de beneficios y convenios&#8221; que ATE C\u00f3rdoba brinda a sus afiliadas y afiliados que formen parte del CDP directamente (Capital y alrededores).<\/p>\n<p>Esto se realiza en el marco de las definiciones que la conducci\u00f3n de ATE elabor\u00f3 para este per\u00edodo iniciado en noviembre de 2019. &#8220;La Acci\u00f3n Social es una herramienta clara para los delegados y delegadas, para fortalecer el v\u00ednculo con sus compa\u00f1eros y compa\u00f1eras. Hay que entenderla de esa forma. Est\u00e1n todos y todas invitadas a charlar, a traer sus inquietudes, sus propuestas para mejorar d\u00eda a d\u00eda este sindicato que tanto queremos, con participaci\u00f3n, que es fundamental&#8221;, fundament\u00f3 el Secretario de Acci\u00f3n Social, Turismo y Cultura, Iv\u00e1n Contreras, al presentar la pol\u00edtica del \u00e1rea a comienzo de este a\u00f1o .<\/p>\n<a href=\"https:\/\/atecordoba.org\/wp-content\/uploads\/2020\/12\/Cartilla-Acci\u00f3n-Social-ATE-C\u00f3rdoba-Comp.-2.pdf\" class=\"pdfemb-viewer\" style=\"\" data-width=\"max\" data-height=\"max\" data-toolbar=\"bottom\" data-toolbar-fixed=\"off\">Cartilla Acci\u00f3n Social ATE C\u00f3rdoba - Comp.<\/a>\n<p>Contreras puntualiz\u00f3 que, adem\u00e1s, &#8220;esta semana estar\u00e1 tambi\u00e9n completa la propuesta de turismo para este a\u00f1o tan at\u00edpico que estamos viviendo&#8221;. En ese sentido, el secretario explic\u00f3 que &#8220;las empresas con las que trabajamos han asumido los compromisos de cumplimiento de protocolos y toda otra exigencia que las disposiciones sanitarias actuales ameriten&#8221;.<\/p>\n","protected":false},"excerpt":{"rendered":"<p>La Secretar\u00eda de Acci\u00f3n Social del Consejo Directivo Provincial (CDP) present\u00f3 su &#8220;cartilla de beneficios y convenios&#8221; que ATE C\u00f3rdoba brinda a sus afiliadas y afiliados que formen parte del CDP directamente (Capital y alrededores). Esto se realiza en el marco de las definiciones que la conducci\u00f3n de ATE elabor\u00f3 para este per\u00edodo iniciado en [&hellip;]<\/p>\n","protected":false},"author":6,"featured_media":23601,"comment_status":"open","ping_status":"open","sticky":false,"template":"","format":"standard","meta":{"_exactmetrics_skip_tracking":false,"_exactmetrics_sitenote_active":false,"_exactmetrics_sitenote_note":"","_exactmetrics_sitenote_category":0,"jnews-multi-image_gallery":[],"jnews_single_post":{"source_name":"","source_url":"","via_name":"","via_url":"","override_template":"0","override":[{"template":"1","single_blog_custom":"","parallax":"1","fullscreen":"0","layout":"right-sidebar","sidebar":"default-sidebar","second_sidebar":"default-sidebar","sticky_sidebar":"1","share_position":"top","share_float_style":"share-monocrhome","show_share_counter":"1","show_view_counter":"1","show_featured":"1","show_post_meta":"1","show_post_author":"1","show_post_author_image":"1","show_post_date":"1","post_date_format":"default","post_date_format_custom":"Y\/m\/d","show_post_category":"1","show_post_reading_time":"0","post_reading_time_wpm":"300","show_zoom_button":"0","zoom_button_out_step":"2","zoom_button_in_step":"3","show_post_tag":"1","show_prev_next_post":"1","show_popup_post":"1","number_popup_post":"1","show_author_box":"0","show_post_related":"0","show_inline_post_related":"0"}],"override_image_size":"0","image_override":[{"single_post_thumbnail_size":"crop-500","single_post_gallery_size":"crop-500"}],"trending_post":"0","trending_post_position":"meta","trending_post_label":"Trending","sponsored_post":"0","sponsored_post_label":"Sponsored by","sponsored_post_name":"","sponsored_post_url":"","sponsored_post_logo_enable":"0","sponsored_post_logo":"","sponsored_post_desc":""},"jnews_primary_category":{"id":""},"jnews_social_meta":{"fb_title":"","fb_description":"","fb_image":"","twitter_title":"","twitter_description":"","twitter_image":""},"jnews_review":[],"enable_review":"0","type":"percentage","name":"","summary":"","brand":"","sku":"","good":[{"good_text":""}],"bad":[{"bad_text":""}],"score_override":"","override_value":"","rating":[{"rating_text":"","rating_number":"10"}],"price":[{"shop":"","price":"","link":"","icon":""}],"jnews_override_counter":{"override_view_counter":"0","view_counter_number":"0","override_share_counter":"0","share_counter_number":"0","override_like_counter":"0","like_counter_number":"0","override_dislike_counter":"0","dislike_counter_number":"0"},"jnews_post_split":{"enable_post_split":"0","post_split":[{"template":"1","tag":"h2","numbering":"asc","mode":"normal"}]},"footnotes":""},"categories":[75,341],"tags":[],"class_list":["post-23587","post","type-post","status-publish","format-standard","has-post-thumbnail","hentry","category-accion-social","category-cdp"],"jetpack_featured_media_url":"https:\/\/atecordoba.org\/wp-content\/uploads\/2020\/12\/Portada-cartilla-acci\u00f3n-social-2020-80.jpg","_links":{"self":[{"href":"https:\/\/atecordoba.org\/index.php?rest_route=\/wp\/v2\/posts\/23587","targetHints":{"allow":["GET"]}}],"collection":[{"href":"https:\/\/atecordoba.org\/index.php?rest_route=\/wp\/v2\/posts"}],"about":[{"href":"https:\/\/atecordoba.org\/index.php?rest_route=\/wp\/v2\/types\/post"}],"author":[{"embeddable":true,"href":"https:\/\/atecordoba.org\/index.php?rest_route=\/wp\/v2\/users\/6"}],"replies":[{"embeddable":true,"href":"https:\/\/atecordoba.org\/index.php?rest_route=%2Fwp%2Fv2%2Fcomments&post=23587"}],"version-history":[{"count":1,"href":"https:\/\/atecordoba.org\/index.php?rest_route=\/wp\/v2\/posts\/23587\/revisions"}],"predecessor-version":[{"id":23600,"href":"https:\/\/atecordoba.org\/index.php?rest_route=\/wp\/v2\/posts\/23587\/revisions\/23600"}],"wp:featuredmedia":[{"embeddable":true,"href":"https:\/\/atecordoba.org\/index.php?rest_route=\/wp\/v2\/media\/23601"}],"wp:attachment":[{"href":"https:\/\/atecordoba.org\/index.php?rest_route=%2Fwp%2Fv2%2Fmedia&parent=23587"}],"wp:term":[{"taxonomy":"category","embeddable":true,"href":"https:\/\/atecordoba.org\/index.php?rest_route=%2Fwp%2Fv2%2Fcategories&post=23587"},{"taxonomy":"post_tag","embeddable":true,"href":"https:\/\/atecordoba.org\/index.php?rest_route=%2Fwp%2Fv2%2Ftags&post=23587"}],"curies":[{"name":"wp","href":"https:\/\/api.w.org\/{rel}","templated":true}]}}