{"id":23583,"date":"2020-12-09T09:39:30","date_gmt":"2020-12-09T12:39:30","guid":{"rendered":"https:\/\/atecordoba.org\/?p=23583"},"modified":"2020-12-09T09:39:30","modified_gmt":"2020-12-09T12:39:30","slug":"cosquin-mas-reclamos-por-violencia-institucional","status":"publish","type":"post","link":"https:\/\/atecordoba.org\/?p=23583","title":{"rendered":"Cosqu\u00edn: m\u00e1s reclamos por violencia institucional"},"content":{"rendered":"<p><img loading=\"lazy\" decoding=\"async\" class=\" wp-image-23584 aligncenter\" src=\"https:\/\/atecordoba.org\/wp-content\/uploads\/2020\/12\/cosquin-300x135.jpeg\" alt=\"\" width=\"600\" height=\"270\" srcset=\"https:\/\/atecordoba.org\/wp-content\/uploads\/2020\/12\/cosquin-300x135.jpeg 300w, https:\/\/atecordoba.org\/wp-content\/uploads\/2020\/12\/cosquin-1024x462.jpeg 1024w, https:\/\/atecordoba.org\/wp-content\/uploads\/2020\/12\/cosquin-768x346.jpeg 768w, https:\/\/atecordoba.org\/wp-content\/uploads\/2020\/12\/cosquin-750x338.jpeg 750w, https:\/\/atecordoba.org\/wp-content\/uploads\/2020\/12\/cosquin.jpeg 1080w\" sizes=\"auto, (max-width: 600px) 100vw, 600px\" \/>La seccional ATE Cruz del Eje reclam\u00f3 al Departamento ejecutivo el &#8220;fin de la violencia institucional y la persecuci\u00f3n amenazas a los trabajadores, fin de la violencia econ\u00f3mica y los manoseos a los sueldos de activos y jubilados, y la reincorporaci\u00f3n inmediata de la trabajadora despedida.<\/p>\n<p>ATE viene realizando <a href=\"https:\/\/atecordoba.org\/?p=23347\">una campa\u00f1a p\u00fablica de denuncias<\/a> ante del clima de amedrentamientos y terror que impera en la comuna, sin que hasta el momento la autoridad municipal atine a intervenir y modificar la situaci\u00f3n.<\/p>\n<p>En noviembre, Musso despidi\u00f3 a una trabajadora que acaba de tener familia, despu\u00e9s de un largo proceso de acoso laboral que motiv\u00f3 la intervenci\u00f3n del Departamento de G\u00e9neros y Diversidades del Consejo Directivo Provincial.<\/p>\n","protected":false},"excerpt":{"rendered":"<p>La seccional ATE Cruz del Eje reclam\u00f3 al Departamento ejecutivo el &#8220;fin de la violencia institucional y la persecuci\u00f3n amenazas a los trabajadores, fin de la violencia econ\u00f3mica y los manoseos a los sueldos de activos y jubilados, y la reincorporaci\u00f3n inmediata de la trabajadora despedida. ATE viene realizando una campa\u00f1a p\u00fablica de denuncias ante [&hellip;]<\/p>\n","protected":false},"author":7,"featured_media":23584,"comment_status":"open","ping_status":"open","sticky":true,"template":"","format":"standard","meta":{"_exactmetrics_skip_tracking":false,"_exactmetrics_sitenote_active":false,"_exactmetrics_sitenote_note":"","_exactmetrics_sitenote_category":0,"jnews-multi-image_gallery":[],"jnews_single_post":{"source_name":"","source_url":"","via_name":"","via_url":"","override_template":"0","override":[{"template":"1","single_blog_custom":"","parallax":"1","fullscreen":"0","layout":"right-sidebar","sidebar":"default-sidebar","second_sidebar":"default-sidebar","sticky_sidebar":"1","share_position":"top","share_float_style":"share-monocrhome","show_share_counter":"1","show_view_counter":"1","show_featured":"1","show_post_meta":"1","show_post_author":"1","show_post_author_image":"1","show_post_date":"1","post_date_format":"default","post_date_format_custom":"Y\/m\/d","show_post_category":"1","show_post_reading_time":"0","post_reading_time_wpm":"300","show_zoom_button":"0","zoom_button_out_step":"2","zoom_button_in_step":"3","show_post_tag":"1","show_prev_next_post":"1","show_popup_post":"1","number_popup_post":"1","show_author_box":"0","show_post_related":"0","show_inline_post_related":"0"}],"override_image_size":"0","image_override":[{"single_post_thumbnail_size":"crop-500","single_post_gallery_size":"crop-500"}],"trending_post":"0","trending_post_position":"meta","trending_post_label":"Trending","sponsored_post":"0","sponsored_post_label":"Sponsored by","sponsored_post_name":"","sponsored_post_url":"","sponsored_post_logo_enable":"0","sponsored_post_logo":"","sponsored_post_desc":""},"jnews_primary_category":{"id":""},"jnews_social_meta":{"fb_title":"","fb_description":"","fb_image":"","twitter_title":"","twitter_description":"","twitter_image":""},"jnews_review":[],"enable_review":"0","type":"percentage","name":"","summary":"","brand":"","sku":"","good":[{"good_text":""}],"bad":[{"bad_text":""}],"score_override":"","override_value":"","rating":[{"rating_text":"","rating_number":"10"}],"price":[{"shop":"","price":"","link":"","icon":""}],"jnews_override_counter":{"override_view_counter":"0","view_counter_number":"0","override_share_counter":"0","share_counter_number":"0","override_like_counter":"0","like_counter_number":"0","override_dislike_counter":"0","dislike_counter_number":"0"},"jnews_post_split":{"enable_post_split":"0","post_split":[{"template":"1","tag":"h2","numbering":"asc","mode":"normal"}]},"footnotes":""},"categories":[150,20],"tags":[502],"class_list":["post-23583","post","type-post","status-publish","format-standard","has-post-thumbnail","hentry","category-cruz-del-eje","category-municipales","tag-cosquin"],"jetpack_featured_media_url":"https:\/\/atecordoba.org\/wp-content\/uploads\/2020\/12\/cosquin.jpeg","_links":{"self":[{"href":"https:\/\/atecordoba.org\/index.php?rest_route=\/wp\/v2\/posts\/23583","targetHints":{"allow":["GET"]}}],"collection":[{"href":"https:\/\/atecordoba.org\/index.php?rest_route=\/wp\/v2\/posts"}],"about":[{"href":"https:\/\/atecordoba.org\/index.php?rest_route=\/wp\/v2\/types\/post"}],"author":[{"embeddable":true,"href":"https:\/\/atecordoba.org\/index.php?rest_route=\/wp\/v2\/users\/7"}],"replies":[{"embeddable":true,"href":"https:\/\/atecordoba.org\/index.php?rest_route=%2Fwp%2Fv2%2Fcomments&post=23583"}],"version-history":[{"count":1,"href":"https:\/\/atecordoba.org\/index.php?rest_route=\/wp\/v2\/posts\/23583\/revisions"}],"predecessor-version":[{"id":23585,"href":"https:\/\/atecordoba.org\/index.php?rest_route=\/wp\/v2\/posts\/23583\/revisions\/23585"}],"wp:featuredmedia":[{"embeddable":true,"href":"https:\/\/atecordoba.org\/index.php?rest_route=\/wp\/v2\/media\/23584"}],"wp:attachment":[{"href":"https:\/\/atecordoba.org\/index.php?rest_route=%2Fwp%2Fv2%2Fmedia&parent=23583"}],"wp:term":[{"taxonomy":"category","embeddable":true,"href":"https:\/\/atecordoba.org\/index.php?rest_route=%2Fwp%2Fv2%2Fcategories&post=23583"},{"taxonomy":"post_tag","embeddable":true,"href":"https:\/\/atecordoba.org\/index.php?rest_route=%2Fwp%2Fv2%2Ftags&post=23583"}],"curies":[{"name":"wp","href":"https:\/\/api.w.org\/{rel}","templated":true}]}}