{"id":23577,"date":"2020-12-09T09:18:04","date_gmt":"2020-12-09T12:18:04","guid":{"rendered":"https:\/\/atecordoba.org\/?p=23577"},"modified":"2020-12-09T09:18:04","modified_gmt":"2020-12-09T12:18:04","slug":"salsacate-reunion-con-el-departamento-ejecutivo","status":"publish","type":"post","link":"https:\/\/atecordoba.org\/?p=23577","title":{"rendered":"Salsacate: reuni\u00f3n con el Departamento Ejecutivo"},"content":{"rendered":"<p><img loading=\"lazy\" decoding=\"async\" class=\"size-medium wp-image-23578 alignleft\" src=\"https:\/\/atecordoba.org\/wp-content\/uploads\/2020\/12\/salsacate-300x225.jpeg\" alt=\"\" width=\"300\" height=\"225\" srcset=\"https:\/\/atecordoba.org\/wp-content\/uploads\/2020\/12\/salsacate-300x225.jpeg 300w, https:\/\/atecordoba.org\/wp-content\/uploads\/2020\/12\/salsacate-1024x768.jpeg 1024w, https:\/\/atecordoba.org\/wp-content\/uploads\/2020\/12\/salsacate-768x576.jpeg 768w, https:\/\/atecordoba.org\/wp-content\/uploads\/2020\/12\/salsacate-750x563.jpeg 750w, https:\/\/atecordoba.org\/wp-content\/uploads\/2020\/12\/salsacate.jpeg 1040w\" sizes=\"auto, (max-width: 300px) 100vw, 300px\" \/>La semana pasada, la seccional ATE Cruz del Eje mantuvo una reuni\u00f3n con el Departamento Ejecutivo de la Municipalidad de Salsacate, en el marco del reconocimiento de la representaci\u00f3n que ostenta nuestro gremio de las y los trabajadores municipales de la localidad.<\/p>\n<p>As\u00ed, el secretario general, Daniel Allende, acompa\u00f1ado la delegada Natalia Tello y el delegado\u00a0 Jorge Salinas, plantearon la agenda inicial de reclamos que tiene el plantel de personal.<\/p>\n<p>Los representantes de ATE plantearon la necesidad de la conformaci\u00f3n de comisi\u00f3n de asuntos laborales, recategorizaci\u00f3n del personal, incremento salarial, ropa de trabajo, licencia sanitaria y jornada laboral del equipo de salud del Hospital Municipal y el pago de adicionales por tareas insalubres y riesgosas.<\/p>\n","protected":false},"excerpt":{"rendered":"<p>La semana pasada, la seccional ATE Cruz del Eje mantuvo una reuni\u00f3n con el Departamento Ejecutivo de la Municipalidad de Salsacate, en el marco del reconocimiento de la representaci\u00f3n que ostenta nuestro gremio de las y los trabajadores municipales de la localidad. As\u00ed, el secretario general, Daniel Allende, acompa\u00f1ado la delegada Natalia Tello y el [&hellip;]<\/p>\n","protected":false},"author":7,"featured_media":23578,"comment_status":"open","ping_status":"open","sticky":true,"template":"","format":"standard","meta":{"_exactmetrics_skip_tracking":false,"_exactmetrics_sitenote_active":false,"_exactmetrics_sitenote_note":"","_exactmetrics_sitenote_category":0,"jnews-multi-image_gallery":[],"jnews_single_post":{"source_name":"","source_url":"","via_name":"","via_url":"","override_template":"0","override":[{"template":"1","single_blog_custom":"","parallax":"1","fullscreen":"0","layout":"right-sidebar","sidebar":"default-sidebar","second_sidebar":"default-sidebar","sticky_sidebar":"1","share_position":"top","share_float_style":"share-monocrhome","show_share_counter":"1","show_view_counter":"1","show_featured":"1","show_post_meta":"1","show_post_author":"1","show_post_author_image":"1","show_post_date":"1","post_date_format":"default","post_date_format_custom":"Y\/m\/d","show_post_category":"1","show_post_reading_time":"0","post_reading_time_wpm":"300","show_zoom_button":"0","zoom_button_out_step":"2","zoom_button_in_step":"3","show_post_tag":"1","show_prev_next_post":"1","show_popup_post":"1","number_popup_post":"1","show_author_box":"0","show_post_related":"0","show_inline_post_related":"0"}],"override_image_size":"0","image_override":[{"single_post_thumbnail_size":"crop-500","single_post_gallery_size":"crop-500"}],"trending_post":"0","trending_post_position":"meta","trending_post_label":"Trending","sponsored_post":"0","sponsored_post_label":"Sponsored by","sponsored_post_name":"","sponsored_post_url":"","sponsored_post_logo_enable":"0","sponsored_post_logo":"","sponsored_post_desc":""},"jnews_primary_category":{"id":""},"jnews_social_meta":{"fb_title":"","fb_description":"","fb_image":"","twitter_title":"","twitter_description":"","twitter_image":""},"jnews_review":[],"enable_review":"0","type":"percentage","name":"","summary":"","brand":"","sku":"","good":[{"good_text":""}],"bad":[{"bad_text":""}],"score_override":"","override_value":"","rating":[{"rating_text":"","rating_number":"10"}],"price":[{"shop":"","price":"","link":"","icon":""}],"jnews_override_counter":{"override_view_counter":"0","view_counter_number":"0","override_share_counter":"0","share_counter_number":"0","override_like_counter":"0","like_counter_number":"0","override_dislike_counter":"0","dislike_counter_number":"0"},"jnews_post_split":{"enable_post_split":"0","post_split":[{"template":"1","tag":"h2","numbering":"asc","mode":"normal"}]},"footnotes":""},"categories":[150,20],"tags":[500],"class_list":["post-23577","post","type-post","status-publish","format-standard","has-post-thumbnail","hentry","category-cruz-del-eje","category-municipales","tag-salsacate"],"jetpack_featured_media_url":"https:\/\/atecordoba.org\/wp-content\/uploads\/2020\/12\/salsacate.jpeg","_links":{"self":[{"href":"https:\/\/atecordoba.org\/index.php?rest_route=\/wp\/v2\/posts\/23577","targetHints":{"allow":["GET"]}}],"collection":[{"href":"https:\/\/atecordoba.org\/index.php?rest_route=\/wp\/v2\/posts"}],"about":[{"href":"https:\/\/atecordoba.org\/index.php?rest_route=\/wp\/v2\/types\/post"}],"author":[{"embeddable":true,"href":"https:\/\/atecordoba.org\/index.php?rest_route=\/wp\/v2\/users\/7"}],"replies":[{"embeddable":true,"href":"https:\/\/atecordoba.org\/index.php?rest_route=%2Fwp%2Fv2%2Fcomments&post=23577"}],"version-history":[{"count":1,"href":"https:\/\/atecordoba.org\/index.php?rest_route=\/wp\/v2\/posts\/23577\/revisions"}],"predecessor-version":[{"id":23579,"href":"https:\/\/atecordoba.org\/index.php?rest_route=\/wp\/v2\/posts\/23577\/revisions\/23579"}],"wp:featuredmedia":[{"embeddable":true,"href":"https:\/\/atecordoba.org\/index.php?rest_route=\/wp\/v2\/media\/23578"}],"wp:attachment":[{"href":"https:\/\/atecordoba.org\/index.php?rest_route=%2Fwp%2Fv2%2Fmedia&parent=23577"}],"wp:term":[{"taxonomy":"category","embeddable":true,"href":"https:\/\/atecordoba.org\/index.php?rest_route=%2Fwp%2Fv2%2Fcategories&post=23577"},{"taxonomy":"post_tag","embeddable":true,"href":"https:\/\/atecordoba.org\/index.php?rest_route=%2Fwp%2Fv2%2Ftags&post=23577"}],"curies":[{"name":"wp","href":"https:\/\/api.w.org\/{rel}","templated":true}]}}