{"id":23573,"date":"2020-12-09T09:02:52","date_gmt":"2020-12-09T12:02:52","guid":{"rendered":"https:\/\/atecordoba.org\/?p=23573"},"modified":"2020-12-09T09:04:05","modified_gmt":"2020-12-09T12:04:05","slug":"alpa-corral-ate-cierra-la-paritaria-y-alcanza-un-43","status":"publish","type":"post","link":"https:\/\/atecordoba.org\/?p=23573","title":{"rendered":"Alpa Corral: ATE cierra la paritaria y alcanza un 43%"},"content":{"rendered":"<figure id=\"attachment_23574\" aria-describedby=\"caption-attachment-23574\" style=\"width: 656px\" class=\"wp-caption aligncenter\"><img loading=\"lazy\" decoding=\"async\" class=\"wp-image-23574\" src=\"https:\/\/atecordoba.org\/wp-content\/uploads\/2020\/12\/reunion-con-intendente-300x135.png\" alt=\"\" width=\"656\" height=\"295\" srcset=\"https:\/\/atecordoba.org\/wp-content\/uploads\/2020\/12\/reunion-con-intendente-300x135.png 300w, https:\/\/atecordoba.org\/wp-content\/uploads\/2020\/12\/reunion-con-intendente-768x346.png 768w, https:\/\/atecordoba.org\/wp-content\/uploads\/2020\/12\/reunion-con-intendente-750x338.png 750w, https:\/\/atecordoba.org\/wp-content\/uploads\/2020\/12\/reunion-con-intendente.png 914w\" sizes=\"auto, (max-width: 656px) 100vw, 656px\" \/><figcaption id=\"caption-attachment-23574\" class=\"wp-caption-text\">La delegaci\u00f3n de ATE junto a la intendenta Ortiz.<\/figcaption><\/figure>\n<p>La semana pasada la seccional ATE R\u00edo Cuarto acord\u00f3 un nuevo incremento del 8% para las y los trabajadores municipales de la localidad de Alpa Corral durante la reuni\u00f3n paritaria, llegando as\u00ed a un 43% de aumento salarial\u00a0 para el 2020.<\/p>\n<p>La secretaria General, Rafaela Alcoba,\u00a0 el secretario Gremial, Pablo Irusta, junto a Mauricio Macci\u00f3 del bloque de finanzas y el delegado local Gerardo Alfonso, se reunieron con la Intendenta Mar\u00eda Nelida Ortiz para la firma del acuerdo.<img loading=\"lazy\" decoding=\"async\" class=\" wp-image-23575 aligncenter\" src=\"https:\/\/atecordoba.org\/wp-content\/uploads\/2020\/12\/recorrida-alpa-corral-300x256.png\" alt=\"\" width=\"492\" height=\"420\" srcset=\"https:\/\/atecordoba.org\/wp-content\/uploads\/2020\/12\/recorrida-alpa-corral-300x256.png 300w, https:\/\/atecordoba.org\/wp-content\/uploads\/2020\/12\/recorrida-alpa-corral.png 526w\" sizes=\"auto, (max-width: 492px) 100vw, 492px\" \/><\/p>\n<p>En esa l\u00ednea, ATE recorri\u00f3 tambi\u00e9n las dependencias municipales para discutir sobre la situaci\u00f3n de las y los compa\u00f1eros y realizar una balance de fin de a\u00f1o de los avances en el sector.<\/p>\n","protected":false},"excerpt":{"rendered":"<p>La semana pasada la seccional ATE R\u00edo Cuarto acord\u00f3 un nuevo incremento del 8% para las y los trabajadores municipales de la localidad de Alpa Corral durante la reuni\u00f3n paritaria, llegando as\u00ed a un 43% de aumento salarial\u00a0 para el 2020. La secretaria General, Rafaela Alcoba,\u00a0 el secretario Gremial, Pablo Irusta, junto a Mauricio Macci\u00f3 [&hellip;]<\/p>\n","protected":false},"author":7,"featured_media":23574,"comment_status":"open","ping_status":"open","sticky":true,"template":"","format":"standard","meta":{"_exactmetrics_skip_tracking":false,"_exactmetrics_sitenote_active":false,"_exactmetrics_sitenote_note":"","_exactmetrics_sitenote_category":0,"jnews-multi-image_gallery":[],"jnews_single_post":{"source_name":"","source_url":"","via_name":"","via_url":"","override_template":"0","override":[{"template":"1","single_blog_custom":"","parallax":"1","fullscreen":"0","layout":"right-sidebar","sidebar":"default-sidebar","second_sidebar":"default-sidebar","sticky_sidebar":"1","share_position":"top","share_float_style":"share-monocrhome","show_share_counter":"1","show_view_counter":"1","show_featured":"1","show_post_meta":"1","show_post_author":"1","show_post_author_image":"1","show_post_date":"1","post_date_format":"default","post_date_format_custom":"Y\/m\/d","show_post_category":"1","show_post_reading_time":"0","post_reading_time_wpm":"300","show_zoom_button":"0","zoom_button_out_step":"2","zoom_button_in_step":"3","show_post_tag":"1","show_prev_next_post":"1","show_popup_post":"1","number_popup_post":"1","show_author_box":"0","show_post_related":"0","show_inline_post_related":"0"}],"override_image_size":"0","image_override":[{"single_post_thumbnail_size":"crop-500","single_post_gallery_size":"crop-500"}],"trending_post":"0","trending_post_position":"meta","trending_post_label":"Trending","sponsored_post":"0","sponsored_post_label":"Sponsored by","sponsored_post_name":"","sponsored_post_url":"","sponsored_post_logo_enable":"0","sponsored_post_logo":"","sponsored_post_desc":""},"jnews_primary_category":{"id":""},"jnews_social_meta":{"fb_title":"","fb_description":"","fb_image":"","twitter_title":"","twitter_description":"","twitter_image":""},"jnews_review":[],"enable_review":"0","type":"percentage","name":"","summary":"","brand":"","sku":"","good":[{"good_text":""}],"bad":[{"bad_text":""}],"score_override":"","override_value":"","rating":[{"rating_text":"","rating_number":"10"}],"price":[{"shop":"","price":"","link":"","icon":""}],"jnews_override_counter":{"override_view_counter":"0","view_counter_number":"0","override_share_counter":"0","share_counter_number":"0","override_like_counter":"0","like_counter_number":"0","override_dislike_counter":"0","dislike_counter_number":"0"},"jnews_post_split":{"enable_post_split":"0","post_split":[{"template":"1","tag":"h2","numbering":"asc","mode":"normal"}]},"footnotes":""},"categories":[20,12],"tags":[599],"class_list":["post-23573","post","type-post","status-publish","format-standard","has-post-thumbnail","hentry","category-municipales","category-rio-cuarto","tag-paritaria"],"jetpack_featured_media_url":"https:\/\/atecordoba.org\/wp-content\/uploads\/2020\/12\/reunion-con-intendente.png","_links":{"self":[{"href":"https:\/\/atecordoba.org\/index.php?rest_route=\/wp\/v2\/posts\/23573","targetHints":{"allow":["GET"]}}],"collection":[{"href":"https:\/\/atecordoba.org\/index.php?rest_route=\/wp\/v2\/posts"}],"about":[{"href":"https:\/\/atecordoba.org\/index.php?rest_route=\/wp\/v2\/types\/post"}],"author":[{"embeddable":true,"href":"https:\/\/atecordoba.org\/index.php?rest_route=\/wp\/v2\/users\/7"}],"replies":[{"embeddable":true,"href":"https:\/\/atecordoba.org\/index.php?rest_route=%2Fwp%2Fv2%2Fcomments&post=23573"}],"version-history":[{"count":1,"href":"https:\/\/atecordoba.org\/index.php?rest_route=\/wp\/v2\/posts\/23573\/revisions"}],"predecessor-version":[{"id":23576,"href":"https:\/\/atecordoba.org\/index.php?rest_route=\/wp\/v2\/posts\/23573\/revisions\/23576"}],"wp:featuredmedia":[{"embeddable":true,"href":"https:\/\/atecordoba.org\/index.php?rest_route=\/wp\/v2\/media\/23574"}],"wp:attachment":[{"href":"https:\/\/atecordoba.org\/index.php?rest_route=%2Fwp%2Fv2%2Fmedia&parent=23573"}],"wp:term":[{"taxonomy":"category","embeddable":true,"href":"https:\/\/atecordoba.org\/index.php?rest_route=%2Fwp%2Fv2%2Fcategories&post=23573"},{"taxonomy":"post_tag","embeddable":true,"href":"https:\/\/atecordoba.org\/index.php?rest_route=%2Fwp%2Fv2%2Ftags&post=23573"}],"curies":[{"name":"wp","href":"https:\/\/api.w.org\/{rel}","templated":true}]}}