{"id":23563,"date":"2020-12-04T16:04:15","date_gmt":"2020-12-04T19:04:15","guid":{"rendered":"https:\/\/atecordoba.org\/?p=23563"},"modified":"2020-12-09T12:08:53","modified_gmt":"2020-12-09T15:08:53","slug":"universidad-provincial-de-cordoba-un-nuevo-sector-se-suma-a-ate","status":"publish","type":"post","link":"https:\/\/atecordoba.org\/?p=23563","title":{"rendered":"Universidad Provincial de C\u00f3rdoba: un nuevo sector se suma a ATE"},"content":{"rendered":"<div class=\"fb-video\" data-href=\"https:\/\/www.facebook.com\/atecba\/videos\/390011342287554\/\" data-show-text=\"false\" data-width=\"\">\n<blockquote class=\"fb-xfbml-parse-ignore\" cite=\"https:\/\/developers.facebook.com\/atecba\/videos\/390011342287554\/\"><p>&nbsp;<\/p>\n<p>#ahora 70 trabajadoras y trabajadores de la Universidad Provincial se afilian a ATE C\u00f3rdoba.<\/p>\n<p>Es con todos y todas.<\/p>\n<p>ATE siempre est\u00e1.<\/p>\n<p>Publicado por <a href=\"https:\/\/www.facebook.com\/atecba\/\">ATE &#8211; CDP Cordoba<\/a> en Viernes, 4 de diciembre de 2020<\/p><\/blockquote>\n<\/div>\n<p>&nbsp;<\/p>\n<p>El Consejo Directivo Provincial (CDP) inform\u00f3 hoy a la Universidad Provincial de C\u00f3rdoba (UPC) que alrededor de 70 trabajadores y trabajadoras optaron por nuestra organizaci\u00f3n para ser representados frente a la patronal, conformando un nuevo sector de los estatales provinciales que se integran a ATE.<\/p>\n<p>La Universidad Provincial es un organismo educativo constituido en 2007 que aun se encuentra en proceso de normalizaci\u00f3n, donde est\u00e1n integradas las antiguas escuelas terciarias de la Provincia. El nuevo panorama donde la instituci\u00f3n debe definir la relaci\u00f3n con sus trabajadoras y trabajadores, sean docentes o codocentes (el equivalente a los nodocentes en las Universidades Nacionales) exigen una organizaci\u00f3n sindical que represente sus intereses de manera fehaciente y en base a una estructura organizativa que garantice la representaci\u00f3n democr\u00e1tica del sector. Juan Sebasti\u00e1n Valfr\u00e9, uno de los delegados normalizadores y codocente de la UPC explic\u00f3 que reclaman que se reconozca &#8220;a cada trabajador y trabajadora de la Universidad como ciudadanos y ciudadanas universitarias, con plena potestad de elegir y formar parte de los \u00f3rganos cogobernados y otras instancias representativas de gobierno de la UPC. Son derechos pol\u00edticos que deben ser respetados a priori: las evaluaciones que se pretenden instaurar para &#8220;categorizar&#8221; a quienes puedan o no elegir y ser elegidos cercenan el esp\u00edritu democr\u00e1tico que deber\u00eda tener la instituci\u00f3n&#8221;, expres\u00f3. Este colectivo de trabajadoras y trabajadores que hoy forman parte de ATE C\u00f3rdoba exigen el cumplimiento de los derechos pol\u00edticos sin desmedro, por ello, de que se realicen evaluaciones &#8220;en base a los derechos que as\u00ed lo asistan&#8221;, explic\u00f3 Valfr\u00e9.<\/p>\n<p>Para ese fin, el colectivo de nuevos afiliados y afiliadas eligi\u00f3 siete delegados\/as normalizadoras\/es en la instituci\u00f3n, que fueron designados oportunamente por el CDP mediante acta pertinente.<\/p>\n<figure id=\"attachment_23564\" aria-describedby=\"caption-attachment-23564\" style=\"width: 499px\" class=\"wp-caption alignright\"><img loading=\"lazy\" decoding=\"async\" class=\"wp-image-23564\" src=\"https:\/\/atecordoba.org\/wp-content\/uploads\/2020\/12\/WhatsApp-Image-2020-12-04-at-13.41.31-300x139.jpeg\" alt=\"\" width=\"499\" height=\"231\" srcset=\"https:\/\/atecordoba.org\/wp-content\/uploads\/2020\/12\/WhatsApp-Image-2020-12-04-at-13.41.31-300x139.jpeg 300w, https:\/\/atecordoba.org\/wp-content\/uploads\/2020\/12\/WhatsApp-Image-2020-12-04-at-13.41.31-1024x473.jpeg 1024w, https:\/\/atecordoba.org\/wp-content\/uploads\/2020\/12\/WhatsApp-Image-2020-12-04-at-13.41.31-768x355.jpeg 768w, https:\/\/atecordoba.org\/wp-content\/uploads\/2020\/12\/WhatsApp-Image-2020-12-04-at-13.41.31-750x347.jpeg 750w, https:\/\/atecordoba.org\/wp-content\/uploads\/2020\/12\/WhatsApp-Image-2020-12-04-at-13.41.31.jpeg 1032w\" sizes=\"auto, (max-width: 499px) 100vw, 499px\" \/><figcaption id=\"caption-attachment-23564\" class=\"wp-caption-text\">Las y los trabajadores de la UPC junto a Giuliani.<\/figcaption><\/figure>\n<p><strong>Bienvenida<\/strong><\/p>\n<p>El Secretario General de ATE C\u00f3rdoba, Federico Giuliani, dio la bienvenida al nuestro gremio a las y los trabajadores de la Universidad Provincial.<\/p>\n<p>En un sencillo acto realizado en la sede de ATE C\u00f3rdoba, Giuliani dijo que &#8220;es un orgullo que un nuevo sector laboral se incorpore a nuestro sindicato. La obligaci\u00f3n natural de defender derechos laborales, el salario o la estabilidad en el empleo, y que las condiciones de trabajo en el contexto de pandemia y pospandemia, para trabajar con condiciones de higiene y seguridad laboral. Queremos participar en esa mesa paritaria&#8221;.<\/p>\n<p>El secretario General asegur\u00f3 que &#8220;hoy ATE es una realidad, somos una alternativa con un modelo sindical distinto, ni mejor ni peor que otros pero si diferente. No arreglamos a espaldas de los trabajadores como la burocracia sindical, nuestro gremio valora la asamblea y el mandato de base. Por eso, con los delegados normalizadores que van a ser paritarios, vamos a presionar para estar sentados en esa mesa de discusi\u00f3n que define el presente y el futuro de nuestros compa\u00f1eros y compa\u00f1eras&#8221;.<\/p>\n<p>Para Giuliani en una universidad p\u00fablica se disputa el conocimiento &#8220;y nosotros como trabajadores y trabajadoras queremos que ese conocimiento sea garantizado por una educaci\u00f3n p\u00fablica, gratuita, popular y de calidad. As\u00ed que les damos la bienvenida, esta es su casa y a seguir planteando la necesidad de comprometer al resto de los compa\u00f1eros y las compa\u00f1eras con ATE&#8221;.<\/p>\n<p>&nbsp;<\/p>\n<figure id=\"attachment_23566\" aria-describedby=\"caption-attachment-23566\" style=\"width: 600px\" class=\"wp-caption aligncenter\"><img loading=\"lazy\" decoding=\"async\" class=\"wp-image-23566\" src=\"https:\/\/atecordoba.org\/wp-content\/uploads\/2020\/12\/WhatsApp-Image-2020-12-04-at-13.59.56-300x169.jpeg\" alt=\"\" width=\"600\" height=\"338\" srcset=\"https:\/\/atecordoba.org\/wp-content\/uploads\/2020\/12\/WhatsApp-Image-2020-12-04-at-13.59.56-300x169.jpeg 300w, https:\/\/atecordoba.org\/wp-content\/uploads\/2020\/12\/WhatsApp-Image-2020-12-04-at-13.59.56-1024x576.jpeg 1024w, https:\/\/atecordoba.org\/wp-content\/uploads\/2020\/12\/WhatsApp-Image-2020-12-04-at-13.59.56-768x432.jpeg 768w, https:\/\/atecordoba.org\/wp-content\/uploads\/2020\/12\/WhatsApp-Image-2020-12-04-at-13.59.56-750x422.jpeg 750w, https:\/\/atecordoba.org\/wp-content\/uploads\/2020\/12\/WhatsApp-Image-2020-12-04-at-13.59.56-1140x641.jpeg 1140w, https:\/\/atecordoba.org\/wp-content\/uploads\/2020\/12\/WhatsApp-Image-2020-12-04-at-13.59.56.jpeg 1280w\" sizes=\"auto, (max-width: 600px) 100vw, 600px\" \/><figcaption id=\"caption-attachment-23566\" class=\"wp-caption-text\">Las fichas de afiliaci\u00f3n.<\/figcaption><\/figure>\n<p>&#8220;Somos una de las organizaciones m\u00e1s grandes del pa\u00eds, con la personer\u00eda gremial N\u00ba 2, que lucha pero que tambi\u00e9n\u00a0 gestiona. Por eso tenemos muchos beneficios sociales, culturales y recreativos que nuestros delegados y delegadas van a hacerles llegar&#8221;, apunt\u00f3 a los delegados presentes.<\/p>\n<p>Por eso defini\u00f3 que &#8220;hay que entender que la pelea es colectiva, que nadie se salva solo ni sola, y por eso es importante que se comprometan y se afilien para poder construir esa mayor\u00eda necesaria para poder cambiar la realidad&#8221;.<\/p>\n<p><strong>Voces del sector<\/strong><\/p>\n<p>Juan Sebasti\u00e1n Valfr\u00e9, designado delegado normalizador y codocente de la UPC dijo que &#8221; la etapa de normalizaci\u00f3n de la universidad, debi\u00f3 ser concluida en 2018 pero a\u00fan se encuentra en proceso, por lo tanto no est\u00e1n conformados los \u00f3rganos de cogobierno.\u00a0 Ninguna autoridad se elije democr\u00e1ticamente. No est\u00e1 constituido el Consejo Superior de la Universidad, ni los consejos directivos de las facultades, no hay nada. Hoy en d\u00eda el poder de la universidad se centraliza de manera un\u00edvoca en la rectora&#8221;.<\/p>\n<figure id=\"attachment_23565\" aria-describedby=\"caption-attachment-23565\" style=\"width: 544px\" class=\"wp-caption alignright\"><img loading=\"lazy\" decoding=\"async\" class=\"wp-image-23565\" src=\"https:\/\/atecordoba.org\/wp-content\/uploads\/2020\/12\/WhatsApp-Image-2020-12-04-at-13.59.57-300x139.jpeg\" alt=\"\" width=\"544\" height=\"252\" srcset=\"https:\/\/atecordoba.org\/wp-content\/uploads\/2020\/12\/WhatsApp-Image-2020-12-04-at-13.59.57-300x139.jpeg 300w, https:\/\/atecordoba.org\/wp-content\/uploads\/2020\/12\/WhatsApp-Image-2020-12-04-at-13.59.57-1024x473.jpeg 1024w, https:\/\/atecordoba.org\/wp-content\/uploads\/2020\/12\/WhatsApp-Image-2020-12-04-at-13.59.57-768x355.jpeg 768w, https:\/\/atecordoba.org\/wp-content\/uploads\/2020\/12\/WhatsApp-Image-2020-12-04-at-13.59.57-750x347.jpeg 750w, https:\/\/atecordoba.org\/wp-content\/uploads\/2020\/12\/WhatsApp-Image-2020-12-04-at-13.59.57.jpeg 1032w\" sizes=\"auto, (max-width: 544px) 100vw, 544px\" \/><figcaption id=\"caption-attachment-23565\" class=\"wp-caption-text\">Nota presentada en la UPC.<\/figcaption><\/figure>\n<p>Y agreg\u00f3 : &#8220;en ese marco, la universidad saca un reglamento en acuerdo con la UEPC que excluye al 40% de las y los trabajadores de la universidad de participar de la evaluaci\u00f3n acad\u00e9mica y por lo tanto no podr\u00e1n formar parte de la vida democr\u00e1tica universitaria. El 80% de los docentes sufren una contrataci\u00f3n precarizada&#8221;.<\/p>\n<p>Valfr\u00e9 dijo que las y los compa\u00f1eros de la UPC &#8220;reclaman la evaluaci\u00f3n en base a los derechos que as\u00ed lo asisten&#8221; pero considerando, ante todo, &#8220;a cada trabajador y trabajadora de la Universidad como ciudadanos y ciudadanas universitarios, con plena potestad de elegir y formar parte de los \u00f3rganos cogobernados y otras instancias representativas de gobierno de la UPC&#8221;.<\/p>\n<p>Por su parte, Andrea Ruiz, docente de la escuela de arte y delegada normalizadora, dijo que &#8220;esperamos el a\u00f1o que viene hacer elecciones de delegados porque ser\u00e1 una forma, junto con la conformaci\u00f3n de una Junta Interna, de instalar una pr\u00e1ctica democr\u00e1tica importante. Entendemos que esto que nos pasa en la actualidad es el desgaste por la falta de representatividad que tiene la UEPC en la Universidad&#8221;.<\/p>\n<p>La docente explic\u00f3 que &#8220;por eso salimos a buscar que otras posibilidades de organizaci\u00f3n, tenemos para salir de ese lugar donde nos sentimos. Convocamos a nuestros compa\u00f1eros y compa\u00f1eras que se sumen a la afiliaci\u00f3n porque tuvimos un muy buen recibiendo en ATE y es muy esperanzadora la posibilidad que se abre de trabajo, de activismo y de representaci\u00f3n para poder luchar nuestros derechos en los contextos donde se deciden nuestro destino como trabajadores&#8221;.<\/p>\n<p>A su vez, Bel\u00e9n, tambi\u00e9n docente y n\u00f3vel delegada normalizadora dijo que &#8220;en este momento nuestros derechos est\u00e1n siendo vulnerados, no participamos de ninguna manera en las resoluciones que se est\u00e1n tomando y queremos ser parte como docentes fundantes de la Universidad. Exigimos nuestra participaci\u00f3n en todas las decisiones que se tomen. Por eso invitamos a todos a afiliarse a ATE&#8221;.<\/p>\n","protected":false},"excerpt":{"rendered":"<p>&nbsp; #ahora 70 trabajadoras y trabajadores de la Universidad Provincial se afilian a ATE C\u00f3rdoba. Es con todos y todas. ATE siempre est\u00e1. Publicado por ATE &#8211; CDP Cordoba en Viernes, 4 de diciembre de 2020 &nbsp; El Consejo Directivo Provincial (CDP) inform\u00f3 hoy a la Universidad Provincial de C\u00f3rdoba (UPC) que alrededor de 70 [&hellip;]<\/p>\n","protected":false},"author":7,"featured_media":23564,"comment_status":"open","ping_status":"open","sticky":true,"template":"","format":"standard","meta":{"_exactmetrics_skip_tracking":false,"_exactmetrics_sitenote_active":false,"_exactmetrics_sitenote_note":"","_exactmetrics_sitenote_category":0,"jnews-multi-image_gallery":[],"jnews_single_post":{"source_name":"","source_url":"","via_name":"","via_url":"","override_template":"0","override":[{"template":"1","single_blog_custom":"","parallax":"1","fullscreen":"0","layout":"right-sidebar","sidebar":"default-sidebar","second_sidebar":"default-sidebar","sticky_sidebar":"1","share_position":"top","share_float_style":"share-monocrhome","show_share_counter":"1","show_view_counter":"1","show_featured":"1","show_post_meta":"1","show_post_author":"1","show_post_author_image":"1","show_post_date":"1","post_date_format":"default","post_date_format_custom":"Y\/m\/d","show_post_category":"1","show_post_reading_time":"0","post_reading_time_wpm":"300","show_zoom_button":"0","zoom_button_out_step":"2","zoom_button_in_step":"3","show_post_tag":"1","show_prev_next_post":"1","show_popup_post":"1","number_popup_post":"1","show_author_box":"0","show_post_related":"0","show_inline_post_related":"0"}],"override_image_size":"0","image_override":[{"single_post_thumbnail_size":"crop-500","single_post_gallery_size":"crop-500"}],"trending_post":"0","trending_post_position":"meta","trending_post_label":"Trending","sponsored_post":"0","sponsored_post_label":"Sponsored by","sponsored_post_name":"","sponsored_post_url":"","sponsored_post_logo_enable":"0","sponsored_post_logo":"","sponsored_post_desc":""},"jnews_primary_category":{"id":""},"jnews_social_meta":{"fb_title":"","fb_description":"","fb_image":"","twitter_title":"","twitter_description":"","twitter_image":""},"jnews_review":[],"enable_review":"0","type":"percentage","name":"","summary":"","brand":"","sku":"","good":[{"good_text":""}],"bad":[{"bad_text":""}],"score_override":"","override_value":"","rating":[{"rating_text":"","rating_number":"10"}],"price":[{"shop":"","price":"","link":"","icon":""}],"jnews_override_counter":{"override_view_counter":"0","view_counter_number":"0","override_share_counter":"0","share_counter_number":"0","override_like_counter":"0","like_counter_number":"0","override_dislike_counter":"0","dislike_counter_number":"0"},"jnews_post_split":{"enable_post_split":"0","post_split":[{"template":"1","tag":"h2","numbering":"asc","mode":"normal"}]},"footnotes":""},"categories":[8],"tags":[729],"class_list":["post-23563","post","type-post","status-publish","format-standard","has-post-thumbnail","hentry","category-provinciales","tag-universidad-provincial-de-cordoba"],"jetpack_featured_media_url":"https:\/\/atecordoba.org\/wp-content\/uploads\/2020\/12\/WhatsApp-Image-2020-12-04-at-13.41.31.jpeg","_links":{"self":[{"href":"https:\/\/atecordoba.org\/index.php?rest_route=\/wp\/v2\/posts\/23563","targetHints":{"allow":["GET"]}}],"collection":[{"href":"https:\/\/atecordoba.org\/index.php?rest_route=\/wp\/v2\/posts"}],"about":[{"href":"https:\/\/atecordoba.org\/index.php?rest_route=\/wp\/v2\/types\/post"}],"author":[{"embeddable":true,"href":"https:\/\/atecordoba.org\/index.php?rest_route=\/wp\/v2\/users\/7"}],"replies":[{"embeddable":true,"href":"https:\/\/atecordoba.org\/index.php?rest_route=%2Fwp%2Fv2%2Fcomments&post=23563"}],"version-history":[{"count":9,"href":"https:\/\/atecordoba.org\/index.php?rest_route=\/wp\/v2\/posts\/23563\/revisions"}],"predecessor-version":[{"id":23597,"href":"https:\/\/atecordoba.org\/index.php?rest_route=\/wp\/v2\/posts\/23563\/revisions\/23597"}],"wp:featuredmedia":[{"embeddable":true,"href":"https:\/\/atecordoba.org\/index.php?rest_route=\/wp\/v2\/media\/23564"}],"wp:attachment":[{"href":"https:\/\/atecordoba.org\/index.php?rest_route=%2Fwp%2Fv2%2Fmedia&parent=23563"}],"wp:term":[{"taxonomy":"category","embeddable":true,"href":"https:\/\/atecordoba.org\/index.php?rest_route=%2Fwp%2Fv2%2Fcategories&post=23563"},{"taxonomy":"post_tag","embeddable":true,"href":"https:\/\/atecordoba.org\/index.php?rest_route=%2Fwp%2Fv2%2Ftags&post=23563"}],"curies":[{"name":"wp","href":"https:\/\/api.w.org\/{rel}","templated":true}]}}