{"id":2352,"date":"2012-12-19T16:37:22","date_gmt":"2012-12-19T19:37:22","guid":{"rendered":"http:\/\/www.atecordoba.org\/?p=2352"},"modified":"2012-12-19T16:37:22","modified_gmt":"2012-12-19T19:37:22","slug":"amenazas-a-un-delegado-de-ate-en-la-carlota","status":"publish","type":"post","link":"https:\/\/atecordoba.org\/?p=2352","title":{"rendered":"Amenazas a un delegado de ATE en La Carlota"},"content":{"rendered":"<p><em>La seccional R\u00edo Cuarto denunci\u00f3 ayer que el intendente de esa ciudad intent\u00f3 amedrentar a un compa\u00f1ero, que fue elegido delegado a principios de mes. El comunicado completo.\u00a0<a href=\"http:\/\/www.atecordoba.org\/wp-content\/uploads\/2012\/12\/DSC012211.jpg\"><img loading=\"lazy\" decoding=\"async\" class=\"aligncenter size-medium wp-image-2355\" title=\"DSC01221\" src=\"http:\/\/www.atecordoba.org\/wp-content\/uploads\/2012\/12\/DSC012211-300x225.jpg\" alt=\"\" width=\"300\" height=\"225\" \/><\/a><\/em><\/p>\n<p>&nbsp;<\/p>\n<p>&#8220;El Intendente de\u00a0\u00a0La Carlota, Fabio Guaschino (UNION POR CORDOBA), amenaz\u00f3 verbalmente con dejar a una familia en la calle el DIA DE REYES. Se trata\u00a0del trabajador municipal, Luis Emilio Bressan, quien hace mas de seis a\u00f1os reviste como contratado en el municipio y a quien sus compa\u00f1eros eligieron como delegado de la\u00a0Asociaci\u00f3n\u00a0Trabajadores del Estado ( ATE) el\u00a0d\u00eda\u00a05 de diciembre.<\/p>\n<p>Lejos de practicar la cultura de la justicia social tan cara y sentida al peronismo, Fabio Guaschino, seguramente influenciado por su mentor, Javier Pretto, ex Intendente de esa localidad y actual dirigente provincial del PRO de Mauricio Macri, mantiene y profundiza la precarizaci\u00f3n y tercerizaci\u00f3n laboral, hasta llegar al colmo de que mas de la mitad de los trabajadores municipales se encuentran contratados, informales y en negro bajo la forma de contratos truchos y otros mecanismos de fraude laboral.<\/p>\n<p>Esta clara maniobra de\u00a0persecuci\u00f3n\u00a0y discriminaci\u00f3n sindical que pretende imponer Guaschino al estilo de un patr\u00f3n de estancia, es denunciada, y repudiada por ATE, organizaci\u00f3n que tomara todas las medidas gremiales, legales y pol\u00edticas que sean necesarias para defender el puesto de trabajo de Luis Emilio Bressan y la dignidad del conjunto de los municipales de La Carlota.<\/p>\n<p>Hacemos un llamado al Departamento Ejecutivo Municipal, al Concejo Deliberante, las organizaciones sociales, pol\u00edticas, partidarias, culturales y religiosas de la ciudad a que tomen cartas en el asunto y evitemos, entre todos, que se consuma una injusticia.<\/p>\n<p>No solo esta en juego el destino de un trabajador de la municipalidad, sino la necesidad de iniciar un debate serio acerca del nivel de precarizaci\u00f3n e informalidad que reina en el Estado, que deber\u00eda ser el primero en cumplir la Ley teniendo a sus trabajadores en blanco.<\/p>\n<p>Si tocan a uno, nos tocan a todos&#8221;.<\/p>\n<p>Federico Giuliani\u00a0\u00a0\u00a0\u00a0\u00a0\u00a0\u00a0 Rafaela Alcoba<\/p>\n<p>Secretario general\u00a0\u00a0 secretaria adjunta<\/p>\n<p>&nbsp;<\/p>\n","protected":false},"excerpt":{"rendered":"<p>La seccional R\u00edo Cuarto denunci\u00f3 ayer que el intendente de esa ciudad intent\u00f3 amedrentar a un compa\u00f1ero, que fue elegido delegado a principios de mes. El comunicado completo.\u00a0 &nbsp; &#8220;El Intendente de\u00a0\u00a0La Carlota, Fabio Guaschino (UNION POR CORDOBA), amenaz\u00f3 verbalmente con dejar a una familia en la calle el DIA DE REYES. Se trata\u00a0del trabajador [&hellip;]<\/p>\n","protected":false},"author":1,"featured_media":19220,"comment_status":"open","ping_status":"open","sticky":false,"template":"","format":"standard","meta":{"_exactmetrics_skip_tracking":false,"_exactmetrics_sitenote_active":false,"_exactmetrics_sitenote_note":"","_exactmetrics_sitenote_category":0,"jnews-multi-image_gallery":[],"jnews_single_post":[],"jnews_primary_category":[],"jnews_social_meta":[],"jnews_review":[],"enable_review":"","type":"","name":"","summary":"","brand":"","sku":"","good":[],"bad":[],"score_override":"","override_value":"","rating":[],"price":[],"jnews_override_counter":[],"jnews_post_split":[],"footnotes":""},"categories":[20],"tags":[],"class_list":["post-2352","post","type-post","status-publish","format-standard","has-post-thumbnail","hentry","category-municipales"],"jetpack_featured_media_url":"https:\/\/atecordoba.org\/wp-content\/uploads\/2020\/05\/logo-nuevochico-e1561581322808.png","_links":{"self":[{"href":"https:\/\/atecordoba.org\/index.php?rest_route=\/wp\/v2\/posts\/2352","targetHints":{"allow":["GET"]}}],"collection":[{"href":"https:\/\/atecordoba.org\/index.php?rest_route=\/wp\/v2\/posts"}],"about":[{"href":"https:\/\/atecordoba.org\/index.php?rest_route=\/wp\/v2\/types\/post"}],"author":[{"embeddable":true,"href":"https:\/\/atecordoba.org\/index.php?rest_route=\/wp\/v2\/users\/1"}],"replies":[{"embeddable":true,"href":"https:\/\/atecordoba.org\/index.php?rest_route=%2Fwp%2Fv2%2Fcomments&post=2352"}],"version-history":[{"count":0,"href":"https:\/\/atecordoba.org\/index.php?rest_route=\/wp\/v2\/posts\/2352\/revisions"}],"wp:featuredmedia":[{"embeddable":true,"href":"https:\/\/atecordoba.org\/index.php?rest_route=\/wp\/v2\/media\/19220"}],"wp:attachment":[{"href":"https:\/\/atecordoba.org\/index.php?rest_route=%2Fwp%2Fv2%2Fmedia&parent=2352"}],"wp:term":[{"taxonomy":"category","embeddable":true,"href":"https:\/\/atecordoba.org\/index.php?rest_route=%2Fwp%2Fv2%2Fcategories&post=2352"},{"taxonomy":"post_tag","embeddable":true,"href":"https:\/\/atecordoba.org\/index.php?rest_route=%2Fwp%2Fv2%2Ftags&post=2352"}],"curies":[{"name":"wp","href":"https:\/\/api.w.org\/{rel}","templated":true}]}}