{"id":23503,"date":"2020-12-03T11:50:56","date_gmt":"2020-12-03T14:50:56","guid":{"rendered":"https:\/\/atecordoba.org\/?p=23503"},"modified":"2020-12-03T11:50:56","modified_gmt":"2020-12-03T14:50:56","slug":"dia-de-la-discapacidad-plenario-nacional-definira-politicas-y-estrategias-para-2021","status":"publish","type":"post","link":"https:\/\/atecordoba.org\/?p=23503","title":{"rendered":"D\u00eda de la Discapacidad: Plenario Nacional definir\u00e1 pol\u00edticas y estrategias para 2021"},"content":{"rendered":"<p><img loading=\"lazy\" decoding=\"async\" class=\" wp-image-23506 alignleft\" src=\"https:\/\/atecordoba.org\/wp-content\/uploads\/2020\/12\/WhatsApp-Image-2020-12-03-at-11.06.04-300x300.jpeg\" alt=\"\" width=\"439\" height=\"439\" srcset=\"https:\/\/atecordoba.org\/wp-content\/uploads\/2020\/12\/WhatsApp-Image-2020-12-03-at-11.06.04-300x300.jpeg 300w, https:\/\/atecordoba.org\/wp-content\/uploads\/2020\/12\/WhatsApp-Image-2020-12-03-at-11.06.04-1024x1024.jpeg 1024w, https:\/\/atecordoba.org\/wp-content\/uploads\/2020\/12\/WhatsApp-Image-2020-12-03-at-11.06.04-150x150.jpeg 150w, https:\/\/atecordoba.org\/wp-content\/uploads\/2020\/12\/WhatsApp-Image-2020-12-03-at-11.06.04-768x768.jpeg 768w, https:\/\/atecordoba.org\/wp-content\/uploads\/2020\/12\/WhatsApp-Image-2020-12-03-at-11.06.04-560x560.jpeg 560w, https:\/\/atecordoba.org\/wp-content\/uploads\/2020\/12\/WhatsApp-Image-2020-12-03-at-11.06.04-75x75.jpeg 75w, https:\/\/atecordoba.org\/wp-content\/uploads\/2020\/12\/WhatsApp-Image-2020-12-03-at-11.06.04-750x750.jpeg 750w, https:\/\/atecordoba.org\/wp-content\/uploads\/2020\/12\/WhatsApp-Image-2020-12-03-at-11.06.04.jpeg 1080w\" sizes=\"auto, (max-width: 439px) 100vw, 439px\" \/>El Plenario nacional <a href=\"https:\/\/atecordoba.org\/?p=23422\">dar\u00e1 comienzo hoy a las 16 horas<\/a> y est\u00e1 convocado por la CTA Aut\u00f3noma Nacional y el Departamento de Discapacidad de ATE Nacional.<\/p>\n<p>Seg\u00fan explic\u00f3 Franco Orsato, responsable del Departamento de Discapacidad del CDP, el encuentro tiene por objetivo definir pol\u00edticas y estrategias de cara al 2021 para el sector, que ya viene accionando a partir de distintos reclamos, expresados en una <a href=\"https:\/\/atecordoba.org\/?p=22481\">carta abierta<\/a> enviada recientemente al jefe de Gabinete de la Naci\u00f3n, Santiago Cafiero.<\/p>\n<p>En ese marco, cabe destacar que el 3 de diciembre, D\u00eda Internacional de las Personas con Discapacidad, fue declarado en 1992 por la Asamblea General de la Organizaci\u00f3n para las Naciones Unidas (ONU) con el objetivo de promover los derechos y el bienestar de las personas con discapacidad en todos los \u00e1mbitos de la sociedad. y concientizar sobre la situaci\u00f3n pol\u00edtica, social y econ\u00f3mica y cultural de nuestro colectivo.<\/p>\n<p>&#8220;Desde el Departamento de Discapacidad de ATE C\u00f3rdoba bregamos por la promoci\u00f3n y respeto de los DDHH de las personas con discapacidad y por la construcci\u00f3n de contextos inclusivos y diversos desde un paradigma social de la discapacidad&#8221;, se\u00f1ala el CDP.<\/p>\n<p>Desde el \u00e1rea se reclam\u00f3 a Cafiero concretamente por:<\/p>\n<ul>\n<li>170.000 expedientes de Pensiones No Contributivas (PNC) cajoneados, sin resoluci\u00f3n en diferentes \u00e1reas de evaluaci\u00f3n desde el a\u00f1o 2015 hasta la actualidad.<\/li>\n<li>120.000 pensiones dadas de baja o suspendidas entre 2017\/2018.<\/li>\n<li>60 centros de Atenci\u00f3n en los Lugares (CAL) cerrados de manera definitiva -de un total de 80 centros preexistentes-.<\/li>\n<li>130 trabajadores\/as migrados de manera forzada desde ANDIS-PNC a otros organismos, en su mayor\u00eda ANSES, con tareas espec\u00edficas y horarios de ese organismo, cobrando en muchos casos 1\/3 un tercio del sueldo de su compa\u00f1ero\/a de ANSES, bajo convenio de prestaci\u00f3n de servicios y con contratos a t\u00e9rmino, precarios -algunos de ellos llevan m\u00e1s de 20 a\u00f1os (Art.9), y con vencimiento en diciembre del corriente a\u00f1o-.<\/li>\n<li>Cientos de miles de pensionados con cobertura del Programa Federal Incluir Salud (PFIS) que se encuentran sin acceso a los tratamientos, medicamentos, pr\u00f3tesis, rehabilitaciones y dem\u00e1s prestaciones debido al ineficiente y paup\u00e9rrimo funcionamiento del Programa.<\/li>\n<li>Incumplimiento del cupo laboral del 4% para Personas con Discapacidad (PcD) en las orbitas del Estado, organismos descentralizados y entes aut\u00e1rquicos.<\/li>\n<\/ul>\n","protected":false},"excerpt":{"rendered":"<p>El Plenario nacional dar\u00e1 comienzo hoy a las 16 horas y est\u00e1 convocado por la CTA Aut\u00f3noma Nacional y el Departamento de Discapacidad de ATE Nacional. Seg\u00fan explic\u00f3 Franco Orsato, responsable del Departamento de Discapacidad del CDP, el encuentro tiene por objetivo definir pol\u00edticas y estrategias de cara al 2021 para el sector, que ya [&hellip;]<\/p>\n","protected":false},"author":7,"featured_media":23506,"comment_status":"open","ping_status":"open","sticky":true,"template":"","format":"standard","meta":{"_exactmetrics_skip_tracking":false,"_exactmetrics_sitenote_active":false,"_exactmetrics_sitenote_note":"","_exactmetrics_sitenote_category":0,"jnews-multi-image_gallery":[],"jnews_single_post":{"source_name":"","source_url":"","via_name":"","via_url":"","override_template":"0","override":[{"template":"1","single_blog_custom":"","parallax":"1","fullscreen":"0","layout":"right-sidebar","sidebar":"default-sidebar","second_sidebar":"default-sidebar","sticky_sidebar":"1","share_position":"top","share_float_style":"share-monocrhome","show_share_counter":"1","show_view_counter":"1","show_featured":"1","show_post_meta":"1","show_post_author":"1","show_post_author_image":"1","show_post_date":"1","post_date_format":"default","post_date_format_custom":"Y\/m\/d","show_post_category":"1","show_post_reading_time":"0","post_reading_time_wpm":"300","show_zoom_button":"0","zoom_button_out_step":"2","zoom_button_in_step":"3","show_post_tag":"1","show_prev_next_post":"1","show_popup_post":"1","number_popup_post":"1","show_author_box":"0","show_post_related":"0","show_inline_post_related":"0"}],"override_image_size":"0","image_override":[{"single_post_thumbnail_size":"crop-500","single_post_gallery_size":"crop-500"}],"trending_post":"0","trending_post_position":"meta","trending_post_label":"Trending","sponsored_post":"0","sponsored_post_label":"Sponsored by","sponsored_post_name":"","sponsored_post_url":"","sponsored_post_logo_enable":"0","sponsored_post_logo":"","sponsored_post_desc":""},"jnews_primary_category":{"id":""},"jnews_social_meta":{"fb_title":"","fb_description":"","fb_image":"","twitter_title":"","twitter_description":"","twitter_image":""},"jnews_review":[],"enable_review":"0","type":"percentage","name":"","summary":"","brand":"","sku":"","good":[{"good_text":""}],"bad":[{"bad_text":""}],"score_override":"","override_value":"","rating":[{"rating_text":"","rating_number":"10"}],"price":[{"shop":"","price":"","link":"","icon":""}],"jnews_override_counter":{"override_view_counter":"0","view_counter_number":"0","override_share_counter":"0","share_counter_number":"0","override_like_counter":"0","like_counter_number":"0","override_dislike_counter":"0","dislike_counter_number":"0"},"jnews_post_split":{"enable_post_split":"0","post_split":[{"template":"1","tag":"h2","numbering":"asc","mode":"normal"}]},"footnotes":""},"categories":[625],"tags":[728,718],"class_list":["post-23503","post","type-post","status-publish","format-standard","has-post-thumbnail","hentry","category-discapacidad","tag-dia-de-la-persona-discapacitada","tag-plenario-nacional-discapacidad"],"jetpack_featured_media_url":"https:\/\/atecordoba.org\/wp-content\/uploads\/2020\/12\/WhatsApp-Image-2020-12-03-at-11.06.04.jpeg","_links":{"self":[{"href":"https:\/\/atecordoba.org\/index.php?rest_route=\/wp\/v2\/posts\/23503","targetHints":{"allow":["GET"]}}],"collection":[{"href":"https:\/\/atecordoba.org\/index.php?rest_route=\/wp\/v2\/posts"}],"about":[{"href":"https:\/\/atecordoba.org\/index.php?rest_route=\/wp\/v2\/types\/post"}],"author":[{"embeddable":true,"href":"https:\/\/atecordoba.org\/index.php?rest_route=\/wp\/v2\/users\/7"}],"replies":[{"embeddable":true,"href":"https:\/\/atecordoba.org\/index.php?rest_route=%2Fwp%2Fv2%2Fcomments&post=23503"}],"version-history":[{"count":1,"href":"https:\/\/atecordoba.org\/index.php?rest_route=\/wp\/v2\/posts\/23503\/revisions"}],"predecessor-version":[{"id":23507,"href":"https:\/\/atecordoba.org\/index.php?rest_route=\/wp\/v2\/posts\/23503\/revisions\/23507"}],"wp:featuredmedia":[{"embeddable":true,"href":"https:\/\/atecordoba.org\/index.php?rest_route=\/wp\/v2\/media\/23506"}],"wp:attachment":[{"href":"https:\/\/atecordoba.org\/index.php?rest_route=%2Fwp%2Fv2%2Fmedia&parent=23503"}],"wp:term":[{"taxonomy":"category","embeddable":true,"href":"https:\/\/atecordoba.org\/index.php?rest_route=%2Fwp%2Fv2%2Fcategories&post=23503"},{"taxonomy":"post_tag","embeddable":true,"href":"https:\/\/atecordoba.org\/index.php?rest_route=%2Fwp%2Fv2%2Ftags&post=23503"}],"curies":[{"name":"wp","href":"https:\/\/api.w.org\/{rel}","templated":true}]}}