{"id":23473,"date":"2020-12-02T15:19:03","date_gmt":"2020-12-02T18:19:03","guid":{"rendered":"https:\/\/atecordoba.org\/?p=23473"},"modified":"2020-12-02T15:19:03","modified_gmt":"2020-12-02T18:19:03","slug":"ate-rio-tercero-impugno-notificacion-municipal-sobre-la-cuota-sindical","status":"publish","type":"post","link":"https:\/\/atecordoba.org\/?p=23473","title":{"rendered":"ATE R\u00edo Tercero impugn\u00f3 notificaci\u00f3n municipal sobre la cuota sindical"},"content":{"rendered":"<figure id=\"attachment_23474\" aria-describedby=\"caption-attachment-23474\" style=\"width: 600px\" class=\"wp-caption aligncenter\"><img loading=\"lazy\" decoding=\"async\" class=\"wp-image-23474\" src=\"https:\/\/atecordoba.org\/wp-content\/uploads\/2020\/12\/albornoz-salto_rio-tercero-300x215.jpeg\" alt=\"\" width=\"600\" height=\"430\" srcset=\"https:\/\/atecordoba.org\/wp-content\/uploads\/2020\/12\/albornoz-salto_rio-tercero-300x215.jpeg 300w, https:\/\/atecordoba.org\/wp-content\/uploads\/2020\/12\/albornoz-salto_rio-tercero-768x551.jpeg 768w, https:\/\/atecordoba.org\/wp-content\/uploads\/2020\/12\/albornoz-salto_rio-tercero-120x86.jpeg 120w, https:\/\/atecordoba.org\/wp-content\/uploads\/2020\/12\/albornoz-salto_rio-tercero-350x250.jpeg 350w, https:\/\/atecordoba.org\/wp-content\/uploads\/2020\/12\/albornoz-salto_rio-tercero-750x538.jpeg 750w, https:\/\/atecordoba.org\/wp-content\/uploads\/2020\/12\/albornoz-salto_rio-tercero.jpeg 960w\" sizes=\"auto, (max-width: 600px) 100vw, 600px\" \/><figcaption id=\"caption-attachment-23474\" class=\"wp-caption-text\">Albornoz y Salto.<\/figcaption><\/figure>\n<p>En horas de la ma\u00f1ana de hoy la seccional ATE R\u00edo Tercero present\u00f3 por mesa de entrada en la\u00a0 Municipalidad la nota formal que impugna la comunicaci\u00f3n de la Secretar\u00eda de Gobierno y Asuntos Institucionales, a cargo de Juan Bonzano que desconoce a nuestro gremio como representante de los municipales de la localidad, ya afiliados hace 3 meses y reconocidos previamente por el Municipio.<\/p>\n<p>En la ocasi\u00f3n el secretario General, Dami\u00e1n Albornoz, el Gremial, David Salto, y el asesor letrado de la seccional, Gast\u00f3n Lagable, rechazaron un \u201cinforme no vinculante\u201d y un abogado externo a la comuna, de apellido Valfredo, que fundamenta la notificaci\u00f3n de Bonzano.<\/p>\n<p>\u201cSe trata de un intento de frenar arbitraria e ilegalmente el desembarco y el crecimiento de ATE dentro de nuestro querido Municipio de R\u00edo Tercero\u201d, resumi\u00f3 Albornoz.<\/p>\n<p>Y agreg\u00f3: \u201cpor eso denunciamos esta pr\u00e1ctica antisindical, persecutoria y discriminatoria. Reclamamos democracia Sindical libre, amplia, democr\u00e1tica y participativa para las y los trabajadores municipales\u201d.<\/p>\n<p>&nbsp;<\/p>\n","protected":false},"excerpt":{"rendered":"<p>En horas de la ma\u00f1ana de hoy la seccional ATE R\u00edo Tercero present\u00f3 por mesa de entrada en la\u00a0 Municipalidad la nota formal que impugna la comunicaci\u00f3n de la Secretar\u00eda de Gobierno y Asuntos Institucionales, a cargo de Juan Bonzano que desconoce a nuestro gremio como representante de los municipales de la localidad, ya afiliados [&hellip;]<\/p>\n","protected":false},"author":7,"featured_media":23474,"comment_status":"open","ping_status":"open","sticky":true,"template":"","format":"standard","meta":{"_exactmetrics_skip_tracking":false,"_exactmetrics_sitenote_active":false,"_exactmetrics_sitenote_note":"","_exactmetrics_sitenote_category":0,"jnews-multi-image_gallery":[],"jnews_single_post":{"source_name":"","source_url":"","via_name":"","via_url":"","override_template":"0","override":[{"template":"1","single_blog_custom":"","parallax":"1","fullscreen":"0","layout":"right-sidebar","sidebar":"default-sidebar","second_sidebar":"default-sidebar","sticky_sidebar":"1","share_position":"top","share_float_style":"share-monocrhome","show_share_counter":"1","show_view_counter":"1","show_featured":"1","show_post_meta":"1","show_post_author":"1","show_post_author_image":"1","show_post_date":"1","post_date_format":"default","post_date_format_custom":"Y\/m\/d","show_post_category":"1","show_post_reading_time":"0","post_reading_time_wpm":"300","show_zoom_button":"0","zoom_button_out_step":"2","zoom_button_in_step":"3","show_post_tag":"1","show_prev_next_post":"1","show_popup_post":"1","number_popup_post":"1","show_author_box":"0","show_post_related":"0","show_inline_post_related":"0"}],"override_image_size":"0","image_override":[{"single_post_thumbnail_size":"crop-500","single_post_gallery_size":"crop-500"}],"trending_post":"0","trending_post_position":"meta","trending_post_label":"Trending","sponsored_post":"0","sponsored_post_label":"Sponsored by","sponsored_post_name":"","sponsored_post_url":"","sponsored_post_logo_enable":"0","sponsored_post_logo":"","sponsored_post_desc":""},"jnews_primary_category":{"id":""},"jnews_social_meta":{"fb_title":"","fb_description":"","fb_image":"","twitter_title":"","twitter_description":"","twitter_image":""},"jnews_review":[],"enable_review":"0","type":"percentage","name":"","summary":"","brand":"","sku":"","good":[{"good_text":""}],"bad":[{"bad_text":""}],"score_override":"","override_value":"","rating":[{"rating_text":"","rating_number":"10"}],"price":[{"shop":"","price":"","link":"","icon":""}],"jnews_override_counter":{"override_view_counter":"0","view_counter_number":"0","override_share_counter":"0","share_counter_number":"0","override_like_counter":"0","like_counter_number":"0","override_dislike_counter":"0","dislike_counter_number":"0"},"jnews_post_split":{"enable_post_split":"0","post_split":[{"template":"1","tag":"h2","numbering":"asc","mode":"normal"}]},"footnotes":""},"categories":[20,13],"tags":[716],"class_list":["post-23473","post","type-post","status-publish","format-standard","has-post-thumbnail","hentry","category-municipales","category-rio-tercero","tag-municipalidad-de-rio-tercero"],"jetpack_featured_media_url":"https:\/\/atecordoba.org\/wp-content\/uploads\/2020\/12\/albornoz-salto_rio-tercero.jpeg","_links":{"self":[{"href":"https:\/\/atecordoba.org\/index.php?rest_route=\/wp\/v2\/posts\/23473","targetHints":{"allow":["GET"]}}],"collection":[{"href":"https:\/\/atecordoba.org\/index.php?rest_route=\/wp\/v2\/posts"}],"about":[{"href":"https:\/\/atecordoba.org\/index.php?rest_route=\/wp\/v2\/types\/post"}],"author":[{"embeddable":true,"href":"https:\/\/atecordoba.org\/index.php?rest_route=\/wp\/v2\/users\/7"}],"replies":[{"embeddable":true,"href":"https:\/\/atecordoba.org\/index.php?rest_route=%2Fwp%2Fv2%2Fcomments&post=23473"}],"version-history":[{"count":1,"href":"https:\/\/atecordoba.org\/index.php?rest_route=\/wp\/v2\/posts\/23473\/revisions"}],"predecessor-version":[{"id":23475,"href":"https:\/\/atecordoba.org\/index.php?rest_route=\/wp\/v2\/posts\/23473\/revisions\/23475"}],"wp:featuredmedia":[{"embeddable":true,"href":"https:\/\/atecordoba.org\/index.php?rest_route=\/wp\/v2\/media\/23474"}],"wp:attachment":[{"href":"https:\/\/atecordoba.org\/index.php?rest_route=%2Fwp%2Fv2%2Fmedia&parent=23473"}],"wp:term":[{"taxonomy":"category","embeddable":true,"href":"https:\/\/atecordoba.org\/index.php?rest_route=%2Fwp%2Fv2%2Fcategories&post=23473"},{"taxonomy":"post_tag","embeddable":true,"href":"https:\/\/atecordoba.org\/index.php?rest_route=%2Fwp%2Fv2%2Ftags&post=23473"}],"curies":[{"name":"wp","href":"https:\/\/api.w.org\/{rel}","templated":true}]}}