{"id":23469,"date":"2020-12-02T14:59:42","date_gmt":"2020-12-02T17:59:42","guid":{"rendered":"https:\/\/atecordoba.org\/?p=23469"},"modified":"2020-12-02T15:34:29","modified_gmt":"2020-12-02T18:34:29","slug":"reunion-con-funcionarios-del-polo-de-la-mujer-por-la-violencia-laboral-en-el-area","status":"publish","type":"post","link":"https:\/\/atecordoba.org\/?p=23469","title":{"rendered":"Reuni\u00f3n con funcionarias del Polo de la Mujer por la violencia laboral en el \u00e1rea"},"content":{"rendered":"<figure id=\"attachment_23470\" aria-describedby=\"caption-attachment-23470\" style=\"width: 591px\" class=\"wp-caption aligncenter\"><img loading=\"lazy\" decoding=\"async\" class=\"wp-image-23470\" src=\"https:\/\/atecordoba.org\/wp-content\/uploads\/2020\/12\/WhatsApp-Image-2020-12-02-at-13.01.08-300x169.jpeg\" alt=\"\" width=\"591\" height=\"333\" srcset=\"https:\/\/atecordoba.org\/wp-content\/uploads\/2020\/12\/WhatsApp-Image-2020-12-02-at-13.01.08-300x169.jpeg 300w, https:\/\/atecordoba.org\/wp-content\/uploads\/2020\/12\/WhatsApp-Image-2020-12-02-at-13.01.08-768x432.jpeg 768w, https:\/\/atecordoba.org\/wp-content\/uploads\/2020\/12\/WhatsApp-Image-2020-12-02-at-13.01.08-750x422.jpeg 750w, https:\/\/atecordoba.org\/wp-content\/uploads\/2020\/12\/WhatsApp-Image-2020-12-02-at-13.01.08.jpeg 960w\" sizes=\"auto, (max-width: 591px) 100vw, 591px\" \/><figcaption id=\"caption-attachment-23470\" class=\"wp-caption-text\">Giuliani en di\u00e1logo con Mar\u00eda Jos\u00e9 Carignano, de rojo.<\/figcaption><\/figure>\n<p>Hoy ATE llev\u00f3 a cabo una reuni\u00f3n con la secretaria de Lucha contra la Violencia a la Mujer y Trata de Personas, Mar\u00eda Jos\u00e9 Carignano, funcionaria clave del Polo de la Mujer, dependiente del Ministerio de Justicia y DDHH de la provincia, a los fines de tratar los problemas de violencia laboral que las trabajadoras del \u00e1rea vienen sufriendo hace tiempo y que nuestra organizaci\u00f3n <a href=\"https:\/\/atecordoba.org\/?p=22748\">ha denunciado en reiteradas oportunidades<\/a>.<\/p>\n<p>El secretario General de ATE C\u00f3rdoba, Federico Giuliani, y la secretaria de Interior del CDP, Edith Innamorato, acordaron con Carignano una mesa de trabajo para resolver problem\u00e1ticas de las trabajadoras del \u00e1rea.<\/p>\n<p>Posteriormente, Giuliani convoc\u00f3 a una asamblea donde se inform\u00f3 al personal el cariz de la reuni\u00f3n y los avances logrados.<\/p>\n<figure id=\"attachment_23471\" aria-describedby=\"caption-attachment-23471\" style=\"width: 599px\" class=\"wp-caption aligncenter\"><img loading=\"lazy\" decoding=\"async\" class=\"wp-image-23471\" src=\"https:\/\/atecordoba.org\/wp-content\/uploads\/2020\/12\/asamblea-informativa-300x169.jpeg\" alt=\"\" width=\"599\" height=\"338\" srcset=\"https:\/\/atecordoba.org\/wp-content\/uploads\/2020\/12\/asamblea-informativa-300x169.jpeg 300w, https:\/\/atecordoba.org\/wp-content\/uploads\/2020\/12\/asamblea-informativa-768x432.jpeg 768w, https:\/\/atecordoba.org\/wp-content\/uploads\/2020\/12\/asamblea-informativa-750x422.jpeg 750w, https:\/\/atecordoba.org\/wp-content\/uploads\/2020\/12\/asamblea-informativa.jpeg 960w\" sizes=\"auto, (max-width: 599px) 100vw, 599px\" \/><figcaption id=\"caption-attachment-23471\" class=\"wp-caption-text\">Asamblea informativa.<\/figcaption><\/figure>\n","protected":false},"excerpt":{"rendered":"<p>Hoy ATE llev\u00f3 a cabo una reuni\u00f3n con la secretaria de Lucha contra la Violencia a la Mujer y Trata de Personas, Mar\u00eda Jos\u00e9 Carignano, funcionaria clave del Polo de la Mujer, dependiente del Ministerio de Justicia y DDHH de la provincia, a los fines de tratar los problemas de violencia laboral que las trabajadoras [&hellip;]<\/p>\n","protected":false},"author":7,"featured_media":23470,"comment_status":"open","ping_status":"open","sticky":false,"template":"","format":"standard","meta":{"_exactmetrics_skip_tracking":false,"_exactmetrics_sitenote_active":false,"_exactmetrics_sitenote_note":"","_exactmetrics_sitenote_category":0,"jnews-multi-image_gallery":[],"jnews_single_post":{"source_name":"","source_url":"","via_name":"","via_url":"","override_template":"0","override":[{"template":"1","single_blog_custom":"","parallax":"1","fullscreen":"0","layout":"right-sidebar","sidebar":"default-sidebar","second_sidebar":"default-sidebar","sticky_sidebar":"1","share_position":"top","share_float_style":"share-monocrhome","show_share_counter":"1","show_view_counter":"1","show_featured":"1","show_post_meta":"1","show_post_author":"1","show_post_author_image":"1","show_post_date":"1","post_date_format":"default","post_date_format_custom":"Y\/m\/d","show_post_category":"1","show_post_reading_time":"0","post_reading_time_wpm":"300","show_zoom_button":"0","zoom_button_out_step":"2","zoom_button_in_step":"3","show_post_tag":"1","show_prev_next_post":"1","show_popup_post":"1","number_popup_post":"1","show_author_box":"0","show_post_related":"0","show_inline_post_related":"0"}],"override_image_size":"0","image_override":[{"single_post_thumbnail_size":"crop-500","single_post_gallery_size":"crop-500"}],"trending_post":"0","trending_post_position":"meta","trending_post_label":"Trending","sponsored_post":"0","sponsored_post_label":"Sponsored by","sponsored_post_name":"","sponsored_post_url":"","sponsored_post_logo_enable":"0","sponsored_post_logo":"","sponsored_post_desc":""},"jnews_primary_category":{"id":""},"jnews_social_meta":{"fb_title":"","fb_description":"","fb_image":"","twitter_title":"","twitter_description":"","twitter_image":""},"jnews_review":[],"enable_review":"0","type":"percentage","name":"","summary":"","brand":"","sku":"","good":[{"good_text":""}],"bad":[{"bad_text":""}],"score_override":"","override_value":"","rating":[{"rating_text":"","rating_number":"10"}],"price":[{"shop":"","price":"","link":"","icon":""}],"jnews_override_counter":{"override_view_counter":"0","view_counter_number":"0","override_share_counter":"0","share_counter_number":"0","override_like_counter":"0","like_counter_number":"0","override_dislike_counter":"0","dislike_counter_number":"0"},"jnews_post_split":{"enable_post_split":"0","post_split":[{"template":"1","tag":"h2","numbering":"asc","mode":"normal"}]},"footnotes":""},"categories":[8],"tags":[724],"class_list":["post-23469","post","type-post","status-publish","format-standard","has-post-thumbnail","hentry","category-provinciales","tag-secretaria-de-lucha-contra-la-violencia-de-genero-y-la-trata-de-personas"],"jetpack_featured_media_url":"https:\/\/atecordoba.org\/wp-content\/uploads\/2020\/12\/WhatsApp-Image-2020-12-02-at-13.01.08.jpeg","_links":{"self":[{"href":"https:\/\/atecordoba.org\/index.php?rest_route=\/wp\/v2\/posts\/23469","targetHints":{"allow":["GET"]}}],"collection":[{"href":"https:\/\/atecordoba.org\/index.php?rest_route=\/wp\/v2\/posts"}],"about":[{"href":"https:\/\/atecordoba.org\/index.php?rest_route=\/wp\/v2\/types\/post"}],"author":[{"embeddable":true,"href":"https:\/\/atecordoba.org\/index.php?rest_route=\/wp\/v2\/users\/7"}],"replies":[{"embeddable":true,"href":"https:\/\/atecordoba.org\/index.php?rest_route=%2Fwp%2Fv2%2Fcomments&post=23469"}],"version-history":[{"count":3,"href":"https:\/\/atecordoba.org\/index.php?rest_route=\/wp\/v2\/posts\/23469\/revisions"}],"predecessor-version":[{"id":23479,"href":"https:\/\/atecordoba.org\/index.php?rest_route=\/wp\/v2\/posts\/23469\/revisions\/23479"}],"wp:featuredmedia":[{"embeddable":true,"href":"https:\/\/atecordoba.org\/index.php?rest_route=\/wp\/v2\/media\/23470"}],"wp:attachment":[{"href":"https:\/\/atecordoba.org\/index.php?rest_route=%2Fwp%2Fv2%2Fmedia&parent=23469"}],"wp:term":[{"taxonomy":"category","embeddable":true,"href":"https:\/\/atecordoba.org\/index.php?rest_route=%2Fwp%2Fv2%2Fcategories&post=23469"},{"taxonomy":"post_tag","embeddable":true,"href":"https:\/\/atecordoba.org\/index.php?rest_route=%2Fwp%2Fv2%2Ftags&post=23469"}],"curies":[{"name":"wp","href":"https:\/\/api.w.org\/{rel}","templated":true}]}}