{"id":23465,"date":"2020-12-02T14:35:46","date_gmt":"2020-12-02T17:35:46","guid":{"rendered":"https:\/\/atecordoba.org\/?p=23465"},"modified":"2020-12-02T14:35:46","modified_gmt":"2020-12-02T17:35:46","slug":"nuevo-convenio-de-turismo-para-las-y-los-afiliados","status":"publish","type":"post","link":"https:\/\/atecordoba.org\/?p=23465","title":{"rendered":"Nuevo convenio de turismo para las y los afiliados"},"content":{"rendered":"<figure id=\"attachment_23466\" aria-describedby=\"caption-attachment-23466\" style=\"width: 460px\" class=\"wp-caption alignleft\"><img loading=\"lazy\" decoding=\"async\" class=\"wp-image-23466\" src=\"https:\/\/atecordoba.org\/wp-content\/uploads\/2020\/12\/WhatsApp-Image-2020-12-02-at-11.25.01-300x169.jpeg\" alt=\"\" width=\"460\" height=\"259\" srcset=\"https:\/\/atecordoba.org\/wp-content\/uploads\/2020\/12\/WhatsApp-Image-2020-12-02-at-11.25.01-300x169.jpeg 300w, https:\/\/atecordoba.org\/wp-content\/uploads\/2020\/12\/WhatsApp-Image-2020-12-02-at-11.25.01-1024x576.jpeg 1024w, https:\/\/atecordoba.org\/wp-content\/uploads\/2020\/12\/WhatsApp-Image-2020-12-02-at-11.25.01-768x432.jpeg 768w, https:\/\/atecordoba.org\/wp-content\/uploads\/2020\/12\/WhatsApp-Image-2020-12-02-at-11.25.01-750x422.jpeg 750w, https:\/\/atecordoba.org\/wp-content\/uploads\/2020\/12\/WhatsApp-Image-2020-12-02-at-11.25.01-1140x641.jpeg 1140w, https:\/\/atecordoba.org\/wp-content\/uploads\/2020\/12\/WhatsApp-Image-2020-12-02-at-11.25.01.jpeg 1280w\" sizes=\"auto, (max-width: 460px) 100vw, 460px\" \/><figcaption id=\"caption-attachment-23466\" class=\"wp-caption-text\">Giuliani y Contreras, a la hora de firmar el convenio tur\u00edstico.<\/figcaption><\/figure>\n<p>En el marco de la ampliaci\u00f3n de beneficios para las y los afiliados de ATE C\u00f3rdoba, el Consejo Directivo Provincial, a trav\u00e9s de la Secretar\u00eda de Acci\u00f3n Social, suscribi\u00f3 hoy un convenio con la firma Universo Travel para sumar destinos tur\u00edsticos a la oferta que nuestro gremios dispone para estas vacaciones.<\/p>\n<p>El secretario General de ATE C\u00f3rdoba, Federico Giuliani, y su par de Acci\u00f3n Social, Iv\u00e1n Contreras, estamparon la firma junto al representante de la empresa para poner en marcha un convenio que cuenta con exclusivos descuentos para las y los afiliados estatales.<\/p>\n<p>Contreras describi\u00f3 las caracter\u00edsticas del convenio y dijo que Universo Travel interviene en turismo interno &#8220;en Traslasiera, Carlos Paz, y desde enero en Merlo, San Lu\u00eds. Hay un precio promocional y exclusivo para nuestros afiliados con descuento en relaci\u00f3n a la lista de precios general&#8221;.<\/p>\n<p>Adem\u00e1s, el dirigente inform\u00f3 que tambi\u00e9n se renovaron los convenios existentes el a\u00f1o pasado &#8220;con hoteles, caba\u00f1as, camping y excursiones. De esta forma, consolidamos y agrandamos el abanico de posibilidades para que los afiliados puedan tener sus vacaciones con los precios de convenio que estamos suscribiendo&#8221;.<\/p>\n<p>&#8220;Al mismo tiempo, trabajamos una cartilla de turismo que va a estar saliendo en estos d\u00edas. Hacemos hincapi\u00e9 que en los convenios quede establecido el cumplimiento de las disposiciones del COE respecto a los cuidados sanitarios por la pandemia&#8221;, concluy\u00f3.<\/p>\n<p><img loading=\"lazy\" decoding=\"async\" class=\" wp-image-23467 aligncenter\" src=\"https:\/\/atecordoba.org\/wp-content\/uploads\/2020\/12\/WhatsApp-Image-2020-12-02-at-11.25.03-212x300.jpeg\" alt=\"\" width=\"480\" height=\"679\" srcset=\"https:\/\/atecordoba.org\/wp-content\/uploads\/2020\/12\/WhatsApp-Image-2020-12-02-at-11.25.03-212x300.jpeg 212w, https:\/\/atecordoba.org\/wp-content\/uploads\/2020\/12\/WhatsApp-Image-2020-12-02-at-11.25.03-724x1024.jpeg 724w, https:\/\/atecordoba.org\/wp-content\/uploads\/2020\/12\/WhatsApp-Image-2020-12-02-at-11.25.03-768x1086.jpeg 768w, https:\/\/atecordoba.org\/wp-content\/uploads\/2020\/12\/WhatsApp-Image-2020-12-02-at-11.25.03-750x1061.jpeg 750w, https:\/\/atecordoba.org\/wp-content\/uploads\/2020\/12\/WhatsApp-Image-2020-12-02-at-11.25.03.jpeg 905w\" sizes=\"auto, (max-width: 480px) 100vw, 480px\" \/><\/p>\n<p>&nbsp;<\/p>\n","protected":false},"excerpt":{"rendered":"<p>En el marco de la ampliaci\u00f3n de beneficios para las y los afiliados de ATE C\u00f3rdoba, el Consejo Directivo Provincial, a trav\u00e9s de la Secretar\u00eda de Acci\u00f3n Social, suscribi\u00f3 hoy un convenio con la firma Universo Travel para sumar destinos tur\u00edsticos a la oferta que nuestro gremios dispone para estas vacaciones. El secretario General de [&hellip;]<\/p>\n","protected":false},"author":7,"featured_media":23466,"comment_status":"open","ping_status":"open","sticky":true,"template":"","format":"standard","meta":{"_exactmetrics_skip_tracking":false,"_exactmetrics_sitenote_active":false,"_exactmetrics_sitenote_note":"","_exactmetrics_sitenote_category":0,"jnews-multi-image_gallery":[],"jnews_single_post":{"source_name":"","source_url":"","via_name":"","via_url":"","override_template":"0","override":[{"template":"1","single_blog_custom":"","parallax":"1","fullscreen":"0","layout":"right-sidebar","sidebar":"default-sidebar","second_sidebar":"default-sidebar","sticky_sidebar":"1","share_position":"top","share_float_style":"share-monocrhome","show_share_counter":"1","show_view_counter":"1","show_featured":"1","show_post_meta":"1","show_post_author":"1","show_post_author_image":"1","show_post_date":"1","post_date_format":"default","post_date_format_custom":"Y\/m\/d","show_post_category":"1","show_post_reading_time":"0","post_reading_time_wpm":"300","show_zoom_button":"0","zoom_button_out_step":"2","zoom_button_in_step":"3","show_post_tag":"1","show_prev_next_post":"1","show_popup_post":"1","number_popup_post":"1","show_author_box":"0","show_post_related":"0","show_inline_post_related":"0"}],"override_image_size":"0","image_override":[{"single_post_thumbnail_size":"crop-500","single_post_gallery_size":"crop-500"}],"trending_post":"0","trending_post_position":"meta","trending_post_label":"Trending","sponsored_post":"0","sponsored_post_label":"Sponsored by","sponsored_post_name":"","sponsored_post_url":"","sponsored_post_logo_enable":"0","sponsored_post_logo":"","sponsored_post_desc":""},"jnews_primary_category":{"id":""},"jnews_social_meta":{"fb_title":"","fb_description":"","fb_image":"","twitter_title":"","twitter_description":"","twitter_image":""},"jnews_review":[],"enable_review":"0","type":"percentage","name":"","summary":"","brand":"","sku":"","good":[{"good_text":""}],"bad":[{"bad_text":""}],"score_override":"","override_value":"","rating":[{"rating_text":"","rating_number":"10"}],"price":[{"shop":"","price":"","link":"","icon":""}],"jnews_override_counter":{"override_view_counter":"0","view_counter_number":"0","override_share_counter":"0","share_counter_number":"0","override_like_counter":"0","like_counter_number":"0","override_dislike_counter":"0","dislike_counter_number":"0"},"jnews_post_split":{"enable_post_split":"0","post_split":[{"template":"1","tag":"h2","numbering":"asc","mode":"normal"}]},"footnotes":""},"categories":[75,341],"tags":[722,723],"class_list":["post-23465","post","type-post","status-publish","format-standard","has-post-thumbnail","hentry","category-accion-social","category-cdp","tag-convenio-turismo","tag-universo-travel"],"jetpack_featured_media_url":"https:\/\/atecordoba.org\/wp-content\/uploads\/2020\/12\/WhatsApp-Image-2020-12-02-at-11.25.01.jpeg","_links":{"self":[{"href":"https:\/\/atecordoba.org\/index.php?rest_route=\/wp\/v2\/posts\/23465","targetHints":{"allow":["GET"]}}],"collection":[{"href":"https:\/\/atecordoba.org\/index.php?rest_route=\/wp\/v2\/posts"}],"about":[{"href":"https:\/\/atecordoba.org\/index.php?rest_route=\/wp\/v2\/types\/post"}],"author":[{"embeddable":true,"href":"https:\/\/atecordoba.org\/index.php?rest_route=\/wp\/v2\/users\/7"}],"replies":[{"embeddable":true,"href":"https:\/\/atecordoba.org\/index.php?rest_route=%2Fwp%2Fv2%2Fcomments&post=23465"}],"version-history":[{"count":1,"href":"https:\/\/atecordoba.org\/index.php?rest_route=\/wp\/v2\/posts\/23465\/revisions"}],"predecessor-version":[{"id":23468,"href":"https:\/\/atecordoba.org\/index.php?rest_route=\/wp\/v2\/posts\/23465\/revisions\/23468"}],"wp:featuredmedia":[{"embeddable":true,"href":"https:\/\/atecordoba.org\/index.php?rest_route=\/wp\/v2\/media\/23466"}],"wp:attachment":[{"href":"https:\/\/atecordoba.org\/index.php?rest_route=%2Fwp%2Fv2%2Fmedia&parent=23465"}],"wp:term":[{"taxonomy":"category","embeddable":true,"href":"https:\/\/atecordoba.org\/index.php?rest_route=%2Fwp%2Fv2%2Fcategories&post=23465"},{"taxonomy":"post_tag","embeddable":true,"href":"https:\/\/atecordoba.org\/index.php?rest_route=%2Fwp%2Fv2%2Ftags&post=23465"}],"curies":[{"name":"wp","href":"https:\/\/api.w.org\/{rel}","templated":true}]}}