{"id":23463,"date":"2020-12-02T13:34:48","date_gmt":"2020-12-02T16:34:48","guid":{"rendered":"https:\/\/atecordoba.org\/?p=23463"},"modified":"2020-12-02T15:58:53","modified_gmt":"2020-12-02T18:58:53","slug":"manana-paro-provincial-de-salud","status":"publish","type":"post","link":"https:\/\/atecordoba.org\/?p=23463","title":{"rendered":"Ma\u00f1ana, paro provincial de salud"},"content":{"rendered":"<p><img loading=\"lazy\" decoding=\"async\" class=\" wp-image-22994 aligncenter\" src=\"https:\/\/atecordoba.org\/wp-content\/uploads\/2020\/11\/rio-cuarto-3-300x200.jpg\" alt=\"\" width=\"594\" height=\"396\" srcset=\"https:\/\/atecordoba.org\/wp-content\/uploads\/2020\/11\/rio-cuarto-3-300x200.jpg 300w, https:\/\/atecordoba.org\/wp-content\/uploads\/2020\/11\/rio-cuarto-3-1024x682.jpg 1024w, https:\/\/atecordoba.org\/wp-content\/uploads\/2020\/11\/rio-cuarto-3-768x512.jpg 768w, https:\/\/atecordoba.org\/wp-content\/uploads\/2020\/11\/rio-cuarto-3-750x500.jpg 750w, https:\/\/atecordoba.org\/wp-content\/uploads\/2020\/11\/rio-cuarto-3-1140x760.jpg 1140w, https:\/\/atecordoba.org\/wp-content\/uploads\/2020\/11\/rio-cuarto-3.jpg 1280w\" sizes=\"auto, (max-width: 594px) 100vw, 594px\" \/>Frente a las p\u00e9simas condiciones laborales y salariales que sufren los equipos de salud provinciales, ante la falta de respuestas del gobierno de Schiaretti ante los justos reclamos, situaciones exacerbadas por la pandemia de Covid 19 que ya se cobr\u00f3 la vida de m\u00e1s de 30 trabajadores y trabajadoras de la salud, ma\u00f1ana se realizar\u00e1 un paro en todos los hospitales provinciales, con cumplimiento de guardias m\u00ednimas.<\/p>\n<p>La medida fue resuelta por la Multisectorial de la Salud en reclamo de:<\/p>\n<ul>\n<li>Fin de la persecuci\u00f3n laboral y pase a planta permanente<\/li>\n<li>Reincorporaci\u00f3n de los despedidos<\/li>\n<li>Recomposici\u00f3n salarial, b\u00e1sico inicial de 50 mil pesos<\/li>\n<li>Designaci\u00f3n de personal para completar y aliviar los equipos de salud devastados por la pandemia<\/li>\n<li>Paritarias para el sector salud<\/li>\n<\/ul>\n<p>Al conmemorarse ma\u00f1ana el D\u00eda del M\u00e9dico, ma\u00f1ana durante la medida de fuerza se realizar\u00e1 una movilizaci\u00f3n, a las 18 horas, desde la esquina de Colon y General Paz hasta la Plaza Agust\u00edn Tosco, frente al Patio Olmos, donde se llevar\u00e1 a cabo el acto. La marcha se realizar\u00e1 aplicando todos los protocolos de cuidados sanitarios.<\/p>\n<p>&nbsp;<\/p>\n","protected":false},"excerpt":{"rendered":"<p>Frente a las p\u00e9simas condiciones laborales y salariales que sufren los equipos de salud provinciales, ante la falta de respuestas del gobierno de Schiaretti ante los justos reclamos, situaciones exacerbadas por la pandemia de Covid 19 que ya se cobr\u00f3 la vida de m\u00e1s de 30 trabajadores y trabajadoras de la salud, ma\u00f1ana se realizar\u00e1 [&hellip;]<\/p>\n","protected":false},"author":7,"featured_media":23010,"comment_status":"open","ping_status":"open","sticky":true,"template":"","format":"standard","meta":{"_exactmetrics_skip_tracking":false,"_exactmetrics_sitenote_active":false,"_exactmetrics_sitenote_note":"","_exactmetrics_sitenote_category":0,"jnews-multi-image_gallery":[],"jnews_single_post":{"source_name":"","source_url":"","via_name":"","via_url":"","override_template":"0","override":[{"template":"1","single_blog_custom":"","parallax":"1","fullscreen":"0","layout":"right-sidebar","sidebar":"default-sidebar","second_sidebar":"default-sidebar","sticky_sidebar":"1","share_position":"top","share_float_style":"share-monocrhome","show_share_counter":"1","show_view_counter":"1","show_featured":"1","show_post_meta":"1","show_post_author":"1","show_post_author_image":"1","show_post_date":"1","post_date_format":"default","post_date_format_custom":"Y\/m\/d","show_post_category":"1","show_post_reading_time":"0","post_reading_time_wpm":"300","show_zoom_button":"0","zoom_button_out_step":"2","zoom_button_in_step":"3","show_post_tag":"1","show_prev_next_post":"1","show_popup_post":"1","number_popup_post":"1","show_author_box":"0","show_post_related":"0","show_inline_post_related":"0"}],"override_image_size":"0","image_override":[{"single_post_thumbnail_size":"crop-500","single_post_gallery_size":"crop-500"}],"trending_post":"0","trending_post_position":"meta","trending_post_label":"Trending","sponsored_post":"0","sponsored_post_label":"Sponsored by","sponsored_post_name":"","sponsored_post_url":"","sponsored_post_logo_enable":"0","sponsored_post_logo":"","sponsored_post_desc":""},"jnews_primary_category":{"id":""},"jnews_social_meta":{"fb_title":"","fb_description":"","fb_image":"","twitter_title":"","twitter_description":"","twitter_image":""},"jnews_review":[],"enable_review":"0","type":"percentage","name":"","summary":"","brand":"","sku":"","good":[{"good_text":""}],"bad":[{"bad_text":""}],"score_override":"","override_value":"","rating":[{"rating_text":"","rating_number":"10"}],"price":[{"shop":"","price":"","link":"","icon":""}],"jnews_override_counter":{"override_view_counter":"0","view_counter_number":"0","override_share_counter":"0","share_counter_number":"0","override_like_counter":"0","like_counter_number":"0","override_dislike_counter":"0","dislike_counter_number":"0"},"jnews_post_split":{"enable_post_split":"0","post_split":[{"template":"1","tag":"h2","numbering":"asc","mode":"normal"}]},"footnotes":""},"categories":[8],"tags":[721],"class_list":["post-23463","post","type-post","status-publish","format-standard","has-post-thumbnail","hentry","category-provinciales","tag-paro-de-salud"],"jetpack_featured_media_url":"https:\/\/atecordoba.org\/wp-content\/uploads\/2020\/11\/hosp-iturraspe-san-francisco-3.jpg","_links":{"self":[{"href":"https:\/\/atecordoba.org\/index.php?rest_route=\/wp\/v2\/posts\/23463","targetHints":{"allow":["GET"]}}],"collection":[{"href":"https:\/\/atecordoba.org\/index.php?rest_route=\/wp\/v2\/posts"}],"about":[{"href":"https:\/\/atecordoba.org\/index.php?rest_route=\/wp\/v2\/types\/post"}],"author":[{"embeddable":true,"href":"https:\/\/atecordoba.org\/index.php?rest_route=\/wp\/v2\/users\/7"}],"replies":[{"embeddable":true,"href":"https:\/\/atecordoba.org\/index.php?rest_route=%2Fwp%2Fv2%2Fcomments&post=23463"}],"version-history":[{"count":1,"href":"https:\/\/atecordoba.org\/index.php?rest_route=\/wp\/v2\/posts\/23463\/revisions"}],"predecessor-version":[{"id":23464,"href":"https:\/\/atecordoba.org\/index.php?rest_route=\/wp\/v2\/posts\/23463\/revisions\/23464"}],"wp:featuredmedia":[{"embeddable":true,"href":"https:\/\/atecordoba.org\/index.php?rest_route=\/wp\/v2\/media\/23010"}],"wp:attachment":[{"href":"https:\/\/atecordoba.org\/index.php?rest_route=%2Fwp%2Fv2%2Fmedia&parent=23463"}],"wp:term":[{"taxonomy":"category","embeddable":true,"href":"https:\/\/atecordoba.org\/index.php?rest_route=%2Fwp%2Fv2%2Fcategories&post=23463"},{"taxonomy":"post_tag","embeddable":true,"href":"https:\/\/atecordoba.org\/index.php?rest_route=%2Fwp%2Fv2%2Ftags&post=23463"}],"curies":[{"name":"wp","href":"https:\/\/api.w.org\/{rel}","templated":true}]}}