{"id":23442,"date":"2020-12-02T13:15:06","date_gmt":"2020-12-02T16:15:06","guid":{"rendered":"https:\/\/atecordoba.org\/?p=23442"},"modified":"2020-12-02T13:15:06","modified_gmt":"2020-12-02T16:15:06","slug":"se-estreno-la-obra-de-teatro-por-streaming-hector-la-perra-castro-el-olvidado","status":"publish","type":"post","link":"https:\/\/atecordoba.org\/?p=23442","title":{"rendered":"Se estren\u00f3 la obra de teatro por streaming &#8216;H\u00e9ctor La Perra Castro el olvidado&#8217;"},"content":{"rendered":"<p><img loading=\"lazy\" decoding=\"async\" class=\" wp-image-23443 aligncenter\" src=\"https:\/\/atecordoba.org\/wp-content\/uploads\/2020\/12\/IMG-20201130-WA0306-300x166.jpg\" alt=\"\" width=\"600\" height=\"332\" srcset=\"https:\/\/atecordoba.org\/wp-content\/uploads\/2020\/12\/IMG-20201130-WA0306-300x166.jpg 300w, https:\/\/atecordoba.org\/wp-content\/uploads\/2020\/12\/IMG-20201130-WA0306-1024x567.jpg 1024w, https:\/\/atecordoba.org\/wp-content\/uploads\/2020\/12\/IMG-20201130-WA0306-768x425.jpg 768w, https:\/\/atecordoba.org\/wp-content\/uploads\/2020\/12\/IMG-20201130-WA0306-750x415.jpg 750w, https:\/\/atecordoba.org\/wp-content\/uploads\/2020\/12\/IMG-20201130-WA0306.jpg 1080w\" sizes=\"auto, (max-width: 600px) 100vw, 600px\" \/>El pasado lunes 30 se realiz\u00f3 el estreno por streaming, en el canal de youtube de ATE C\u00f3rdoba, la obra de teatro sobre H\u00e9ctor La Perra Castro, legendario dirigente de de los estatales cordobeses, cuya figura fue olvidada por la historia.<\/p>\n<p>El Consejo Directivo Provincial (CDP) vino a saldar esa deuda, convocando a artistas como el dramaturgo, productor y director teatral Sebastian Berenger, el actor Ricardo Tamburrano y un equipo de trabajadores del arte que asumieron la tarea de erigir una obra alrededor de la figura del dirigente de ATE.<\/p>\n<figure id=\"attachment_23444\" aria-describedby=\"caption-attachment-23444\" style=\"width: 604px\" class=\"wp-caption aligncenter\"><img loading=\"lazy\" decoding=\"async\" class=\"wp-image-23444\" src=\"https:\/\/atecordoba.org\/wp-content\/uploads\/2020\/12\/IMG-20201130-WA0315-300x168.jpg\" alt=\"\" width=\"604\" height=\"338\" srcset=\"https:\/\/atecordoba.org\/wp-content\/uploads\/2020\/12\/IMG-20201130-WA0315-300x168.jpg 300w, https:\/\/atecordoba.org\/wp-content\/uploads\/2020\/12\/IMG-20201130-WA0315-1024x572.jpg 1024w, https:\/\/atecordoba.org\/wp-content\/uploads\/2020\/12\/IMG-20201130-WA0315-768x429.jpg 768w, https:\/\/atecordoba.org\/wp-content\/uploads\/2020\/12\/IMG-20201130-WA0315-750x419.jpg 750w, https:\/\/atecordoba.org\/wp-content\/uploads\/2020\/12\/IMG-20201130-WA0315.jpg 1114w\" sizes=\"auto, (max-width: 604px) 100vw, 604px\" \/><figcaption id=\"caption-attachment-23444\" class=\"wp-caption-text\">Federico Giuliani, secretario General de ATE C\u00f3rdoba.<\/figcaption><\/figure>\n<p>Para ello realizaron una investigaci\u00f3n y entrevistaron a familiares, compa\u00f1eros y amigos de La Perra, apelando tambi\u00e9n a la producci\u00f3n historiogr\u00e1fica del historiador Daniel Parcero, con bastos antecedentes produciendo libros sobre la historia de ATE y de varias de su figuras destacadas como German Addala o H\u00e9ctor Quagliaro.<\/p>\n<p>Durante la presentaci\u00f3n de la obra estuvieron el secretario General de ATE C\u00f3rdoba, Federico Giuliani, encabezando a los integrantes del CDP, el secretario General\u00a0 de ATE Nacional, Hugo Godoy, la hermana de La Perra, Mirta Castro, Atilio L\u00f3pez, hijo del dirigente de UTA y vicegobernador de C\u00f3rdoba Atilio L\u00f3pez, dirigentes hist\u00f3ricos de ATE como Oscar Cacho Mengarelli, H\u00e9ctor Tosco, hijo de Agust\u00edn Tosco, Mat\u00edas Dreizik, nieto del compa\u00f1ero de Castro Serrucho Dreizik, as\u00ed como dirigentes de ATE del interior provincial, activistas y afiliados interesados por la propuesta cultura de ATE, que se enmarca en dentro del teatro militante y popular.<\/p>\n<figure id=\"attachment_23445\" aria-describedby=\"caption-attachment-23445\" style=\"width: 644px\" class=\"wp-caption aligncenter\"><img loading=\"lazy\" decoding=\"async\" class=\"wp-image-23445\" src=\"https:\/\/atecordoba.org\/wp-content\/uploads\/2020\/12\/IMG-20201130-WA0308-300x169.jpg\" alt=\"\" width=\"644\" height=\"363\" srcset=\"https:\/\/atecordoba.org\/wp-content\/uploads\/2020\/12\/IMG-20201130-WA0308-300x169.jpg 300w, https:\/\/atecordoba.org\/wp-content\/uploads\/2020\/12\/IMG-20201130-WA0308-1024x575.jpg 1024w, https:\/\/atecordoba.org\/wp-content\/uploads\/2020\/12\/IMG-20201130-WA0308-1140x640.jpg 1140w, https:\/\/atecordoba.org\/wp-content\/uploads\/2020\/12\/IMG-20201130-WA0308.jpg 1280w\" sizes=\"auto, (max-width: 644px) 100vw, 644px\" \/><figcaption id=\"caption-attachment-23445\" class=\"wp-caption-text\">Parte los compa\u00f1eros y compa\u00f1eras que disfrutaron de la obra de teatro.<\/figcaption><\/figure>\n<p>Al presentar la obra, Giuliani destac\u00f3 que se trat\u00f3 de &#8220;una jornada de festejo, con mucha emotividad. En tiempos extraordinarios por la pandemia deber\u00edamos estar estrenando la obra en una sala pero estamos ac\u00e1&#8221;.<\/p>\n<figure id=\"attachment_23446\" aria-describedby=\"caption-attachment-23446\" style=\"width: 372px\" class=\"wp-caption alignleft\"><img loading=\"lazy\" decoding=\"async\" class=\"wp-image-23446\" src=\"https:\/\/atecordoba.org\/wp-content\/uploads\/2020\/12\/IMG-20201130-WA0310-300x170.jpg\" alt=\"\" width=\"372\" height=\"211\" srcset=\"https:\/\/atecordoba.org\/wp-content\/uploads\/2020\/12\/IMG-20201130-WA0310-300x170.jpg 300w, https:\/\/atecordoba.org\/wp-content\/uploads\/2020\/12\/IMG-20201130-WA0310-1024x579.jpg 1024w, https:\/\/atecordoba.org\/wp-content\/uploads\/2020\/12\/IMG-20201130-WA0310-768x435.jpg 768w, https:\/\/atecordoba.org\/wp-content\/uploads\/2020\/12\/IMG-20201130-WA0310-750x424.jpg 750w, https:\/\/atecordoba.org\/wp-content\/uploads\/2020\/12\/IMG-20201130-WA0310.jpg 1110w\" sizes=\"auto, (max-width: 372px) 100vw, 372px\" \/><figcaption id=\"caption-attachment-23446\" class=\"wp-caption-text\">Sebastian Berenger, director, dramaturgo y productor de la obra de teatro.<\/figcaption><\/figure>\n<p>El dirigente dijo que &#8220;no casualmente la obra se llama H\u00e9ctor la Perra Castro, estamos hablando del dirigente m\u00e1s importante de la provincia y no est\u00e1 en la historia de nuestra organizaci\u00f3n sindical. Por eso estamos llevando adelante un acto de plena justicia. Y lo hacemos este 30 de noviembre, aniversario de la fecha de la fundaci\u00f3n de la IAME (Industria Aeron\u00e1utica y Mec\u00e1nica del Estado) , all\u00e1 por 1951 cuando el general Juan Domingo Per\u00f3n decidi\u00f3 transformar la vieja f\u00e1brica de aviones de 1927 por la industria aeron\u00e1utica y mec\u00e1nica del Estado, luego llamada IME (Industria Mec\u00e1nica del Estado).\u00a0All\u00ed comenz\u00f3 a trabajar H\u00e9ctor la Perra Castro desde aprendiz, en lo que hoy es Fadea. Ah\u00ed transcurri\u00f3 su historia laboral, militante y sindical&#8221;.<\/p>\n<figure id=\"attachment_23451\" aria-describedby=\"caption-attachment-23451\" style=\"width: 416px\" class=\"wp-caption alignright\"><img loading=\"lazy\" decoding=\"async\" class=\"wp-image-23451\" src=\"https:\/\/atecordoba.org\/wp-content\/uploads\/2020\/12\/IMG-20201130-WA0309-300x188.jpg\" alt=\"\" width=\"416\" height=\"261\" srcset=\"https:\/\/atecordoba.org\/wp-content\/uploads\/2020\/12\/IMG-20201130-WA0309-300x188.jpg 300w, https:\/\/atecordoba.org\/wp-content\/uploads\/2020\/12\/IMG-20201130-WA0309-1024x640.jpg 1024w, https:\/\/atecordoba.org\/wp-content\/uploads\/2020\/12\/IMG-20201130-WA0309-768x480.jpg 768w, https:\/\/atecordoba.org\/wp-content\/uploads\/2020\/12\/IMG-20201130-WA0309-750x469.jpg 750w, https:\/\/atecordoba.org\/wp-content\/uploads\/2020\/12\/IMG-20201130-WA0309-1140x713.jpg 1140w, https:\/\/atecordoba.org\/wp-content\/uploads\/2020\/12\/IMG-20201130-WA0309.jpg 1280w\" sizes=\"auto, (max-width: 416px) 100vw, 416px\" \/><figcaption id=\"caption-attachment-23451\" class=\"wp-caption-text\">Hugo Godoy, secretario General de ATE C\u00f3rdoba.<\/figcaption><\/figure>\n<p>Y agreg\u00f3 que &#8220;yo soy de los que creo en la m\u00edstica y hay un halo de m\u00edstica alrededor de la figura de La Perra. Necesitamos crear v\u00ednculos, saber que la historia no empieza cuando aparecemos nosotros, ni termina cuando nos vamos. \u00a0Me encontr\u00e9 con la figura de H\u00e9ctor en un libro que se present\u00f3 en una feria de Capital Federal, pero no en C\u00f3rdoba. Ah\u00ed est\u00e1n las contradicciones que tenemos como personas, como organizaci\u00f3n sindical&#8221;.<\/p>\n<p>Giuliani relat\u00f3 que &#8220;me vine a encontrar con una historia que desconoc\u00eda porque nunca nadie nos la hab\u00eda transmitido. Fue a partir de ese libro de Daniel Parcero que me compromet\u00ed que \u00edbamos a hacer la obra si gan\u00e1bamos la elecci\u00f3n del a\u00f1o pasado, en el marco de una competencia interna fraterna.\u00a0Soy nacido y criado en barrio de ATE, hijo de un preso pol\u00edtico yd e una trabajadora estatal despedida durante el menemismo y hoy soy un bendecido para ejercer como secretario General de ATE C\u00f3rdoba&#8221;.<\/p>\n<p><strong>Cultura y militancia<\/strong><\/p>\n<figure id=\"attachment_23448\" aria-describedby=\"caption-attachment-23448\" style=\"width: 444px\" class=\"wp-caption alignleft\"><img loading=\"lazy\" decoding=\"async\" class=\"wp-image-23448\" src=\"https:\/\/atecordoba.org\/wp-content\/uploads\/2020\/12\/IMG-20201130-WA0311-300x170.jpg\" alt=\"\" width=\"444\" height=\"252\" srcset=\"https:\/\/atecordoba.org\/wp-content\/uploads\/2020\/12\/IMG-20201130-WA0311-300x170.jpg 300w, https:\/\/atecordoba.org\/wp-content\/uploads\/2020\/12\/IMG-20201130-WA0311-1024x579.jpg 1024w, https:\/\/atecordoba.org\/wp-content\/uploads\/2020\/12\/IMG-20201130-WA0311-768x435.jpg 768w, https:\/\/atecordoba.org\/wp-content\/uploads\/2020\/12\/IMG-20201130-WA0311-750x424.jpg 750w, https:\/\/atecordoba.org\/wp-content\/uploads\/2020\/12\/IMG-20201130-WA0311.jpg 1110w\" sizes=\"auto, (max-width: 444px) 100vw, 444px\" \/><figcaption id=\"caption-attachment-23448\" class=\"wp-caption-text\">Mirta Castro, hermana de &#8216;La Perra&#8217;.<\/figcaption><\/figure>\n<p>Seguidamente el secretario General de ATE explic\u00f3 la maduraci\u00f3n que llev\u00f3 a realizar la obra teatral. &#8220;Ni bien asumimos en noviembre nos pusimos como meta trabajar con Sebasti\u00e1n Berenger el unipersonal sobre la Perra y su merecido homenaje en nuestro local sindical. Por eso definimos ponerle \u2018Hector la Perra Castro\u2019 al auditorio de ATE. Por eso me alegra mucho verlo ac\u00e1 a Atilio L\u00f3pez, hijo del gran Atilio, y tambi\u00e9n me alegra que est\u00e9 Mat\u00edas Dreizik, nieto del Serrucho Dreizik, otro gran amigo de La Perra. As\u00ed que nos vamos encontrando en definitiva&#8221;.<\/p>\n<p>&#8220;Le agradezco Sebasti\u00e1n Berenger, a Ricardo Tamburrano por ponerse en la piel del dirigente.\u00a0Hoy estamos peleando para que los despedidos del macrismo vuelvan a trabajar a Fadea, son las vueltas de la vida y no vamos a cejar hasta que est\u00e9n adentro porque s\u00e9 que la fuerza y la energ\u00eda de H\u00e9ctor La Perra Castro lo har\u00e1 posible&#8221;, dijo.<\/p>\n<figure id=\"attachment_23449\" aria-describedby=\"caption-attachment-23449\" style=\"width: 424px\" class=\"wp-caption alignright\"><img loading=\"lazy\" decoding=\"async\" class=\"wp-image-23449\" src=\"https:\/\/atecordoba.org\/wp-content\/uploads\/2020\/12\/IMG-20201130-WA0312-300x169.jpg\" alt=\"\" width=\"424\" height=\"239\" srcset=\"https:\/\/atecordoba.org\/wp-content\/uploads\/2020\/12\/IMG-20201130-WA0312-300x169.jpg 300w, https:\/\/atecordoba.org\/wp-content\/uploads\/2020\/12\/IMG-20201130-WA0312-1024x578.jpg 1024w, https:\/\/atecordoba.org\/wp-content\/uploads\/2020\/12\/IMG-20201130-WA0312-768x433.jpg 768w, https:\/\/atecordoba.org\/wp-content\/uploads\/2020\/12\/IMG-20201130-WA0312-750x423.jpg 750w, https:\/\/atecordoba.org\/wp-content\/uploads\/2020\/12\/IMG-20201130-WA0312.jpg 1102w\" sizes=\"auto, (max-width: 424px) 100vw, 424px\" \/><figcaption id=\"caption-attachment-23449\" class=\"wp-caption-text\">H\u00e9ctor Tosco, hijo de Agust\u00edn Tosco.<\/figcaption><\/figure>\n<p>Giuliani a\u00f1adi\u00f3 que &#8220;la pelea y la estrategia siempre es integral. Estamos al frente de cada conflicto y no nos cabe la menor duda que ATE es m\u00e1s que un sindicato, queremos ser un faro productor de cultura popular. Si bien la pandemia cambi\u00f3 los planes, nos reinventamos r\u00e1pidamente y decidimos con el equipo filmarla, porque no pod\u00edamos dejar pasar m\u00e1s tiempo sin estrenarla&#8221;.<\/p>\n<p>Para concluir se\u00f1alando que &#8220;esperamos que con la pospandemia llevemos la obra por toda la provincia para que se conozca la historia de La Perra, para sembrar esa semillita para que en un futuro no muy lejano haya muchos como \u00e9l. Me parece que es fundamental tener presente a compa\u00f1eros que entend\u00edan la militancia de manera integral, como Atilio L\u00f3pez o H\u00e9ctor La Perra Castro, que fue diputado provincial por el peronismo y, como primer diputado por ATE C\u00f3rdoba, llev\u00f3 la voz de los estatales a la Legislatura. Luego debi\u00f3 exiliarse internamente, sufriendo el desarraigo, muriendo casi en soledad en su tallercito de una barriada de C\u00f3rdoba&#8221;.<\/p>\n<p><strong>La concreci\u00f3n de la obra<\/strong><\/p>\n<p>Por su parte, Sebasti\u00e1n Berenger\u00a0 cont\u00f3 como fue la realizaci\u00f3n de la obra y el esfuerzo que implic\u00f3 su concreci\u00f3n. &#8220;Es un honor llevar a cabo la resucitaci\u00f3n de personajes y hechos hist\u00f3ricos como es el caso de H\u00e9ctor Castro, uno de los pilares del Cordobazo, hito de la lucha de los obreros organizados contra un r\u00e9gimen represivo que finalmente termina derrocado&#8221;, comenz\u00f3 cont\u00e1ndole Berenger a la audiencia.<\/p>\n<figure id=\"attachment_23450\" aria-describedby=\"caption-attachment-23450\" style=\"width: 405px\" class=\"wp-caption alignleft\"><img loading=\"lazy\" decoding=\"async\" class=\"wp-image-23450\" src=\"https:\/\/atecordoba.org\/wp-content\/uploads\/2020\/12\/IMG-20201130-WA0318-300x171.jpg\" alt=\"\" width=\"405\" height=\"231\" srcset=\"https:\/\/atecordoba.org\/wp-content\/uploads\/2020\/12\/IMG-20201130-WA0318-300x171.jpg 300w, https:\/\/atecordoba.org\/wp-content\/uploads\/2020\/12\/IMG-20201130-WA0318-1024x582.jpg 1024w, https:\/\/atecordoba.org\/wp-content\/uploads\/2020\/12\/IMG-20201130-WA0318-768x437.jpg 768w, https:\/\/atecordoba.org\/wp-content\/uploads\/2020\/12\/IMG-20201130-WA0318-750x426.jpg 750w, https:\/\/atecordoba.org\/wp-content\/uploads\/2020\/12\/IMG-20201130-WA0318.jpg 1108w\" sizes=\"auto, (max-width: 405px) 100vw, 405px\" \/><figcaption id=\"caption-attachment-23450\" class=\"wp-caption-text\">Mat\u00edas Dreizik, del ISLyMA CTAA y nieto de Serrucho Dreizik,<\/figcaption><\/figure>\n<p>&#8220;Al rescatar la vida de la Perra Castro se resignifica, \u00e9l fue un gran valor humano y sindical. No fue f\u00e1cil \u00a0porque no hab\u00eda registro escrito ni f\u00edlmico por lo que las entrevistas con sus familiares fue fundamental, tanto con su hermana Mirta Castro, como con su hijo Luisito, su amigo y compa\u00f1ero Eugenio Ferrari, acompa\u00f1ado por el historiador Daniel Parcero, y Guillermo Galindez&#8221;, que integr\u00f3 la comisi\u00f3n directiva conducida por la Perra Castro. &#8220;Siempre muy apoyado por Federico Giuliani, Julia Giuliani y Cesar Theaux&#8221;, agradeci\u00f3 el artista.<\/p>\n<p>&#8220;Como opero como dramaturgo, productor y director de estas obras -como lo hicimos con Agust\u00edn Tosco y con Germ\u00e1n Abdala- convoco a alguien a escribir conmigo, en este caso fue mi pap\u00e1 Osvaldo, encargado de la investigaci\u00f3n y de los dibujos, que aparecieron casi espont\u00e1neamente, casi un \u2018history board\u2019 \u00a0para poder retratar la obra.\u00a0Fueron muchos meses de investigaci\u00f3n y despu\u00e9s de escritura, despu\u00e9s de correcci\u00f3n. Todo ven\u00eda bien hasta el 15 de marzo, cuando nos atac\u00f3 la pandemia. Lo que hab\u00edamos programado cambi\u00f3 el rumbo&#8221;, describi\u00f3.<\/p>\n<p>Y destac\u00f3 que &#8220;estrenar la obra igual con tan buena participaci\u00f3n de la gente (decenas de compa\u00f1eros se sumaron al streaming virtual), no es causalidad sino el esfuerzo de mucha gente, personas de ATE y personas del arte que fueron contratadas para esta obra. Expresa hacer resilencia y no claudicar ante la adversidad.\u00a0Hoy estamos estrenando la obra de un tipo fundamental para la historia de ATE, ninguneado y desde el arte tratamos de contar quien fue en 40 minutos&#8221;.<\/p>\n<div style='display:none' class=\"jeg_preview_slider gallery_1\" data-selector='gallery_1'>\n                        <div class=\"jeg_preview_holder\">\n                            <div class=\"jeg_preview_media\">\n                        <div class=\"jeg_preview_media_holder\">\n                            <h3>&nbsp;<\/h3>\n                            <div class=\"fullscreen-switch\">\n                                <i class=\"fa\"><\/i>\n                            <\/div>\n                            <div class=\"jeg_preview_media_content\">\n                                <div class=\"jeg_preview_media_content_holder_padding\">\n                                    <div class=\"jeg_preview_media_content_holder\"><\/div>\n                                <\/div>\n                                <div class=\"jeg_preview_media_content_navigation\">\n                                    <div class=\"prev\">\n\t\t\t\t\t\t\t\t\t\t<i class=\"fa\"><\/i>\n\t\t\t\t\t\t\t\t\t<\/div>\n                                    <div class=\"next\">\n\t\t\t\t\t\t\t\t\t\t<i class=\"fa\"><\/i>\n\t\t\t\t\t\t\t\t\t<\/div>\n                                <\/div>\n                                <div class='preview-slider-overlay'>\n                                    <div class='preloader_type preloader_dot'>\n                                        <div class=\"module-preloader jeg_preloader dot\">\n                                            <span><\/span><span><\/span><span><\/span>\n                                        <\/div>\n                                        <div class=\"module-preloader jeg_preloader circle\">\n                                            <div class=\"jnews_preloader_circle_outer\">\n                                                <div class=\"jnews_preloader_circle_inner\"><\/div>\n                                            <\/div>\n                                        <\/div>\n                                        <div class=\"module-preloader jeg_preloader square\">\n                                            <div class=\"jeg_square\">\n                                                <div class=\"jeg_square_inner\"><\/div>\n                                            <\/div>\n                                        <\/div>\n                                    <\/div>\n                                <\/div>\n                            <\/div>\n                            <div class=\"jeg_preview_control\">\n                                <div class=\"left_control\">\n                                    <div class=\"counter\"><span class=\"current\">1<\/span> de  10<\/div>\n                                    <div class=\"subtitle\"><\/div>\n                                <\/div>\n                                <div class=\"zoom\">\n                                    <span class=\"reduce\">-<\/span>\n                                    <span class=\"increase\">+<\/span>\n                                <\/div>\n                            <\/div>\n                        <\/div>\n                    <\/div>\n\n                    <div class=\"jeg_preview_bottom_slider\">\n                        <a data-id=\"0\" data-title=\"\" data-image=\"https:\/\/atecordoba.org\/wp-content\/uploads\/2020\/12\/IMG-20201130-WA0305.jpg\" href=\"https:\/\/atecordoba.org\/wp-content\/uploads\/2020\/12\/IMG-20201130-WA0305.jpg\" class=\"jeg_preview_item active\">\n                            <div class=\"jeg_preview_item_thumbnail\">\n                                <img loading=\"lazy\" decoding=\"async\" width=\"120\" height=\"86\" src=\"https:\/\/atecordoba.org\/wp-content\/uploads\/2020\/12\/IMG-20201130-WA0305-120x86.jpg\" class=\"attachment-jnews-120x86 size-jnews-120x86\" alt=\"\" srcset=\"https:\/\/atecordoba.org\/wp-content\/uploads\/2020\/12\/IMG-20201130-WA0305-120x86.jpg 120w, https:\/\/atecordoba.org\/wp-content\/uploads\/2020\/12\/IMG-20201130-WA0305-350x250.jpg 350w, https:\/\/atecordoba.org\/wp-content\/uploads\/2020\/12\/IMG-20201130-WA0305-750x536.jpg 750w\" sizes=\"auto, (max-width: 120px) 100vw, 120px\" \/>\n                            <\/div>\n                        <\/a><a data-id=\"1\" data-title=\"\" data-image=\"https:\/\/atecordoba.org\/wp-content\/uploads\/2020\/12\/WhatsApp-Image-2020-12-02-at-11.21.18.jpeg\" href=\"https:\/\/atecordoba.org\/wp-content\/uploads\/2020\/12\/WhatsApp-Image-2020-12-02-at-11.21.18.jpeg\" class=\"jeg_preview_item \">\n                            <div class=\"jeg_preview_item_thumbnail\">\n                                <img loading=\"lazy\" decoding=\"async\" width=\"120\" height=\"86\" src=\"https:\/\/atecordoba.org\/wp-content\/uploads\/2020\/12\/WhatsApp-Image-2020-12-02-at-11.21.18-120x86.jpeg\" class=\"attachment-jnews-120x86 size-jnews-120x86\" alt=\"\" srcset=\"https:\/\/atecordoba.org\/wp-content\/uploads\/2020\/12\/WhatsApp-Image-2020-12-02-at-11.21.18-120x86.jpeg 120w, https:\/\/atecordoba.org\/wp-content\/uploads\/2020\/12\/WhatsApp-Image-2020-12-02-at-11.21.18-350x250.jpeg 350w, https:\/\/atecordoba.org\/wp-content\/uploads\/2020\/12\/WhatsApp-Image-2020-12-02-at-11.21.18-750x536.jpeg 750w, https:\/\/atecordoba.org\/wp-content\/uploads\/2020\/12\/WhatsApp-Image-2020-12-02-at-11.21.18-1140x815.jpeg 1140w\" sizes=\"auto, (max-width: 120px) 100vw, 120px\" \/>\n                            <\/div>\n                        <\/a><a data-id=\"2\" data-title=\"\" data-image=\"https:\/\/atecordoba.org\/wp-content\/uploads\/2020\/12\/WhatsApp-Image-2020-12-02-at-11.21.20-1.jpeg\" href=\"https:\/\/atecordoba.org\/wp-content\/uploads\/2020\/12\/WhatsApp-Image-2020-12-02-at-11.21.20-1.jpeg\" class=\"jeg_preview_item \">\n                            <div class=\"jeg_preview_item_thumbnail\">\n                                <img loading=\"lazy\" decoding=\"async\" width=\"120\" height=\"86\" src=\"https:\/\/atecordoba.org\/wp-content\/uploads\/2020\/12\/WhatsApp-Image-2020-12-02-at-11.21.20-1-120x86.jpeg\" class=\"attachment-jnews-120x86 size-jnews-120x86\" alt=\"\" srcset=\"https:\/\/atecordoba.org\/wp-content\/uploads\/2020\/12\/WhatsApp-Image-2020-12-02-at-11.21.20-1-120x86.jpeg 120w, https:\/\/atecordoba.org\/wp-content\/uploads\/2020\/12\/WhatsApp-Image-2020-12-02-at-11.21.20-1-350x250.jpeg 350w, https:\/\/atecordoba.org\/wp-content\/uploads\/2020\/12\/WhatsApp-Image-2020-12-02-at-11.21.20-1-750x536.jpeg 750w, https:\/\/atecordoba.org\/wp-content\/uploads\/2020\/12\/WhatsApp-Image-2020-12-02-at-11.21.20-1-1140x815.jpeg 1140w\" sizes=\"auto, (max-width: 120px) 100vw, 120px\" \/>\n                            <\/div>\n                        <\/a><a data-id=\"3\" data-title=\"\" data-image=\"https:\/\/atecordoba.org\/wp-content\/uploads\/2020\/12\/WhatsApp-Image-2020-12-02-at-11.21.20.jpeg\" href=\"https:\/\/atecordoba.org\/wp-content\/uploads\/2020\/12\/WhatsApp-Image-2020-12-02-at-11.21.20.jpeg\" class=\"jeg_preview_item \">\n                            <div class=\"jeg_preview_item_thumbnail\">\n                                <img loading=\"lazy\" decoding=\"async\" width=\"120\" height=\"86\" src=\"https:\/\/atecordoba.org\/wp-content\/uploads\/2020\/12\/WhatsApp-Image-2020-12-02-at-11.21.20-120x86.jpeg\" class=\"attachment-jnews-120x86 size-jnews-120x86\" alt=\"\" srcset=\"https:\/\/atecordoba.org\/wp-content\/uploads\/2020\/12\/WhatsApp-Image-2020-12-02-at-11.21.20-120x86.jpeg 120w, https:\/\/atecordoba.org\/wp-content\/uploads\/2020\/12\/WhatsApp-Image-2020-12-02-at-11.21.20-350x250.jpeg 350w, https:\/\/atecordoba.org\/wp-content\/uploads\/2020\/12\/WhatsApp-Image-2020-12-02-at-11.21.20-750x536.jpeg 750w, https:\/\/atecordoba.org\/wp-content\/uploads\/2020\/12\/WhatsApp-Image-2020-12-02-at-11.21.20-1140x815.jpeg 1140w\" sizes=\"auto, (max-width: 120px) 100vw, 120px\" \/>\n                            <\/div>\n                        <\/a><a data-id=\"4\" data-title=\"\" data-image=\"https:\/\/atecordoba.org\/wp-content\/uploads\/2020\/12\/WhatsApp-Image-2020-12-02-at-11.21.21-1.jpeg\" href=\"https:\/\/atecordoba.org\/wp-content\/uploads\/2020\/12\/WhatsApp-Image-2020-12-02-at-11.21.21-1.jpeg\" class=\"jeg_preview_item \">\n                            <div class=\"jeg_preview_item_thumbnail\">\n                                <img loading=\"lazy\" decoding=\"async\" width=\"120\" height=\"86\" src=\"https:\/\/atecordoba.org\/wp-content\/uploads\/2020\/12\/WhatsApp-Image-2020-12-02-at-11.21.21-1-120x86.jpeg\" class=\"attachment-jnews-120x86 size-jnews-120x86\" alt=\"\" srcset=\"https:\/\/atecordoba.org\/wp-content\/uploads\/2020\/12\/WhatsApp-Image-2020-12-02-at-11.21.21-1-120x86.jpeg 120w, https:\/\/atecordoba.org\/wp-content\/uploads\/2020\/12\/WhatsApp-Image-2020-12-02-at-11.21.21-1-350x250.jpeg 350w, https:\/\/atecordoba.org\/wp-content\/uploads\/2020\/12\/WhatsApp-Image-2020-12-02-at-11.21.21-1-750x536.jpeg 750w, https:\/\/atecordoba.org\/wp-content\/uploads\/2020\/12\/WhatsApp-Image-2020-12-02-at-11.21.21-1-1140x815.jpeg 1140w\" sizes=\"auto, (max-width: 120px) 100vw, 120px\" \/>\n                            <\/div>\n                        <\/a><a data-id=\"5\" data-title=\"\" data-image=\"https:\/\/atecordoba.org\/wp-content\/uploads\/2020\/12\/WhatsApp-Image-2020-12-02-at-11.21.21-2.jpeg\" href=\"https:\/\/atecordoba.org\/wp-content\/uploads\/2020\/12\/WhatsApp-Image-2020-12-02-at-11.21.21-2.jpeg\" class=\"jeg_preview_item \">\n                            <div class=\"jeg_preview_item_thumbnail\">\n                                <img loading=\"lazy\" decoding=\"async\" width=\"120\" height=\"86\" src=\"https:\/\/atecordoba.org\/wp-content\/uploads\/2020\/12\/WhatsApp-Image-2020-12-02-at-11.21.21-2-120x86.jpeg\" class=\"attachment-jnews-120x86 size-jnews-120x86\" alt=\"\" srcset=\"https:\/\/atecordoba.org\/wp-content\/uploads\/2020\/12\/WhatsApp-Image-2020-12-02-at-11.21.21-2-120x86.jpeg 120w, https:\/\/atecordoba.org\/wp-content\/uploads\/2020\/12\/WhatsApp-Image-2020-12-02-at-11.21.21-2-350x250.jpeg 350w, https:\/\/atecordoba.org\/wp-content\/uploads\/2020\/12\/WhatsApp-Image-2020-12-02-at-11.21.21-2-750x536.jpeg 750w, https:\/\/atecordoba.org\/wp-content\/uploads\/2020\/12\/WhatsApp-Image-2020-12-02-at-11.21.21-2-1140x815.jpeg 1140w\" sizes=\"auto, (max-width: 120px) 100vw, 120px\" \/>\n                            <\/div>\n                        <\/a><a data-id=\"6\" data-title=\"\" data-image=\"https:\/\/atecordoba.org\/wp-content\/uploads\/2020\/12\/WhatsApp-Image-2020-12-02-at-11.21.21.jpeg\" href=\"https:\/\/atecordoba.org\/wp-content\/uploads\/2020\/12\/WhatsApp-Image-2020-12-02-at-11.21.21.jpeg\" class=\"jeg_preview_item \">\n                            <div class=\"jeg_preview_item_thumbnail\">\n                                <img loading=\"lazy\" decoding=\"async\" width=\"120\" height=\"86\" src=\"https:\/\/atecordoba.org\/wp-content\/uploads\/2020\/12\/WhatsApp-Image-2020-12-02-at-11.21.21-120x86.jpeg\" class=\"attachment-jnews-120x86 size-jnews-120x86\" alt=\"\" srcset=\"https:\/\/atecordoba.org\/wp-content\/uploads\/2020\/12\/WhatsApp-Image-2020-12-02-at-11.21.21-120x86.jpeg 120w, https:\/\/atecordoba.org\/wp-content\/uploads\/2020\/12\/WhatsApp-Image-2020-12-02-at-11.21.21-350x250.jpeg 350w, https:\/\/atecordoba.org\/wp-content\/uploads\/2020\/12\/WhatsApp-Image-2020-12-02-at-11.21.21-750x536.jpeg 750w, https:\/\/atecordoba.org\/wp-content\/uploads\/2020\/12\/WhatsApp-Image-2020-12-02-at-11.21.21-1140x815.jpeg 1140w\" sizes=\"auto, (max-width: 120px) 100vw, 120px\" \/>\n                            <\/div>\n                        <\/a><a data-id=\"7\" data-title=\"\" data-image=\"https:\/\/atecordoba.org\/wp-content\/uploads\/2020\/12\/WhatsApp-Image-2020-12-02-at-11.21.22-1.jpeg\" href=\"https:\/\/atecordoba.org\/wp-content\/uploads\/2020\/12\/WhatsApp-Image-2020-12-02-at-11.21.22-1.jpeg\" class=\"jeg_preview_item \">\n                            <div class=\"jeg_preview_item_thumbnail\">\n                                <img loading=\"lazy\" decoding=\"async\" width=\"120\" height=\"86\" src=\"https:\/\/atecordoba.org\/wp-content\/uploads\/2020\/12\/WhatsApp-Image-2020-12-02-at-11.21.22-1-120x86.jpeg\" class=\"attachment-jnews-120x86 size-jnews-120x86\" alt=\"\" srcset=\"https:\/\/atecordoba.org\/wp-content\/uploads\/2020\/12\/WhatsApp-Image-2020-12-02-at-11.21.22-1-120x86.jpeg 120w, https:\/\/atecordoba.org\/wp-content\/uploads\/2020\/12\/WhatsApp-Image-2020-12-02-at-11.21.22-1-350x250.jpeg 350w, https:\/\/atecordoba.org\/wp-content\/uploads\/2020\/12\/WhatsApp-Image-2020-12-02-at-11.21.22-1-750x536.jpeg 750w, https:\/\/atecordoba.org\/wp-content\/uploads\/2020\/12\/WhatsApp-Image-2020-12-02-at-11.21.22-1-1140x815.jpeg 1140w\" sizes=\"auto, (max-width: 120px) 100vw, 120px\" \/>\n                            <\/div>\n                        <\/a><a data-id=\"8\" data-title=\"\" data-image=\"https:\/\/atecordoba.org\/wp-content\/uploads\/2020\/12\/WhatsApp-Image-2020-12-02-at-11.21.22.jpeg\" href=\"https:\/\/atecordoba.org\/wp-content\/uploads\/2020\/12\/WhatsApp-Image-2020-12-02-at-11.21.22.jpeg\" class=\"jeg_preview_item \">\n                            <div class=\"jeg_preview_item_thumbnail\">\n                                <img loading=\"lazy\" decoding=\"async\" width=\"120\" height=\"86\" src=\"https:\/\/atecordoba.org\/wp-content\/uploads\/2020\/12\/WhatsApp-Image-2020-12-02-at-11.21.22-120x86.jpeg\" class=\"attachment-jnews-120x86 size-jnews-120x86\" alt=\"\" srcset=\"https:\/\/atecordoba.org\/wp-content\/uploads\/2020\/12\/WhatsApp-Image-2020-12-02-at-11.21.22-120x86.jpeg 120w, https:\/\/atecordoba.org\/wp-content\/uploads\/2020\/12\/WhatsApp-Image-2020-12-02-at-11.21.22-350x250.jpeg 350w, https:\/\/atecordoba.org\/wp-content\/uploads\/2020\/12\/WhatsApp-Image-2020-12-02-at-11.21.22-750x536.jpeg 750w, https:\/\/atecordoba.org\/wp-content\/uploads\/2020\/12\/WhatsApp-Image-2020-12-02-at-11.21.22-1140x815.jpeg 1140w\" sizes=\"auto, (max-width: 120px) 100vw, 120px\" \/>\n                            <\/div>\n                        <\/a><a data-id=\"9\" data-title=\"\" data-image=\"https:\/\/atecordoba.org\/wp-content\/uploads\/2020\/12\/WhatsApp-Image-2020-12-02-at-11.21.23.jpeg\" href=\"https:\/\/atecordoba.org\/wp-content\/uploads\/2020\/12\/WhatsApp-Image-2020-12-02-at-11.21.23.jpeg\" class=\"jeg_preview_item \">\n                            <div class=\"jeg_preview_item_thumbnail\">\n                                <img loading=\"lazy\" decoding=\"async\" width=\"120\" height=\"86\" src=\"https:\/\/atecordoba.org\/wp-content\/uploads\/2020\/12\/WhatsApp-Image-2020-12-02-at-11.21.23-120x86.jpeg\" class=\"attachment-jnews-120x86 size-jnews-120x86\" alt=\"\" srcset=\"https:\/\/atecordoba.org\/wp-content\/uploads\/2020\/12\/WhatsApp-Image-2020-12-02-at-11.21.23-120x86.jpeg 120w, https:\/\/atecordoba.org\/wp-content\/uploads\/2020\/12\/WhatsApp-Image-2020-12-02-at-11.21.23-350x250.jpeg 350w, https:\/\/atecordoba.org\/wp-content\/uploads\/2020\/12\/WhatsApp-Image-2020-12-02-at-11.21.23-750x536.jpeg 750w, https:\/\/atecordoba.org\/wp-content\/uploads\/2020\/12\/WhatsApp-Image-2020-12-02-at-11.21.23-1140x815.jpeg 1140w\" sizes=\"auto, (max-width: 120px) 100vw, 120px\" \/>\n                            <\/div>\n                        <\/a>\n                    <\/div>\n                        <\/div>\n                        <div class=\"jeg_preview_description\">\n                            \n                            <div class=\"jeg_preview_description_wrapper\">\n                            \n                            <\/div>\n                        <\/div>\n                        <script>\n                            var gallery_1 = {\n                                rtl: false,\n                                native_zoom: false,\n                                zoom_max: 5,\n                                zoom_step: 40,\n                                image_sequence: [{\"src\":\"https:\\\/\\\/atecordoba.org\\\/wp-content\\\/uploads\\\/2020\\\/12\\\/IMG-20201130-WA0305.jpg\",\"w\":1080,\"h\":1080,\"title\":\"\"},{\"src\":\"https:\\\/\\\/atecordoba.org\\\/wp-content\\\/uploads\\\/2020\\\/12\\\/WhatsApp-Image-2020-12-02-at-11.21.18.jpeg\",\"w\":1280,\"h\":1140,\"title\":\"\"},{\"src\":\"https:\\\/\\\/atecordoba.org\\\/wp-content\\\/uploads\\\/2020\\\/12\\\/WhatsApp-Image-2020-12-02-at-11.21.20-1.jpeg\",\"w\":1280,\"h\":1245,\"title\":\"\"},{\"src\":\"https:\\\/\\\/atecordoba.org\\\/wp-content\\\/uploads\\\/2020\\\/12\\\/WhatsApp-Image-2020-12-02-at-11.21.20.jpeg\",\"w\":1280,\"h\":1159,\"title\":\"\"},{\"src\":\"https:\\\/\\\/atecordoba.org\\\/wp-content\\\/uploads\\\/2020\\\/12\\\/WhatsApp-Image-2020-12-02-at-11.21.21-1.jpeg\",\"w\":1280,\"h\":1137,\"title\":\"\"},{\"src\":\"https:\\\/\\\/atecordoba.org\\\/wp-content\\\/uploads\\\/2020\\\/12\\\/WhatsApp-Image-2020-12-02-at-11.21.21-2.jpeg\",\"w\":1276,\"h\":1212,\"title\":\"\"},{\"src\":\"https:\\\/\\\/atecordoba.org\\\/wp-content\\\/uploads\\\/2020\\\/12\\\/WhatsApp-Image-2020-12-02-at-11.21.21.jpeg\",\"w\":1280,\"h\":1168,\"title\":\"\"},{\"src\":\"https:\\\/\\\/atecordoba.org\\\/wp-content\\\/uploads\\\/2020\\\/12\\\/WhatsApp-Image-2020-12-02-at-11.21.22-1.jpeg\",\"w\":1280,\"h\":1233,\"title\":\"\"},{\"src\":\"https:\\\/\\\/atecordoba.org\\\/wp-content\\\/uploads\\\/2020\\\/12\\\/WhatsApp-Image-2020-12-02-at-11.21.22.jpeg\",\"w\":1280,\"h\":1163,\"title\":\"\"},{\"src\":\"https:\\\/\\\/atecordoba.org\\\/wp-content\\\/uploads\\\/2020\\\/12\\\/WhatsApp-Image-2020-12-02-at-11.21.23.jpeg\",\"w\":1280,\"h\":1152,\"title\":\"\"}]\n                            };\n                        <\/script>\n                    <\/div>\n<p>El director de la obra agradeci\u00f3 a \u00a0Ricardo Tamburrano, el actor encargado de poner en la piel del personaje, tambi\u00e9n a Federico Giuliani &#8220;por la confianza y el acompa\u00f1amiento&#8221;.<\/p>\n<p>En otro tramo de su alocuci\u00f3n Berenger record\u00f3 que &#8220;en 2008 hicimos la obra de German Abdala, el San Martin de ATE. Federico la llev\u00f3 a C\u00f3rdoba en la campa\u00f1a que lo llev\u00f3 a ganar las elecciones del a\u00f1o pasado. Desde el arte tratamos de \u00a0conmover y Federico est\u00e1 convencido que es una herramienta de cambio, visi\u00f3n que compartimos&#8221;.<\/p>\n<p>La previa del estreno tuvo emotivas palabras de Mirta Castro, recodando a su hermano, y una cativa participaci\u00f3n en el debate posterior al estreno.<\/p>\n","protected":false},"excerpt":{"rendered":"<p>El pasado lunes 30 se realiz\u00f3 el estreno por streaming, en el canal de youtube de ATE C\u00f3rdoba, la obra de teatro sobre H\u00e9ctor La Perra Castro, legendario dirigente de de los estatales cordobeses, cuya figura fue olvidada por la historia. El Consejo Directivo Provincial (CDP) vino a saldar esa deuda, convocando a artistas como [&hellip;]<\/p>\n","protected":false},"author":7,"featured_media":23443,"comment_status":"open","ping_status":"open","sticky":true,"template":"","format":"standard","meta":{"_exactmetrics_skip_tracking":false,"_exactmetrics_sitenote_active":false,"_exactmetrics_sitenote_note":"","_exactmetrics_sitenote_category":0,"jnews-multi-image_gallery":[],"jnews_single_post":{"source_name":"","source_url":"","via_name":"","via_url":"","override_template":"0","override":[{"template":"1","single_blog_custom":"","parallax":"1","fullscreen":"0","layout":"right-sidebar","sidebar":"default-sidebar","second_sidebar":"default-sidebar","sticky_sidebar":"1","share_position":"top","share_float_style":"share-monocrhome","show_share_counter":"1","show_view_counter":"1","show_featured":"1","show_post_meta":"1","show_post_author":"1","show_post_author_image":"1","show_post_date":"1","post_date_format":"default","post_date_format_custom":"Y\/m\/d","show_post_category":"1","show_post_reading_time":"0","post_reading_time_wpm":"300","show_zoom_button":"0","zoom_button_out_step":"2","zoom_button_in_step":"3","show_post_tag":"1","show_prev_next_post":"1","show_popup_post":"1","number_popup_post":"1","show_author_box":"0","show_post_related":"0","show_inline_post_related":"0"}],"override_image_size":"0","image_override":[{"single_post_thumbnail_size":"crop-500","single_post_gallery_size":"crop-500"}],"trending_post":"0","trending_post_position":"meta","trending_post_label":"Trending","sponsored_post":"0","sponsored_post_label":"Sponsored by","sponsored_post_name":"","sponsored_post_url":"","sponsored_post_logo_enable":"0","sponsored_post_logo":"","sponsored_post_desc":""},"jnews_primary_category":{"id":""},"jnews_social_meta":{"fb_title":"","fb_description":"","fb_image":"","twitter_title":"","twitter_description":"","twitter_image":""},"jnews_review":[],"enable_review":"0","type":"percentage","name":"","summary":"","brand":"","sku":"","good":[{"good_text":""}],"bad":[{"bad_text":""}],"score_override":"","override_value":"","rating":[{"rating_text":"","rating_number":"10"}],"price":[{"shop":"","price":"","link":"","icon":""}],"jnews_override_counter":{"override_view_counter":"0","view_counter_number":"0","override_share_counter":"0","share_counter_number":"0","override_like_counter":"0","like_counter_number":"0","override_dislike_counter":"0","dislike_counter_number":"0"},"jnews_post_split":{"enable_post_split":"0","post_split":[{"template":"1","tag":"h2","numbering":"asc","mode":"normal"}]},"footnotes":""},"categories":[75,341],"tags":[720],"class_list":["post-23442","post","type-post","status-publish","format-standard","has-post-thumbnail","hentry","category-accion-social","category-cdp","tag-obra-de-teatro"],"jetpack_featured_media_url":"https:\/\/atecordoba.org\/wp-content\/uploads\/2020\/12\/IMG-20201130-WA0306.jpg","_links":{"self":[{"href":"https:\/\/atecordoba.org\/index.php?rest_route=\/wp\/v2\/posts\/23442","targetHints":{"allow":["GET"]}}],"collection":[{"href":"https:\/\/atecordoba.org\/index.php?rest_route=\/wp\/v2\/posts"}],"about":[{"href":"https:\/\/atecordoba.org\/index.php?rest_route=\/wp\/v2\/types\/post"}],"author":[{"embeddable":true,"href":"https:\/\/atecordoba.org\/index.php?rest_route=\/wp\/v2\/users\/7"}],"replies":[{"embeddable":true,"href":"https:\/\/atecordoba.org\/index.php?rest_route=%2Fwp%2Fv2%2Fcomments&post=23442"}],"version-history":[{"count":1,"href":"https:\/\/atecordoba.org\/index.php?rest_route=\/wp\/v2\/posts\/23442\/revisions"}],"predecessor-version":[{"id":23462,"href":"https:\/\/atecordoba.org\/index.php?rest_route=\/wp\/v2\/posts\/23442\/revisions\/23462"}],"wp:featuredmedia":[{"embeddable":true,"href":"https:\/\/atecordoba.org\/index.php?rest_route=\/wp\/v2\/media\/23443"}],"wp:attachment":[{"href":"https:\/\/atecordoba.org\/index.php?rest_route=%2Fwp%2Fv2%2Fmedia&parent=23442"}],"wp:term":[{"taxonomy":"category","embeddable":true,"href":"https:\/\/atecordoba.org\/index.php?rest_route=%2Fwp%2Fv2%2Fcategories&post=23442"},{"taxonomy":"post_tag","embeddable":true,"href":"https:\/\/atecordoba.org\/index.php?rest_route=%2Fwp%2Fv2%2Ftags&post=23442"}],"curies":[{"name":"wp","href":"https:\/\/api.w.org\/{rel}","templated":true}]}}