{"id":23436,"date":"2020-12-01T15:31:58","date_gmt":"2020-12-01T18:31:58","guid":{"rendered":"https:\/\/atecordoba.org\/?p=23436"},"modified":"2020-12-01T15:31:58","modified_gmt":"2020-12-01T18:31:58","slug":"ate-presente-en-el-corralon-de-saldan","status":"publish","type":"post","link":"https:\/\/atecordoba.org\/?p=23436","title":{"rendered":"ATE presente en el corral\u00f3n de Sald\u00e1n"},"content":{"rendered":"<p><img loading=\"lazy\" decoding=\"async\" class=\" wp-image-23429 aligncenter\" src=\"https:\/\/atecordoba.org\/wp-content\/uploads\/2020\/12\/WhatsApp-Image-2020-12-01-at-10.27.35-300x225.jpeg\" alt=\"\" width=\"601\" height=\"451\" srcset=\"https:\/\/atecordoba.org\/wp-content\/uploads\/2020\/12\/WhatsApp-Image-2020-12-01-at-10.27.35-300x225.jpeg 300w, https:\/\/atecordoba.org\/wp-content\/uploads\/2020\/12\/WhatsApp-Image-2020-12-01-at-10.27.35-1024x768.jpeg 1024w, https:\/\/atecordoba.org\/wp-content\/uploads\/2020\/12\/WhatsApp-Image-2020-12-01-at-10.27.35-768x576.jpeg 768w, https:\/\/atecordoba.org\/wp-content\/uploads\/2020\/12\/WhatsApp-Image-2020-12-01-at-10.27.35-750x563.jpeg 750w, https:\/\/atecordoba.org\/wp-content\/uploads\/2020\/12\/WhatsApp-Image-2020-12-01-at-10.27.35-1140x855.jpeg 1140w, https:\/\/atecordoba.org\/wp-content\/uploads\/2020\/12\/WhatsApp-Image-2020-12-01-at-10.27.35.jpeg 1152w\" sizes=\"auto, (max-width: 601px) 100vw, 601px\" \/>Esta ma\u00f1ana se llev\u00f3 a cabo una\u00a0 asamblea en el Corral\u00f3n Municipal de la localidad de Sald\u00e1n. Estuvieron presentes en la oportunidad la secretaria de Interior del Consejo Directivo Provincial, Edith Innamorato, de Prensa, Julia Giuliani, y la delegada municipal, Patricia Logarez.<\/p>\n<p>Frente a los compa\u00f1eros del Corral\u00f3n se abord\u00f3 la implementaci\u00f3n de parte del Ejecutivo del control del parque vehicular, que ATE solicit\u00f3 al intendente para garantizar su buen estado, a los fines de realizar las tareas habituales de las y los trabajadores.<\/p>\n<p>Adem\u00e1s se realiz\u00f3 una recorrida por la guarder\u00eda municipal, para evacuar las dudas y consultas que surjan de las y los trabajadores. \u201cEn el transcurso de los pr\u00f3ximos d\u00edas continuar\u00e1 la visita a diversas reparticiones municipales de forma que desde ATE continuemos recabando los reclamos del personal para trasladarlo al Ejecutivo y as\u00ed resolver sus problemas de cada \u00e1rea\u201d, explic\u00f3 Giuliani.<\/p>\n<p>En di\u00e1logo con el jefe de personal del municipio, Daniel Bar\u00f3n, la delegaci\u00f3n de ATE dej\u00f3 establecido que la planilla vehicular del Corral\u00f3n es solo verificaci\u00f3n del estado de la unidad que el trabajador dispone ese d\u00eda para sus tareas. De esta manera se hizo hincapi\u00e9 que la firma de dicho documento no los obliga a realizar las tareas con los veh\u00edculos que hagan del manejo o circulaci\u00f3n un peligro a la comunidad.<\/p>\n<p>Giuliani destac\u00f3 que \u201cATE es el gremio mayoritario en la municipalidad y se est\u00e1 haciendo un gran trabajo para recorrer cada dependencia y avanzar en resolver los planteos que surgen de las bases, de las y los compa\u00f1eros municipales\u201d.<\/p>\n<p>&nbsp;<\/p>\n","protected":false},"excerpt":{"rendered":"<p>Esta ma\u00f1ana se llev\u00f3 a cabo una\u00a0 asamblea en el Corral\u00f3n Municipal de la localidad de Sald\u00e1n. Estuvieron presentes en la oportunidad la secretaria de Interior del Consejo Directivo Provincial, Edith Innamorato, de Prensa, Julia Giuliani, y la delegada municipal, Patricia Logarez. Frente a los compa\u00f1eros del Corral\u00f3n se abord\u00f3 la implementaci\u00f3n de parte del [&hellip;]<\/p>\n","protected":false},"author":7,"featured_media":23429,"comment_status":"open","ping_status":"open","sticky":true,"template":"","format":"standard","meta":{"_exactmetrics_skip_tracking":false,"_exactmetrics_sitenote_active":false,"_exactmetrics_sitenote_note":"","_exactmetrics_sitenote_category":0,"jnews-multi-image_gallery":[],"jnews_single_post":{"source_name":"","source_url":"","via_name":"","via_url":"","override_template":"0","override":[{"template":"1","single_blog_custom":"","parallax":"1","fullscreen":"0","layout":"right-sidebar","sidebar":"default-sidebar","second_sidebar":"default-sidebar","sticky_sidebar":"1","share_position":"top","share_float_style":"share-monocrhome","show_share_counter":"1","show_view_counter":"1","show_featured":"1","show_post_meta":"1","show_post_author":"1","show_post_author_image":"1","show_post_date":"1","post_date_format":"default","post_date_format_custom":"Y\/m\/d","show_post_category":"1","show_post_reading_time":"0","post_reading_time_wpm":"300","show_zoom_button":"0","zoom_button_out_step":"2","zoom_button_in_step":"3","show_post_tag":"1","show_prev_next_post":"1","show_popup_post":"1","number_popup_post":"1","show_author_box":"0","show_post_related":"0","show_inline_post_related":"0"}],"override_image_size":"0","image_override":[{"single_post_thumbnail_size":"crop-500","single_post_gallery_size":"crop-500"}],"trending_post":"0","trending_post_position":"meta","trending_post_label":"Trending","sponsored_post":"0","sponsored_post_label":"Sponsored by","sponsored_post_name":"","sponsored_post_url":"","sponsored_post_logo_enable":"0","sponsored_post_logo":"","sponsored_post_desc":""},"jnews_primary_category":{"id":""},"jnews_social_meta":{"fb_title":"","fb_description":"","fb_image":"","twitter_title":"","twitter_description":"","twitter_image":""},"jnews_review":[],"enable_review":"0","type":"percentage","name":"","summary":"","brand":"","sku":"","good":[{"good_text":""}],"bad":[{"bad_text":""}],"score_override":"","override_value":"","rating":[{"rating_text":"","rating_number":"10"}],"price":[{"shop":"","price":"","link":"","icon":""}],"jnews_override_counter":{"override_view_counter":"0","view_counter_number":"0","override_share_counter":"0","share_counter_number":"0","override_like_counter":"0","like_counter_number":"0","override_dislike_counter":"0","dislike_counter_number":"0"},"jnews_post_split":{"enable_post_split":"0","post_split":[{"template":"1","tag":"h2","numbering":"asc","mode":"normal"}]},"footnotes":""},"categories":[20],"tags":[533],"class_list":["post-23436","post","type-post","status-publish","format-standard","has-post-thumbnail","hentry","category-municipales","tag-saldan"],"jetpack_featured_media_url":"https:\/\/atecordoba.org\/wp-content\/uploads\/2020\/12\/WhatsApp-Image-2020-12-01-at-10.27.35.jpeg","_links":{"self":[{"href":"https:\/\/atecordoba.org\/index.php?rest_route=\/wp\/v2\/posts\/23436","targetHints":{"allow":["GET"]}}],"collection":[{"href":"https:\/\/atecordoba.org\/index.php?rest_route=\/wp\/v2\/posts"}],"about":[{"href":"https:\/\/atecordoba.org\/index.php?rest_route=\/wp\/v2\/types\/post"}],"author":[{"embeddable":true,"href":"https:\/\/atecordoba.org\/index.php?rest_route=\/wp\/v2\/users\/7"}],"replies":[{"embeddable":true,"href":"https:\/\/atecordoba.org\/index.php?rest_route=%2Fwp%2Fv2%2Fcomments&post=23436"}],"version-history":[{"count":1,"href":"https:\/\/atecordoba.org\/index.php?rest_route=\/wp\/v2\/posts\/23436\/revisions"}],"predecessor-version":[{"id":23437,"href":"https:\/\/atecordoba.org\/index.php?rest_route=\/wp\/v2\/posts\/23436\/revisions\/23437"}],"wp:featuredmedia":[{"embeddable":true,"href":"https:\/\/atecordoba.org\/index.php?rest_route=\/wp\/v2\/media\/23429"}],"wp:attachment":[{"href":"https:\/\/atecordoba.org\/index.php?rest_route=%2Fwp%2Fv2%2Fmedia&parent=23436"}],"wp:term":[{"taxonomy":"category","embeddable":true,"href":"https:\/\/atecordoba.org\/index.php?rest_route=%2Fwp%2Fv2%2Fcategories&post=23436"},{"taxonomy":"post_tag","embeddable":true,"href":"https:\/\/atecordoba.org\/index.php?rest_route=%2Fwp%2Fv2%2Ftags&post=23436"}],"curies":[{"name":"wp","href":"https:\/\/api.w.org\/{rel}","templated":true}]}}