{"id":23433,"date":"2020-12-01T15:00:55","date_gmt":"2020-12-01T18:00:55","guid":{"rendered":"https:\/\/atecordoba.org\/?p=23433"},"modified":"2020-12-01T15:00:55","modified_gmt":"2020-12-01T18:00:55","slug":"amplia-participacion-en-el-conversatorio-sobre-del-protocolo-de-violencia-de-genero","status":"publish","type":"post","link":"https:\/\/atecordoba.org\/?p=23433","title":{"rendered":"Amplia participaci\u00f3n en el conversatorio sobre del protocolo de violencia de g\u00e9nero"},"content":{"rendered":"<p><img loading=\"lazy\" decoding=\"async\" class=\"alignnone  wp-image-23434\" src=\"https:\/\/atecordoba.org\/wp-content\/uploads\/2020\/12\/protocolo-zoom-300x169.jpg\" alt=\"\" width=\"801\" height=\"451\" srcset=\"https:\/\/atecordoba.org\/wp-content\/uploads\/2020\/12\/protocolo-zoom-300x169.jpg 300w, https:\/\/atecordoba.org\/wp-content\/uploads\/2020\/12\/protocolo-zoom-1024x575.jpg 1024w, https:\/\/atecordoba.org\/wp-content\/uploads\/2020\/12\/protocolo-zoom-768x431.jpg 768w, https:\/\/atecordoba.org\/wp-content\/uploads\/2020\/12\/protocolo-zoom-750x421.jpg 750w, https:\/\/atecordoba.org\/wp-content\/uploads\/2020\/12\/protocolo-zoom-1140x640.jpg 1140w, https:\/\/atecordoba.org\/wp-content\/uploads\/2020\/12\/protocolo-zoom.jpg 1280w\" sizes=\"auto, (max-width: 801px) 100vw, 801px\" \/><\/p>\n<p>Organizado por el Departamentos de G\u00e9neros y Diversidades del Consejo Directivo Provincial, se realiz\u00f3 ayer un conversatorio virtual titulado \u201cProtocolo como herramienta para la prevenci\u00f3n y atenci\u00f3n de la violencia de g\u00e9nero en \u00e1mbito laboral y sindical\u201d.<\/p>\n<p>En dicho marco, se anunci\u00f3 la futura implementaci\u00f3n del Protocolo con el fin de prevenir, reprimir y remediar situaciones de violencia de g\u00e9nero dentro de nuestra organizaci\u00f3n sindical.<\/p>\n<p>Participaron como disertantes las compa\u00f1eras: Silvia Le\u00f3n, integrante del consejo nacional y secretaria de G\u00e9nero CTA-A Nacional, Clarisa Gambera, directora del Departamento de G\u00e9nero y Diversidad ATE Nacional, Lorena Almir\u00f3n, secretaria General de ATE Rosario, y Mar\u00eda Sotti, secretaria de Actas y Directora del Departamento de<br \/>\nG\u00e9neros y Diversidades ATE C\u00f3rdoba.<\/p>\n<p>La actividad estuvo coordinada por Gabriela Alcoba, secretaria ProAdministrativa del CDP, y Liliana Leyes, secretaria de Organizaci\u00f3n de ATE Rosario, y cont\u00f3 con la participaci\u00f3n de compa\u00f1eras de C\u00f3rdoba, Santa Cruz, Chubut, Rosario, Paran\u00e1 y Tucum\u00e1n, adem\u00e1s del secretario General de ATE C\u00f3rdoba, Federico Giuliani, y el Progremial, Roberto Calvetti, quien recibi\u00f3 un reconocimiento por el permanente acompa\u00f1amiento a las propuestas organizadas por el Departamento.<\/p>\n<p>A la hora de las exposiciones, como due\u00f1a de casa, Sotti agradeci\u00f3 por el CDP la participaci\u00f3n de &#8220;las compa\u00f1eras que a nivel nacional fueron abriendo puertas, la experiencia de Rosario, compa\u00f1eras de C\u00f3rdoba que nos dieron la posibilidad de tener este debate, tan necesario para el sindicalismo y en particular en ATE, con el movimiento de mujeres y la comunidad LGTBI+&#8221;.<\/p>\n<p>&#8220;Cuando pensamos esta instancia con Gaby (Alcoba), en di\u00e1logo con Clarissa, con Lorena y Lili, vimos que es necesaria esta triangulaci\u00f3n de compa\u00f1eras que venimos tirando para adelante, que han hecho avances, para fortalecernos. Las que pensamos que tenemos que pensar desde el feminismo, con otras l\u00f3gicas, que no es f\u00e1cil y que la luchamos d\u00eda a d\u00eda, creo que nos planteamos en este marco tan significativo para las diversidades, por el 6 y el 25 de noviembre, d\u00eda de la lucha contra las violencias, en t\u00e9rminos de poder avanzar con herramientas porque sabemos que nuestra lucha, nuestro sacrificio, despu\u00e9s con una decisi\u00f3n o con arbitrariedades, porque tiene que ver con arbitrariedades el avance contra nuestros derechos, el ejercicio de la participaci\u00f3n pol\u00edtica, no sea solo anclado en sectores y \u00e1reas donde reproducimos las l\u00f3gicas de nuestro espacio dom\u00e9stico y dedicarnos a las cosas que son propias de las mujeres y que tiene que ver con una transpolaci\u00f3n de nuestros \u00e1mbitos que se consideran \u201cnaturales\u201d&#8221;.<\/p>\n<p>La dirigente reflexion\u00f3 en otro tramo que es necesario &#8220;pensarnos y recuperar esos saberes de las compa\u00f1eras de mucho tiempo para combinarlo con las compa\u00f1eras que venimos con mucho entusiasmo, diciendo que vamos a transformarlo todo en el sindicalismo, para saber que tenemos limitaciones y en qu\u00e9 contexto damos los debates. Cuando hablamos de protocolo como transformaci\u00f3n social y frente a un hecho como pas\u00f3 en C\u00f3rdoba cuando el n\u00famero dos del sindicato en la gesti\u00f3n anterior fue denunciado penalmente y acompa\u00f1amos el proceso de la compa\u00f1era. Y eso llev\u00f3 a que no damos m\u00e1s, no soportamos m\u00e1s la violencia en nuestro sindicato&#8221;.<\/p>\n<p>Por su parte, Silvia Le\u00f3n cont\u00f3 tiempo atr\u00e1s &#8220;hicimos un intento de protocolo en nuestra organizaci\u00f3n pero no prosper\u00f3 entonces. Se ve que la maduraci\u00f3n del tema, que los tiempos del debate colectivo y amplio que nos permitiera avanzar a nivel nacional no permitieron alcanzarlo y gener\u00f3 que las distintas provincias toman este instrumento&#8221;.<\/p>\n<p>Y apunt\u00f3 que el Protocolo es &#8220;una herramienta que nos permite dar un cauce y visibilizar las situaciones de violencia en el mundo del trabajo pero tambi\u00e9n en nuestras propias organizaciones. Por eso el protocolo se aprob\u00f3 en el Chaco hace ya un a\u00f1o, despu\u00e9s en Rosario y ahora lo debatimos en C\u00f3rdoba. Estas experiencias son la base que va a sustentar la implementaci\u00f3n del protocolo en ATE&#8221;.<\/p>\n<p>Le\u00f3n destac\u00f3 que &#8220;la creaci\u00f3n del protocolo en la CTA tambi\u00e9n es un paragua que nos permite tener una base en cada uno de nuestros sindicatos de base, como lo es ATE, porque nos dio un marco. Ya ven\u00edamos pensando este protocolo \u00a0pero la irrupci\u00f3n en 2018 de las denuncias de violencia de g\u00e9nero en distintos \u00e1mbitos, principalmente del colectivo de actrices, ayud\u00f3 y empuj\u00f3 que compa\u00f1eras y compa\u00f1eros pudieran animarse a contar y denunciar, generando una catarata en todas las organizaciones, por el impacto medi\u00e1tico que se produjo entonces&#8221;.<\/p>\n<p>A su turno, Clarisa Gambera, comenz\u00f3 afirmando que &#8220;muchas fuimos buscando en los sindicatos y terminamos militando en los espacios de la central porque el gremio tuvo un tiempo donde no daba espacio la pensar cuestiones de g\u00e9nero con m\u00e1s institucionalidad&#8221;.<\/p>\n<p>La directora del Departamento de G\u00e9neros nacional asegur\u00f3 que &#8220;este proceso se dio al calor de los encuentros nacionales de mujeres. En el caso de la Capital, la experiencia fue que las juntas internas de los organismos fuimos armando espacios de g\u00e9nero, en la seccional nos entend\u00edan poco o nos abr\u00edan espacio las compa\u00f1eras que ten\u00edan alg\u00fan cargo. La secretaria de formaci\u00f3n termin\u00f3 siendo el refugio de las compa\u00f1eras que quer\u00edamos meter alg\u00fan debate en el sindicato vinculado a los feminismos&#8221;.<\/p>\n<p>Y consider\u00f3 que &#8220;en el sindicato la institucionalidad es muy importante, es distinto a las militancias en otros lados, y la creaci\u00f3n Departamento en ATE nacional da un apoyo a la hora de implementar pol\u00edticas que puedan transformar.\u00a0Ese tiempo fundacional, donde muchas nos formamos en el feminismo en los bordes del sindicato tambi\u00e9n debatimos que quer\u00edamos ser sindicalistas y feministas porque entendemos que no hay transformaci\u00f3n social o cambio posible sin la transformaci\u00f3n que conllevan los feminismos. Y que la estrategia es a trav\u00e9s de los sindicatos y las organizaciones sociales. Por eso concluimos que ten\u00edamos derecho a tomar esas dos posiciones empalm\u00e1ndolas como un solo pu\u00f1o. Nos cost\u00f3 mucho ese debate en el sindicato y en los feminismos, todav\u00eda a veces nos siguen mirando con desconfianza porque sabemos que estar en una organizaci\u00f3n mixta como un gremio nos enfrenta a situaciones de violencia o a organizaciones formateadas de manera muy masculinizadas donde para seguir avanzando tenemos que darnos estrategias, como lo son avanzar con protocolos en las provincias donde hay condiciones para hacerlo&#8221;.<\/p>\n<p>Por \u00faltimo, dio su perspectiva Lorena Almir\u00f3n, para en primer t\u00e9rmino brindar datos de feminicidios en Santa Fe y los cr\u00edmenes a identidades diversas. &#8220;En la seccional Rosario tomamos como referencia el protocolo de la CTA, aprobado en abril de 2019. Nuestro protocolo es el resultado de un largo camino que recorrimos en ATE Rosario. Nos conformamos como grupo de mujeres para charlar y para participar de los Encuentros. Interactuamos con mujeres de todo el pa\u00eds. Fuimos transformando muchas cosas en el sindicato, muchos a\u00f1os de pelea, de formarnos, en contacto con mujeres de otras organizaciones porque esta transformaci\u00f3n es colectiva&#8221;.<\/p>\n<p>En otro momento, Almir\u00f3n dijo que &#8220;para implementar el protocolo tuvimos algunos obst\u00e1culos, no solo de hombres sino tambi\u00e9n de mujeres porque el machismo nos atraviesa en todos los sectores del sindicato. Hay mucho miedo cuando vamos por transformaciones en serio pero creo que nuestra respuesta no debe ser punitivista sino did\u00e1ctica, form\u00e1ndonos todos los d\u00edas con nuestros compa\u00f1eros varones, porque esto no es f\u00e1cil&#8221;.<\/p>\n<p>Se trat\u00f3 de extensa intervenciones con ricos intercambios posteriores que pueden verse ingresando\u00a0<a href=\"https:\/\/youtu.be\/HFVIU3leuG0\">aqu\u00ed<\/a>.<\/p>\n<p>&nbsp;<\/p>\n<p>&nbsp;<\/p>\n","protected":false},"excerpt":{"rendered":"<p>Organizado por el Departamentos de G\u00e9neros y Diversidades del Consejo Directivo Provincial, se realiz\u00f3 ayer un conversatorio virtual titulado \u201cProtocolo como herramienta para la prevenci\u00f3n y atenci\u00f3n de la violencia de g\u00e9nero en \u00e1mbito laboral y sindical\u201d. En dicho marco, se anunci\u00f3 la futura implementaci\u00f3n del Protocolo con el fin de prevenir, reprimir y remediar [&hellip;]<\/p>\n","protected":false},"author":7,"featured_media":23434,"comment_status":"open","ping_status":"open","sticky":true,"template":"","format":"standard","meta":{"_exactmetrics_skip_tracking":false,"_exactmetrics_sitenote_active":false,"_exactmetrics_sitenote_note":"","_exactmetrics_sitenote_category":0,"jnews-multi-image_gallery":[],"jnews_single_post":{"source_name":"","source_url":"","via_name":"","via_url":"","override_template":"0","override":[{"template":"1","single_blog_custom":"","parallax":"1","fullscreen":"0","layout":"right-sidebar","sidebar":"default-sidebar","second_sidebar":"default-sidebar","sticky_sidebar":"1","share_position":"top","share_float_style":"share-monocrhome","show_share_counter":"1","show_view_counter":"1","show_featured":"1","show_post_meta":"1","show_post_author":"1","show_post_author_image":"1","show_post_date":"1","post_date_format":"default","post_date_format_custom":"Y\/m\/d","show_post_category":"1","show_post_reading_time":"0","post_reading_time_wpm":"300","show_zoom_button":"0","zoom_button_out_step":"2","zoom_button_in_step":"3","show_post_tag":"1","show_prev_next_post":"1","show_popup_post":"1","number_popup_post":"1","show_author_box":"0","show_post_related":"0","show_inline_post_related":"0"}],"override_image_size":"0","image_override":[{"single_post_thumbnail_size":"crop-500","single_post_gallery_size":"crop-500"}],"trending_post":"0","trending_post_position":"meta","trending_post_label":"Trending","sponsored_post":"0","sponsored_post_label":"Sponsored by","sponsored_post_name":"","sponsored_post_url":"","sponsored_post_logo_enable":"0","sponsored_post_logo":"","sponsored_post_desc":""},"jnews_primary_category":{"id":""},"jnews_social_meta":{"fb_title":"","fb_description":"","fb_image":"","twitter_title":"","twitter_description":"","twitter_image":""},"jnews_review":[],"enable_review":"0","type":"percentage","name":"","summary":"","brand":"","sku":"","good":[{"good_text":""}],"bad":[{"bad_text":""}],"score_override":"","override_value":"","rating":[{"rating_text":"","rating_number":"10"}],"price":[{"shop":"","price":"","link":"","icon":""}],"jnews_override_counter":{"override_view_counter":"0","view_counter_number":"0","override_share_counter":"0","share_counter_number":"0","override_like_counter":"0","like_counter_number":"0","override_dislike_counter":"0","dislike_counter_number":"0"},"jnews_post_split":{"enable_post_split":"0","post_split":[{"template":"1","tag":"h2","numbering":"asc","mode":"normal"}]},"footnotes":""},"categories":[325],"tags":[719],"class_list":["post-23433","post","type-post","status-publish","format-standard","has-post-thumbnail","hentry","category-generos-y-diversidades","tag-protocolo-violencia-genero"],"jetpack_featured_media_url":"https:\/\/atecordoba.org\/wp-content\/uploads\/2020\/12\/protocolo-zoom.jpg","_links":{"self":[{"href":"https:\/\/atecordoba.org\/index.php?rest_route=\/wp\/v2\/posts\/23433","targetHints":{"allow":["GET"]}}],"collection":[{"href":"https:\/\/atecordoba.org\/index.php?rest_route=\/wp\/v2\/posts"}],"about":[{"href":"https:\/\/atecordoba.org\/index.php?rest_route=\/wp\/v2\/types\/post"}],"author":[{"embeddable":true,"href":"https:\/\/atecordoba.org\/index.php?rest_route=\/wp\/v2\/users\/7"}],"replies":[{"embeddable":true,"href":"https:\/\/atecordoba.org\/index.php?rest_route=%2Fwp%2Fv2%2Fcomments&post=23433"}],"version-history":[{"count":1,"href":"https:\/\/atecordoba.org\/index.php?rest_route=\/wp\/v2\/posts\/23433\/revisions"}],"predecessor-version":[{"id":23435,"href":"https:\/\/atecordoba.org\/index.php?rest_route=\/wp\/v2\/posts\/23433\/revisions\/23435"}],"wp:featuredmedia":[{"embeddable":true,"href":"https:\/\/atecordoba.org\/index.php?rest_route=\/wp\/v2\/media\/23434"}],"wp:attachment":[{"href":"https:\/\/atecordoba.org\/index.php?rest_route=%2Fwp%2Fv2%2Fmedia&parent=23433"}],"wp:term":[{"taxonomy":"category","embeddable":true,"href":"https:\/\/atecordoba.org\/index.php?rest_route=%2Fwp%2Fv2%2Fcategories&post=23433"},{"taxonomy":"post_tag","embeddable":true,"href":"https:\/\/atecordoba.org\/index.php?rest_route=%2Fwp%2Fv2%2Ftags&post=23433"}],"curies":[{"name":"wp","href":"https:\/\/api.w.org\/{rel}","templated":true}]}}