{"id":23422,"date":"2020-11-30T13:37:47","date_gmt":"2020-11-30T16:37:47","guid":{"rendered":"https:\/\/atecordoba.org\/?p=23422"},"modified":"2020-12-03T09:22:29","modified_gmt":"2020-12-03T12:22:29","slug":"plenario-nacional-definira-politicas-sobre-discapacidad","status":"publish","type":"post","link":"https:\/\/atecordoba.org\/?p=23422","title":{"rendered":"Plenario nacional definir\u00e1 pol\u00edticas sobre discapacidad"},"content":{"rendered":"<p><img loading=\"lazy\" decoding=\"async\" class=\" wp-image-23423 alignleft\" src=\"https:\/\/atecordoba.org\/wp-content\/uploads\/2020\/11\/sello-discapacidad-300x140.jpeg\" alt=\"\" width=\"579\" height=\"270\" srcset=\"https:\/\/atecordoba.org\/wp-content\/uploads\/2020\/11\/sello-discapacidad-300x140.jpeg 300w, https:\/\/atecordoba.org\/wp-content\/uploads\/2020\/11\/sello-discapacidad.jpeg 356w\" sizes=\"auto, (max-width: 579px) 100vw, 579px\" \/>El pr\u00f3ximo 3 de diciembre, a las 16 horas, se realizar\u00e1 un <a href=\"https:\/\/www.instagram.com\/p\/CII4Dc_gNtj\/?igshid=1tolbxygpaapw\">plenario virtual nacional<\/a> con la participaci\u00f3n de la conducci\u00f3n de ATE nacional, la CTAA nacional, los consejos provinciales y las seccionales de todo el pa\u00eds.<\/p>\n<p>Seg\u00fan explic\u00f3 el responsable del Departamento de Discapacidad del Consejo Directivo Provincial, Franco Orsato, se trata de una instancia para &#8220;discutir la pol\u00edtica nacional sobre discapacidad, que despu\u00e9s se bajar\u00e1 a las provincias, organizando los ejes tem\u00e1ticos que nos cruzan. Es muy importante porque permitir\u00e1 unificar acciones para hacer efectivos los derechos de las personas con discapacidad, empezar a abrir puertas en el gobierno a nivel nacional, provincial o municipal&#8221;.<\/p>\n<p>Orsato valor\u00f3 la actividad porque &#8220;son instancias organizativas que sirven para articular el di\u00e1logo y la ejecuci\u00f3n de pol\u00edticas concretas para las personas con discapacidad.\u00a0Invitamos a los consejos provinciales y a los activistas de ATE a definir las pol\u00edticas de nuestra organizaci\u00f3n en discapacidad&#8221;.<\/p>\n<p>Los y las interesadas en participar del plenario deben ingresar a la sala de zoom<\/p>\n<p>https:\/\/us02web.zoom.us\/j\/83749650123?pwd=K1NoNFo3OWFYRkg4MlFUYVg2NXY1QT09<\/p>\n<p>ID de reuni\u00f3n: 837 4965 0123<br \/>\nC\u00f3digo de acceso: 473YTF625<\/p>\n","protected":false},"excerpt":{"rendered":"<p>El pr\u00f3ximo 3 de diciembre, a las 16 horas, se realizar\u00e1 un plenario virtual nacional con la participaci\u00f3n de la conducci\u00f3n de ATE nacional, la CTAA nacional, los consejos provinciales y las seccionales de todo el pa\u00eds. Seg\u00fan explic\u00f3 el responsable del Departamento de Discapacidad del Consejo Directivo Provincial, Franco Orsato, se trata de una [&hellip;]<\/p>\n","protected":false},"author":7,"featured_media":23423,"comment_status":"open","ping_status":"open","sticky":true,"template":"","format":"standard","meta":{"_exactmetrics_skip_tracking":false,"_exactmetrics_sitenote_active":false,"_exactmetrics_sitenote_note":"","_exactmetrics_sitenote_category":0,"jnews-multi-image_gallery":[],"jnews_single_post":{"source_name":"","source_url":"","via_name":"","via_url":"","override_template":"0","override":[{"template":"1","single_blog_custom":"","parallax":"1","fullscreen":"0","layout":"right-sidebar","sidebar":"default-sidebar","second_sidebar":"default-sidebar","sticky_sidebar":"1","share_position":"top","share_float_style":"share-monocrhome","show_share_counter":"1","show_view_counter":"1","show_featured":"1","show_post_meta":"1","show_post_author":"1","show_post_author_image":"1","show_post_date":"1","post_date_format":"default","post_date_format_custom":"Y\/m\/d","show_post_category":"1","show_post_reading_time":"0","post_reading_time_wpm":"300","show_zoom_button":"0","zoom_button_out_step":"2","zoom_button_in_step":"3","show_post_tag":"1","show_prev_next_post":"1","show_popup_post":"1","number_popup_post":"1","show_author_box":"0","show_post_related":"0","show_inline_post_related":"0"}],"override_image_size":"0","image_override":[{"single_post_thumbnail_size":"crop-500","single_post_gallery_size":"crop-500"}],"trending_post":"0","trending_post_position":"meta","trending_post_label":"Trending","sponsored_post":"0","sponsored_post_label":"Sponsored by","sponsored_post_name":"","sponsored_post_url":"","sponsored_post_logo_enable":"0","sponsored_post_logo":"","sponsored_post_desc":""},"jnews_primary_category":{"id":""},"jnews_social_meta":{"fb_title":"","fb_description":"","fb_image":"","twitter_title":"","twitter_description":"","twitter_image":""},"jnews_review":[],"enable_review":"0","type":"percentage","name":"","summary":"","brand":"","sku":"","good":[{"good_text":""}],"bad":[{"bad_text":""}],"score_override":"","override_value":"","rating":[{"rating_text":"","rating_number":"10"}],"price":[{"shop":"","price":"","link":"","icon":""}],"jnews_override_counter":{"override_view_counter":"0","view_counter_number":"0","override_share_counter":"0","share_counter_number":"0","override_like_counter":"0","like_counter_number":"0","override_dislike_counter":"0","dislike_counter_number":"0"},"jnews_post_split":{"enable_post_split":"0","post_split":[{"template":"1","tag":"h2","numbering":"asc","mode":"normal"}]},"footnotes":""},"categories":[625],"tags":[718],"class_list":["post-23422","post","type-post","status-publish","format-standard","has-post-thumbnail","hentry","category-discapacidad","tag-plenario-nacional-discapacidad"],"jetpack_featured_media_url":"https:\/\/atecordoba.org\/wp-content\/uploads\/2020\/11\/sello-discapacidad.jpeg","_links":{"self":[{"href":"https:\/\/atecordoba.org\/index.php?rest_route=\/wp\/v2\/posts\/23422","targetHints":{"allow":["GET"]}}],"collection":[{"href":"https:\/\/atecordoba.org\/index.php?rest_route=\/wp\/v2\/posts"}],"about":[{"href":"https:\/\/atecordoba.org\/index.php?rest_route=\/wp\/v2\/types\/post"}],"author":[{"embeddable":true,"href":"https:\/\/atecordoba.org\/index.php?rest_route=\/wp\/v2\/users\/7"}],"replies":[{"embeddable":true,"href":"https:\/\/atecordoba.org\/index.php?rest_route=%2Fwp%2Fv2%2Fcomments&post=23422"}],"version-history":[{"count":4,"href":"https:\/\/atecordoba.org\/index.php?rest_route=\/wp\/v2\/posts\/23422\/revisions"}],"predecessor-version":[{"id":23493,"href":"https:\/\/atecordoba.org\/index.php?rest_route=\/wp\/v2\/posts\/23422\/revisions\/23493"}],"wp:featuredmedia":[{"embeddable":true,"href":"https:\/\/atecordoba.org\/index.php?rest_route=\/wp\/v2\/media\/23423"}],"wp:attachment":[{"href":"https:\/\/atecordoba.org\/index.php?rest_route=%2Fwp%2Fv2%2Fmedia&parent=23422"}],"wp:term":[{"taxonomy":"category","embeddable":true,"href":"https:\/\/atecordoba.org\/index.php?rest_route=%2Fwp%2Fv2%2Fcategories&post=23422"},{"taxonomy":"post_tag","embeddable":true,"href":"https:\/\/atecordoba.org\/index.php?rest_route=%2Fwp%2Fv2%2Ftags&post=23422"}],"curies":[{"name":"wp","href":"https:\/\/api.w.org\/{rel}","templated":true}]}}