{"id":23419,"date":"2020-11-30T12:55:24","date_gmt":"2020-11-30T15:55:24","guid":{"rendered":"https:\/\/atecordoba.org\/?p=23419"},"modified":"2020-11-30T12:55:24","modified_gmt":"2020-11-30T15:55:24","slug":"en-senaf-el-panorama-es-aberrante","status":"publish","type":"post","link":"https:\/\/atecordoba.org\/?p=23419","title":{"rendered":"&#8220;En SeNAF el panorama es aberrante&#8221;"},"content":{"rendered":"<p><img loading=\"lazy\" decoding=\"async\" class=\" wp-image-23122 aligncenter\" src=\"https:\/\/atecordoba.org\/wp-content\/uploads\/2020\/11\/WhatsApp-Image-2020-11-12-at-11.35.24-1-300x169.jpeg\" alt=\"\" width=\"600\" height=\"338\" srcset=\"https:\/\/atecordoba.org\/wp-content\/uploads\/2020\/11\/WhatsApp-Image-2020-11-12-at-11.35.24-1-300x169.jpeg 300w, https:\/\/atecordoba.org\/wp-content\/uploads\/2020\/11\/WhatsApp-Image-2020-11-12-at-11.35.24-1-1024x576.jpeg 1024w, https:\/\/atecordoba.org\/wp-content\/uploads\/2020\/11\/WhatsApp-Image-2020-11-12-at-11.35.24-1-768x432.jpeg 768w, https:\/\/atecordoba.org\/wp-content\/uploads\/2020\/11\/WhatsApp-Image-2020-11-12-at-11.35.24-1-750x422.jpeg 750w, https:\/\/atecordoba.org\/wp-content\/uploads\/2020\/11\/WhatsApp-Image-2020-11-12-at-11.35.24-1-1140x641.jpeg 1140w, https:\/\/atecordoba.org\/wp-content\/uploads\/2020\/11\/WhatsApp-Image-2020-11-12-at-11.35.24-1.jpeg 1280w\" sizes=\"auto, (max-width: 600px) 100vw, 600px\" \/>A partir de la investigaci\u00f3n judicial que se lleva a cabo en la SeNAF sobre abusos a una ni\u00f1a que se encontraba a cargo de una residencia del organismo, la prensa provincial se hizo eco de <a href=\"https:\/\/atecordoba.org\/?p=22748\">las denuncias<\/a> que ATE viene realizando hace tiempo sobre el verdadero desastre en que est\u00e1 sumido el \u00e1rea por la situaci\u00f3n de abandono que genera la pol\u00edtica del gobierno de Schiaretti.<\/p>\n<p>En tal sentido, el trabajador del organismos desde hace 22 a\u00f1os, Humberto Cabral, se refiri\u00f3 a la <a href=\"https:\/\/atecordoba.org\/?p=23380\">renuncia<\/a> del ex secretario de SeNAF, Jos\u00e9 Pi\u00f1ero, y describi\u00f3 un panorama que calific\u00f3 de aberrante, respecto al estado en que deben sobrevivir las y los ni\u00f1os y adolescentes en las residencias y diversos espacios con que cuenta el organismo.<\/p>\n<p>&#8220;Hace tiempo que venimos exigiendo al ministro de Justicia, Juli\u00e1n L\u00f3pez, que nos reciba por las denuncias p\u00fablicas que hac\u00edamos sobre la situaci\u00f3n de la SeNAF. Particularmente lo referido a las Residencias, sobre irregularidades sobre el tratamiento a las y los ni\u00f1os y adolescentes. Se trasladaron esos reclamos al ex secretario Pi\u00f1ero, que nunca lasa canaliz\u00f3 y termin\u00f3 sucediendo lo que todos conocemos&#8221;, dijo Cabral a un medio de comunicaci\u00f3n de Alta Gracia.<\/p>\n<p>&#8220;Como trabajadores del SeNAF planteamos los cambios necesarios porque no alcanza con remover a un funcionario. Hay que separar a todos los responsables de la cadena de mando, que deriv\u00f3 con gente a las residencias que no ten\u00edan por qu\u00e9 estar ah\u00ed&#8221;, a\u00f1adi\u00f3.<\/p>\n<p>Y consider\u00f3 como &#8220;impactante&#8221;\u00a0 la carta de renuncia que Pi\u00f1ero deja al gobernador Schiaretti &#8220;porque durante nuestra \u00faltima movilizaci\u00f3n sali\u00f3 con un comunicado donde dijo que nuestras cr\u00edticas eran pol\u00edticas&#8221;.<\/p>\n<p>Ahora, fuera de cargo &#8220;le dijo por carta a Schiaretti que los chicos no ten\u00edan comida saludable, ni ropa, que la ropa interior era de donaciones \u2013algo indigno-, que no hay medicamentos, que se cort\u00f3 la entrega de leche a las familias que tienen chicos internados. Una panorama aberrante que nuestra claramente lo que ven\u00edamos diciendo, que tambi\u00e9n lo dijo la Mesa de Trabajo por los DDHH, el Colegio de Psic\u00f3logos, que la SeNAF est\u00e1 en situaci\u00f3n deplorable por responsabilidad de los funcionarios a cargo&#8221;.<\/p>\n<p>Cabral concluy\u00f3 que tampoco se canalizan &#8220;las denuncias que se est\u00e1n haciendo a la l\u00ednea 102. No\u00a0 intervienen en los casos cuando se plantean vulneraci\u00f3n de derechos porque no hay equipos t\u00e9cnicos para que hagan las constataciones&#8221;.<\/p>\n<p>La SeNAF es motivo de un largo plan de lucha desde hace meses, con <a href=\"https:\/\/atecordoba.org\/?p=23120\">intervenciones p\u00fablicas<\/a> y <a href=\"https:\/\/atecordoba.org\/?p=21765\">medidas de fuerza<\/a>, que hasta el momento no fueron motivo de intervenci\u00f3n para remediar la situaci\u00f3n.<\/p>\n","protected":false},"excerpt":{"rendered":"<p>A partir de la investigaci\u00f3n judicial que se lleva a cabo en la SeNAF sobre abusos a una ni\u00f1a que se encontraba a cargo de una residencia del organismo, la prensa provincial se hizo eco de las denuncias que ATE viene realizando hace tiempo sobre el verdadero desastre en que est\u00e1 sumido el \u00e1rea por [&hellip;]<\/p>\n","protected":false},"author":7,"featured_media":23309,"comment_status":"open","ping_status":"open","sticky":true,"template":"","format":"standard","meta":{"_exactmetrics_skip_tracking":false,"_exactmetrics_sitenote_active":false,"_exactmetrics_sitenote_note":"","_exactmetrics_sitenote_category":0,"jnews-multi-image_gallery":[],"jnews_single_post":{"source_name":"","source_url":"","via_name":"","via_url":"","override_template":"0","override":[{"template":"1","single_blog_custom":"","parallax":"1","fullscreen":"0","layout":"right-sidebar","sidebar":"default-sidebar","second_sidebar":"default-sidebar","sticky_sidebar":"1","share_position":"top","share_float_style":"share-monocrhome","show_share_counter":"1","show_view_counter":"1","show_featured":"1","show_post_meta":"1","show_post_author":"1","show_post_author_image":"1","show_post_date":"1","post_date_format":"default","post_date_format_custom":"Y\/m\/d","show_post_category":"1","show_post_reading_time":"0","post_reading_time_wpm":"300","show_zoom_button":"0","zoom_button_out_step":"2","zoom_button_in_step":"3","show_post_tag":"1","show_prev_next_post":"1","show_popup_post":"1","number_popup_post":"1","show_author_box":"0","show_post_related":"0","show_inline_post_related":"0"}],"override_image_size":"0","image_override":[{"single_post_thumbnail_size":"crop-500","single_post_gallery_size":"crop-500"}],"trending_post":"0","trending_post_position":"meta","trending_post_label":"Trending","sponsored_post":"0","sponsored_post_label":"Sponsored by","sponsored_post_name":"","sponsored_post_url":"","sponsored_post_logo_enable":"0","sponsored_post_logo":"","sponsored_post_desc":""},"jnews_primary_category":{"id":""},"jnews_social_meta":{"fb_title":"","fb_description":"","fb_image":"","twitter_title":"","twitter_description":"","twitter_image":""},"jnews_review":[],"enable_review":"0","type":"percentage","name":"","summary":"","brand":"","sku":"","good":[{"good_text":""}],"bad":[{"bad_text":""}],"score_override":"","override_value":"","rating":[{"rating_text":"","rating_number":"10"}],"price":[{"shop":"","price":"","link":"","icon":""}],"jnews_override_counter":{"override_view_counter":"0","view_counter_number":"0","override_share_counter":"0","share_counter_number":"0","override_like_counter":"0","like_counter_number":"0","override_dislike_counter":"0","dislike_counter_number":"0"},"jnews_post_split":{"enable_post_split":"0","post_split":[{"template":"1","tag":"h2","numbering":"asc","mode":"normal"}]},"footnotes":""},"categories":[8,1],"tags":[457],"class_list":["post-23419","post","type-post","status-publish","format-standard","has-post-thumbnail","hentry","category-provinciales","category-sin-categoria","tag-senaf"],"jetpack_featured_media_url":"https:\/\/atecordoba.org\/wp-content\/uploads\/2020\/11\/senf-3.jpeg","_links":{"self":[{"href":"https:\/\/atecordoba.org\/index.php?rest_route=\/wp\/v2\/posts\/23419","targetHints":{"allow":["GET"]}}],"collection":[{"href":"https:\/\/atecordoba.org\/index.php?rest_route=\/wp\/v2\/posts"}],"about":[{"href":"https:\/\/atecordoba.org\/index.php?rest_route=\/wp\/v2\/types\/post"}],"author":[{"embeddable":true,"href":"https:\/\/atecordoba.org\/index.php?rest_route=\/wp\/v2\/users\/7"}],"replies":[{"embeddable":true,"href":"https:\/\/atecordoba.org\/index.php?rest_route=%2Fwp%2Fv2%2Fcomments&post=23419"}],"version-history":[{"count":2,"href":"https:\/\/atecordoba.org\/index.php?rest_route=\/wp\/v2\/posts\/23419\/revisions"}],"predecessor-version":[{"id":23421,"href":"https:\/\/atecordoba.org\/index.php?rest_route=\/wp\/v2\/posts\/23419\/revisions\/23421"}],"wp:featuredmedia":[{"embeddable":true,"href":"https:\/\/atecordoba.org\/index.php?rest_route=\/wp\/v2\/media\/23309"}],"wp:attachment":[{"href":"https:\/\/atecordoba.org\/index.php?rest_route=%2Fwp%2Fv2%2Fmedia&parent=23419"}],"wp:term":[{"taxonomy":"category","embeddable":true,"href":"https:\/\/atecordoba.org\/index.php?rest_route=%2Fwp%2Fv2%2Fcategories&post=23419"},{"taxonomy":"post_tag","embeddable":true,"href":"https:\/\/atecordoba.org\/index.php?rest_route=%2Fwp%2Fv2%2Ftags&post=23419"}],"curies":[{"name":"wp","href":"https:\/\/api.w.org\/{rel}","templated":true}]}}