{"id":23414,"date":"2020-11-30T10:56:31","date_gmt":"2020-11-30T13:56:31","guid":{"rendered":"https:\/\/atecordoba.org\/?p=23414"},"modified":"2020-11-30T10:59:16","modified_gmt":"2020-11-30T13:59:16","slug":"rechazo-al-intento-proscribir-a-ate-en-rio-tercero","status":"publish","type":"post","link":"https:\/\/atecordoba.org\/?p=23414","title":{"rendered":"Rechazo al intento de proscribir a ATE en R\u00edo Tercero"},"content":{"rendered":"<p><img loading=\"lazy\" decoding=\"async\" class=\" wp-image-23416 alignleft\" src=\"https:\/\/atecordoba.org\/wp-content\/uploads\/2020\/11\/albornoz2-300x258.jpg\" alt=\"\" width=\"486\" height=\"418\" srcset=\"https:\/\/atecordoba.org\/wp-content\/uploads\/2020\/11\/albornoz2-300x258.jpg 300w, https:\/\/atecordoba.org\/wp-content\/uploads\/2020\/11\/albornoz2.jpg 639w\" sizes=\"auto, (max-width: 486px) 100vw, 486px\" \/>Despu\u00e9s de tres meses de contar con actuaci\u00f3n plena en el municipio, la Secretar\u00eda de Gobierno de R\u00edo Tercero notific\u00f3 a la seccional de ATE que pretende dejar de retener la cuota sindical, en base a un dictamen de un abogado que no forma parte del plantel de asesores jur\u00eddicos de la comuna y cuyo resultado es no vinculante.<\/p>\n<p>Seg\u00fan explic\u00f3 el secretario General de la seccional, Dami\u00e1n Albornoz, en una entrevista realizada por un medio de prensa local, se trata de una medida emanada a partir de un pedido expreso de la burocracia del gremio municipal de la localidad, que aspira a ejercer un monopolio en la representaci\u00f3n de los municipales, situaci\u00f3n que se choca con la legislaci\u00f3n vigente, la jurisprudencia espec\u00edfica para la provincia de C\u00f3rdoba, los tratados internacionales y la Constituci\u00f3n nacional, que garantiza la libertad y democracia sindical en el Estado en todos sus niveles.<\/p>\n<p>&#8220;Vamos a impugnar a ese dictamen, que no tiene car\u00e1cter resolutivo y solo pretende generar una dilaci\u00f3n de la representaci\u00f3n de ATE con los municipales de la ciudad. Tambi\u00e9n realizaremos una presentaci\u00f3n con el Ministerio de Trabajo de la Naci\u00f3n, donde est\u00e1 claro la legalidad de ATE y garant\u00eda del \u00e1mbito de representaci\u00f3n en los municipios&#8221;, dijo Albornoz.<\/p>\n<p>Y concluy\u00f3 apuntando que &#8220;desde que lleg\u00f3 ATE al municipio muchas cosas cambiaron. Pusimos en agenda el problema salarial y eso oblig\u00f3 a la burocracia a negociar de manera urgente un aumento, que fue de un escaso 5%, cuando ya hab\u00edan dicho que este a\u00f1o no se discut\u00eda salario porque no hab\u00eda plata&#8221;.<\/p>\n<p>La entrevista completa, ingresando <a href=\"https:\/\/m.soundcloud.com\/gustavo-maldonado-642981543\/entrevista-a-damian-albornoz?ref=clipboard&amp;p=a&amp;c=1\">aqu\u00ed<\/a>.<\/p>\n","protected":false},"excerpt":{"rendered":"<p>Despu\u00e9s de tres meses de contar con actuaci\u00f3n plena en el municipio, la Secretar\u00eda de Gobierno de R\u00edo Tercero notific\u00f3 a la seccional de ATE que pretende dejar de retener la cuota sindical, en base a un dictamen de un abogado que no forma parte del plantel de asesores jur\u00eddicos de la comuna y cuyo [&hellip;]<\/p>\n","protected":false},"author":7,"featured_media":23416,"comment_status":"open","ping_status":"open","sticky":true,"template":"","format":"standard","meta":{"_exactmetrics_skip_tracking":false,"_exactmetrics_sitenote_active":false,"_exactmetrics_sitenote_note":"","_exactmetrics_sitenote_category":0,"jnews-multi-image_gallery":[],"jnews_single_post":{"source_name":"","source_url":"","via_name":"","via_url":"","override_template":"0","override":[{"template":"1","single_blog_custom":"","parallax":"1","fullscreen":"0","layout":"right-sidebar","sidebar":"default-sidebar","second_sidebar":"default-sidebar","sticky_sidebar":"1","share_position":"top","share_float_style":"share-monocrhome","show_share_counter":"1","show_view_counter":"1","show_featured":"1","show_post_meta":"1","show_post_author":"1","show_post_author_image":"1","show_post_date":"1","post_date_format":"default","post_date_format_custom":"Y\/m\/d","show_post_category":"1","show_post_reading_time":"0","post_reading_time_wpm":"300","show_zoom_button":"0","zoom_button_out_step":"2","zoom_button_in_step":"3","show_post_tag":"1","show_prev_next_post":"1","show_popup_post":"1","number_popup_post":"1","show_author_box":"0","show_post_related":"0","show_inline_post_related":"0"}],"override_image_size":"0","image_override":[{"single_post_thumbnail_size":"crop-500","single_post_gallery_size":"crop-500"}],"trending_post":"0","trending_post_position":"meta","trending_post_label":"Trending","sponsored_post":"0","sponsored_post_label":"Sponsored by","sponsored_post_name":"","sponsored_post_url":"","sponsored_post_logo_enable":"0","sponsored_post_logo":"","sponsored_post_desc":""},"jnews_primary_category":{"id":""},"jnews_social_meta":{"fb_title":"","fb_description":"","fb_image":"","twitter_title":"","twitter_description":"","twitter_image":""},"jnews_review":[],"enable_review":"0","type":"percentage","name":"","summary":"","brand":"","sku":"","good":[{"good_text":""}],"bad":[{"bad_text":""}],"score_override":"","override_value":"","rating":[{"rating_text":"","rating_number":"10"}],"price":[{"shop":"","price":"","link":"","icon":""}],"jnews_override_counter":{"override_view_counter":"0","view_counter_number":"0","override_share_counter":"0","share_counter_number":"0","override_like_counter":"0","like_counter_number":"0","override_dislike_counter":"0","dislike_counter_number":"0"},"jnews_post_split":{"enable_post_split":"0","post_split":[{"template":"1","tag":"h2","numbering":"asc","mode":"normal"}]},"footnotes":""},"categories":[20,13],"tags":[717,716],"class_list":["post-23414","post","type-post","status-publish","format-standard","has-post-thumbnail","hentry","category-municipales","category-rio-tercero","tag-cuota-de-afiliacion","tag-municipalidad-de-rio-tercero"],"jetpack_featured_media_url":"https:\/\/atecordoba.org\/wp-content\/uploads\/2020\/11\/albornoz2.jpg","_links":{"self":[{"href":"https:\/\/atecordoba.org\/index.php?rest_route=\/wp\/v2\/posts\/23414","targetHints":{"allow":["GET"]}}],"collection":[{"href":"https:\/\/atecordoba.org\/index.php?rest_route=\/wp\/v2\/posts"}],"about":[{"href":"https:\/\/atecordoba.org\/index.php?rest_route=\/wp\/v2\/types\/post"}],"author":[{"embeddable":true,"href":"https:\/\/atecordoba.org\/index.php?rest_route=\/wp\/v2\/users\/7"}],"replies":[{"embeddable":true,"href":"https:\/\/atecordoba.org\/index.php?rest_route=%2Fwp%2Fv2%2Fcomments&post=23414"}],"version-history":[{"count":3,"href":"https:\/\/atecordoba.org\/index.php?rest_route=\/wp\/v2\/posts\/23414\/revisions"}],"predecessor-version":[{"id":23418,"href":"https:\/\/atecordoba.org\/index.php?rest_route=\/wp\/v2\/posts\/23414\/revisions\/23418"}],"wp:featuredmedia":[{"embeddable":true,"href":"https:\/\/atecordoba.org\/index.php?rest_route=\/wp\/v2\/media\/23416"}],"wp:attachment":[{"href":"https:\/\/atecordoba.org\/index.php?rest_route=%2Fwp%2Fv2%2Fmedia&parent=23414"}],"wp:term":[{"taxonomy":"category","embeddable":true,"href":"https:\/\/atecordoba.org\/index.php?rest_route=%2Fwp%2Fv2%2Fcategories&post=23414"},{"taxonomy":"post_tag","embeddable":true,"href":"https:\/\/atecordoba.org\/index.php?rest_route=%2Fwp%2Fv2%2Ftags&post=23414"}],"curies":[{"name":"wp","href":"https:\/\/api.w.org\/{rel}","templated":true}]}}