{"id":23410,"date":"2020-11-30T09:22:08","date_gmt":"2020-11-30T12:22:08","guid":{"rendered":"https:\/\/atecordoba.org\/?p=23410"},"modified":"2020-11-30T09:22:08","modified_gmt":"2020-11-30T12:22:08","slug":"repudio-a-las-declaraciones-del-superintendente-de-servicios-de-salud","status":"publish","type":"post","link":"https:\/\/atecordoba.org\/?p=23410","title":{"rendered":"Repudio a las declaraciones del Superintendente de Servicios de Salud"},"content":{"rendered":"<p>En un comunicado, la Secretar\u00eda de Discapacidad de la CTA Aut\u00f3noma y el Departamento de Discapacidad de ATE Nacional expresaron &#8220;su en\u00e9rgico repudio a las declaraciones de Eugenio Zanarini (foto), Superintendente de Servicios de Salud, vertidas el d\u00eda 12 de noviembre, en las cuales considera \u201cun gasto\u201d a las prestaciones destinadas a las personas con discapacidad y cuestiona lo que por la ley 24.901 est\u00e1 garantizado con cobertura obligatoria por parte de los agentes que conforman el Sistema de Salud&#8221;.<\/p>\n<p><img loading=\"lazy\" decoding=\"async\" class=\" wp-image-23411 aligncenter\" src=\"https:\/\/atecordoba.org\/wp-content\/uploads\/2020\/11\/flyer-discapacidad-300x280.png\" alt=\"\" width=\"604\" height=\"564\" srcset=\"https:\/\/atecordoba.org\/wp-content\/uploads\/2020\/11\/flyer-discapacidad-300x280.png 300w, https:\/\/atecordoba.org\/wp-content\/uploads\/2020\/11\/flyer-discapacidad.png 590w\" sizes=\"auto, (max-width: 604px) 100vw, 604px\" \/>Desde las \u00e1reas de discapacidad de nuestras organizaciones consideraron que &#8220;las expresiones de Zanarini son inaceptables en tanto se trata de un funcionario p\u00fablico, quien por su rol es quien debiera garantizar el acceso a las prestaciones de salud y administrar los fondos de la Seguridad Social de las y los trabajadores y sus familias&#8221;.<\/p>\n<figure style=\"width: 300px\" class=\"wp-caption alignleft\"><img loading=\"lazy\" decoding=\"async\" src=\"http:\/\/ctaacordoba.org\/wp-content\/uploads\/2020\/11\/unnamed-3-300x266.jpg\" alt=\"\" width=\"300\" height=\"266\" \/><figcaption class=\"wp-caption-text\">Eugenio Zanarini dijo que las prestaciones para este colectivo eran un \u201cgasto\u201d. Desde las organizaciones exigen que las y los funcionarios gestionen desde una perspectiva de derechos.<\/figcaption><\/figure>\n<p>Por ello consideraron que &#8220;esto nos convoca a reivindicar a las Personas con Discapacidad como sujetos de derechos, desmitificar que son quienes producen la des-financiaci\u00f3n del sistema de la seguridad social, y resaltar que es la Ley 24.901 la que establece las prestaciones b\u00e1sicas de atenci\u00f3n integral destinadas a este colectivo. Esta norma incluye, asimismo, prestaciones educativas, terap\u00e9uticas-educativas, de apoyo a la integraci\u00f3n escolar y transporte, siendo obligatorias en su cobertura por parte de obras sociales y prepagas&#8221;.<\/p>\n<p>Y concluyeron se\u00f1alando que &#8220;reconocer la concepci\u00f3n de la discapacidad desde la perspectiva social y de derechos implica saber que los Estados deben adoptar medidas que promuevan la igualdad de oportunidades y garanticen el pleno reconocimiento de los derechos. Exigimos que sus funcionarios gestionen en ese sentido. Continuamos trabajando con el objetivo final de lograr una sociedad inclusiva y sumar con nuestro quehacer en este camino que en definitiva es s\u00f3lo una parte de la b\u00fasqueda por la justicia social&#8221;.<\/p>\n<p>Desde el Consejo Directivo Provincial se viene desplegando <a href=\"https:\/\/atecordoba.org\/?p=22481\">una serie de reclamos<\/a> al respecto, sin que el gobierno haya dado respuestas hasta el momento.<\/p>\n","protected":false},"excerpt":{"rendered":"<p>En un comunicado, la Secretar\u00eda de Discapacidad de la CTA Aut\u00f3noma y el Departamento de Discapacidad de ATE Nacional expresaron &#8220;su en\u00e9rgico repudio a las declaraciones de Eugenio Zanarini (foto), Superintendente de Servicios de Salud, vertidas el d\u00eda 12 de noviembre, en las cuales considera \u201cun gasto\u201d a las prestaciones destinadas a las personas con [&hellip;]<\/p>\n","protected":false},"author":7,"featured_media":23412,"comment_status":"open","ping_status":"open","sticky":true,"template":"","format":"standard","meta":{"_exactmetrics_skip_tracking":false,"_exactmetrics_sitenote_active":false,"_exactmetrics_sitenote_note":"","_exactmetrics_sitenote_category":0,"jnews-multi-image_gallery":[],"jnews_single_post":{"source_name":"","source_url":"","via_name":"","via_url":"","override_template":"0","override":[{"template":"1","single_blog_custom":"","parallax":"1","fullscreen":"0","layout":"right-sidebar","sidebar":"default-sidebar","second_sidebar":"default-sidebar","sticky_sidebar":"1","share_position":"top","share_float_style":"share-monocrhome","show_share_counter":"1","show_view_counter":"1","show_featured":"1","show_post_meta":"1","show_post_author":"1","show_post_author_image":"1","show_post_date":"1","post_date_format":"default","post_date_format_custom":"Y\/m\/d","show_post_category":"1","show_post_reading_time":"0","post_reading_time_wpm":"300","show_zoom_button":"0","zoom_button_out_step":"2","zoom_button_in_step":"3","show_post_tag":"1","show_prev_next_post":"1","show_popup_post":"1","number_popup_post":"1","show_author_box":"0","show_post_related":"0","show_inline_post_related":"0"}],"override_image_size":"0","image_override":[{"single_post_thumbnail_size":"crop-500","single_post_gallery_size":"crop-500"}],"trending_post":"0","trending_post_position":"meta","trending_post_label":"Trending","sponsored_post":"0","sponsored_post_label":"Sponsored by","sponsored_post_name":"","sponsored_post_url":"","sponsored_post_logo_enable":"0","sponsored_post_logo":"","sponsored_post_desc":""},"jnews_primary_category":{"id":""},"jnews_social_meta":{"fb_title":"","fb_description":"","fb_image":"","twitter_title":"","twitter_description":"","twitter_image":""},"jnews_review":[],"enable_review":"0","type":"percentage","name":"","summary":"","brand":"","sku":"","good":[{"good_text":""}],"bad":[{"bad_text":""}],"score_override":"","override_value":"","rating":[{"rating_text":"","rating_number":"10"}],"price":[{"shop":"","price":"","link":"","icon":""}],"jnews_override_counter":{"override_view_counter":"0","view_counter_number":"0","override_share_counter":"0","share_counter_number":"0","override_like_counter":"0","like_counter_number":"0","override_dislike_counter":"0","dislike_counter_number":"0"},"jnews_post_split":{"enable_post_split":"0","post_split":[{"template":"1","tag":"h2","numbering":"asc","mode":"normal"}]},"footnotes":""},"categories":[625],"tags":[715],"class_list":["post-23410","post","type-post","status-publish","format-standard","has-post-thumbnail","hentry","category-discapacidad","tag-pensiones-no-contributivas"],"jetpack_featured_media_url":"https:\/\/atecordoba.org\/wp-content\/uploads\/2020\/11\/zanarini-sup.jpg","_links":{"self":[{"href":"https:\/\/atecordoba.org\/index.php?rest_route=\/wp\/v2\/posts\/23410","targetHints":{"allow":["GET"]}}],"collection":[{"href":"https:\/\/atecordoba.org\/index.php?rest_route=\/wp\/v2\/posts"}],"about":[{"href":"https:\/\/atecordoba.org\/index.php?rest_route=\/wp\/v2\/types\/post"}],"author":[{"embeddable":true,"href":"https:\/\/atecordoba.org\/index.php?rest_route=\/wp\/v2\/users\/7"}],"replies":[{"embeddable":true,"href":"https:\/\/atecordoba.org\/index.php?rest_route=%2Fwp%2Fv2%2Fcomments&post=23410"}],"version-history":[{"count":1,"href":"https:\/\/atecordoba.org\/index.php?rest_route=\/wp\/v2\/posts\/23410\/revisions"}],"predecessor-version":[{"id":23413,"href":"https:\/\/atecordoba.org\/index.php?rest_route=\/wp\/v2\/posts\/23410\/revisions\/23413"}],"wp:featuredmedia":[{"embeddable":true,"href":"https:\/\/atecordoba.org\/index.php?rest_route=\/wp\/v2\/media\/23412"}],"wp:attachment":[{"href":"https:\/\/atecordoba.org\/index.php?rest_route=%2Fwp%2Fv2%2Fmedia&parent=23410"}],"wp:term":[{"taxonomy":"category","embeddable":true,"href":"https:\/\/atecordoba.org\/index.php?rest_route=%2Fwp%2Fv2%2Fcategories&post=23410"},{"taxonomy":"post_tag","embeddable":true,"href":"https:\/\/atecordoba.org\/index.php?rest_route=%2Fwp%2Fv2%2Ftags&post=23410"}],"curies":[{"name":"wp","href":"https:\/\/api.w.org\/{rel}","templated":true}]}}