{"id":23400,"date":"2020-11-27T16:44:01","date_gmt":"2020-11-27T19:44:01","guid":{"rendered":"https:\/\/atecordoba.org\/?p=23400"},"modified":"2020-11-27T16:44:01","modified_gmt":"2020-11-27T19:44:01","slug":"3-de-diciembre-paro-de-salud-publica-definen-reforzar-convocatoria","status":"publish","type":"post","link":"https:\/\/atecordoba.org\/?p=23400","title":{"rendered":"3 de diciembre, paro de salud p\u00fablica: definen reforzar convocatoria."},"content":{"rendered":"<p><img loading=\"lazy\" decoding=\"async\" class=\"wp-image-23401 aligncenter\" src=\"https:\/\/atecordoba.org\/wp-content\/uploads\/2020\/11\/27-11-Captura-Plenario-Salud-300x165.jpg\" alt=\"\" width=\"793\" height=\"436\" srcset=\"https:\/\/atecordoba.org\/wp-content\/uploads\/2020\/11\/27-11-Captura-Plenario-Salud-300x165.jpg 300w, https:\/\/atecordoba.org\/wp-content\/uploads\/2020\/11\/27-11-Captura-Plenario-Salud-1024x562.jpg 1024w, https:\/\/atecordoba.org\/wp-content\/uploads\/2020\/11\/27-11-Captura-Plenario-Salud-768x421.jpg 768w, https:\/\/atecordoba.org\/wp-content\/uploads\/2020\/11\/27-11-Captura-Plenario-Salud-750x411.jpg 750w, https:\/\/atecordoba.org\/wp-content\/uploads\/2020\/11\/27-11-Captura-Plenario-Salud-1140x625.jpg 1140w, https:\/\/atecordoba.org\/wp-content\/uploads\/2020\/11\/27-11-Captura-Plenario-Salud.jpg 1422w\" sizes=\"auto, (max-width: 793px) 100vw, 793px\" \/><\/p>\n<p><strong>Referentes de ATE C\u00f3rdoba en Hospitales Provinciales -de toda la Provincia- evaluaron los hechos acontecidos desde las \u00faltimas dos jornadas de Paro de ATE<\/strong> (<a href=\"https:\/\/atecordoba.org\/?p=22983\" target=\"_blank\" rel=\"noopener noreferrer\">10 y 20 de noviembre<\/a>, realizadas en conjunto con otras organizaciones representativas de las y los trabajadores del sector como UTS, MAC, entre otros) <strong>y en base a ello, definieron los pasos a seguir para continuar con el plan de lucha<\/strong> hasta tanto se cumpla con soluciones integrales a todos los reclamos. Ante el no mejoramiento de las condiciones salariales (alrededor del 80 por ciento de las trabajadoras y trabajadores no llegan a la canasta b\u00e1sica total, con un bono totalmente insuficiente que se acaba en febrero), de contrato de personal (por falta del mismo, as\u00ed como la enorme y sostenida precarizaci\u00f3n), y ante la persistencia en la violencia laboral instaurada como pr\u00e1ctica sistem\u00e1tica de conducci\u00f3n de las instituciones hospitalarias, se defini\u00f3 realizar <strong>Asambleas en todos los establecimientos el pr\u00f3ximo mi\u00e9rcoles 2 de diciembre<\/strong>. Las mismas tendr\u00e1n como finalidad la preparaci\u00f3n del <strong>paro de 24 hs con concurrencia a los lugares de trabajo del pr\u00f3ximo jueves 3 de diciembre que culminar\u00e1 con una marcha a pie a las 18 hs desde General Paz y Col\u00f3n, hasta el Patio Olmos<\/strong> (con abandono de tareas -garantizando guardias m\u00ednimas- desde las 17 horas). En el lugar, se realizar\u00e1 un acto con la Multisectorial de la Salud, seg\u00fan inform\u00f3 Hugo Dur\u00e1n, Secretario Adjunto del Consejo Directivo Provincial de ATE C\u00f3rdoba.<img loading=\"lazy\" decoding=\"async\" class=\"size-medium wp-image-23374 alignright\" src=\"https:\/\/atecordoba.org\/wp-content\/uploads\/2020\/11\/WhatsApp-Image-2020-11-26-at-11.12.17-300x300.jpeg\" alt=\"\" width=\"300\" height=\"300\" srcset=\"https:\/\/atecordoba.org\/wp-content\/uploads\/2020\/11\/WhatsApp-Image-2020-11-26-at-11.12.17-300x300.jpeg 300w, https:\/\/atecordoba.org\/wp-content\/uploads\/2020\/11\/WhatsApp-Image-2020-11-26-at-11.12.17-1024x1024.jpeg 1024w, https:\/\/atecordoba.org\/wp-content\/uploads\/2020\/11\/WhatsApp-Image-2020-11-26-at-11.12.17-150x150.jpeg 150w, https:\/\/atecordoba.org\/wp-content\/uploads\/2020\/11\/WhatsApp-Image-2020-11-26-at-11.12.17-768x768.jpeg 768w, https:\/\/atecordoba.org\/wp-content\/uploads\/2020\/11\/WhatsApp-Image-2020-11-26-at-11.12.17-560x560.jpeg 560w, https:\/\/atecordoba.org\/wp-content\/uploads\/2020\/11\/WhatsApp-Image-2020-11-26-at-11.12.17-75x75.jpeg 75w, https:\/\/atecordoba.org\/wp-content\/uploads\/2020\/11\/WhatsApp-Image-2020-11-26-at-11.12.17-750x750.jpeg 750w, https:\/\/atecordoba.org\/wp-content\/uploads\/2020\/11\/WhatsApp-Image-2020-11-26-at-11.12.17.jpeg 1080w\" sizes=\"auto, (max-width: 300px) 100vw, 300px\" \/><\/p>\n<p><strong>Frutos de la lucha de ATE<\/strong><br \/>\nSi bien el faltante de personal sigue siendo cr\u00edtico en la enorme mayor\u00eda de las instituciones de salud p\u00fablica provinciales, se han vislumbrado algunos avances: tal el caso de la <strong>incorporaci\u00f3n de 30 enfermeros\/as (de los 60 faltantes en Maternidad Provincial), as\u00ed como el ingreso de personal en Hospital Rawson<\/strong>. &#8220;Son grandes logros producto de la lucha. Si no nos hubi\u00e9ramos organizado para hacer o\u00edr bien alto nuestros reclamos, estamos seguros de que hoy no contar\u00edamos ni con el 20 por ciento de lo que hemos empezado a conseguir&#8221;, manifest\u00f3 Roberto Calvetti, trabajador de la Maternidad Provincial, quien, junto a Gabriela Garc\u00eda y Omar Alerzia fueron las y los responsables de dar la noticia. &#8220;Cada cambio de turno elaboramos notas de deslinde de responsabilidades donde expresamos que lo que no podamos hacer por falta de personal, la responsabilidad recaer\u00e1 sobre nuestros superiores inmediatos&#8221;, describi\u00f3 Gabriela Garc\u00eda, trabajadora de la Maternidad, quien adelant\u00f3 que, adem\u00e1s, las y los enfermeros y residentes de neonatolog\u00eda cuyos contratos estaban pr\u00f3ximos a vencer, han comenzado a firmar sus renovaciones: &#8220;es una logro, un paso, en esta enorme senda que emprendimos de volver a poner la salud p\u00fablica de pie&#8221;, manifest\u00f3 Garc\u00eda.<\/p>\n","protected":false},"excerpt":{"rendered":"<p>Referentes de ATE C\u00f3rdoba en Hospitales Provinciales -de toda la Provincia- evaluaron los hechos acontecidos desde las \u00faltimas dos jornadas de Paro de ATE (10 y 20 de noviembre, realizadas en conjunto con otras organizaciones representativas de las y los trabajadores del sector como UTS, MAC, entre otros) y en base a ello, definieron los [&hellip;]<\/p>\n","protected":false},"author":6,"featured_media":23401,"comment_status":"open","ping_status":"open","sticky":false,"template":"","format":"standard","meta":{"_exactmetrics_skip_tracking":false,"_exactmetrics_sitenote_active":false,"_exactmetrics_sitenote_note":"","_exactmetrics_sitenote_category":0,"jnews-multi-image_gallery":[],"jnews_single_post":{"source_name":"","source_url":"","via_name":"","via_url":"","override_template":"0","override":[{"template":"1","single_blog_custom":"","parallax":"1","fullscreen":"0","layout":"right-sidebar","sidebar":"default-sidebar","second_sidebar":"default-sidebar","sticky_sidebar":"1","share_position":"top","share_float_style":"share-monocrhome","show_share_counter":"1","show_view_counter":"1","show_featured":"1","show_post_meta":"1","show_post_author":"1","show_post_author_image":"1","show_post_date":"1","post_date_format":"default","post_date_format_custom":"Y\/m\/d","show_post_category":"1","show_post_reading_time":"0","post_reading_time_wpm":"300","show_zoom_button":"0","zoom_button_out_step":"2","zoom_button_in_step":"3","show_post_tag":"1","show_prev_next_post":"1","show_popup_post":"1","number_popup_post":"1","show_author_box":"0","show_post_related":"0","show_inline_post_related":"0"}],"override_image_size":"0","image_override":[{"single_post_thumbnail_size":"crop-500","single_post_gallery_size":"crop-500"}],"trending_post":"0","trending_post_position":"meta","trending_post_label":"Trending","sponsored_post":"0","sponsored_post_label":"Sponsored by","sponsored_post_name":"","sponsored_post_url":"","sponsored_post_logo_enable":"0","sponsored_post_logo":"","sponsored_post_desc":""},"jnews_primary_category":{"id":""},"jnews_social_meta":{"fb_title":"","fb_description":"","fb_image":"","twitter_title":"","twitter_description":"","twitter_image":""},"jnews_review":[],"enable_review":"0","type":"percentage","name":"","summary":"","brand":"","sku":"","good":[{"good_text":""}],"bad":[{"bad_text":""}],"score_override":"","override_value":"","rating":[{"rating_text":"","rating_number":"10"}],"price":[{"shop":"","price":"","link":"","icon":""}],"jnews_override_counter":{"override_view_counter":"0","view_counter_number":"0","override_share_counter":"0","share_counter_number":"0","override_like_counter":"0","like_counter_number":"0","override_dislike_counter":"0","dislike_counter_number":"0"},"jnews_post_split":{"enable_post_split":"0","post_split":[{"template":"1","tag":"h2","numbering":"asc","mode":"normal"}]},"footnotes":""},"categories":[341,104,34],"tags":[],"class_list":["post-23400","post","type-post","status-publish","format-standard","has-post-thumbnail","hentry","category-cdp","category-departamento-de-salud","category-seccionales"],"jetpack_featured_media_url":"https:\/\/atecordoba.org\/wp-content\/uploads\/2020\/11\/27-11-Captura-Plenario-Salud.jpg","_links":{"self":[{"href":"https:\/\/atecordoba.org\/index.php?rest_route=\/wp\/v2\/posts\/23400","targetHints":{"allow":["GET"]}}],"collection":[{"href":"https:\/\/atecordoba.org\/index.php?rest_route=\/wp\/v2\/posts"}],"about":[{"href":"https:\/\/atecordoba.org\/index.php?rest_route=\/wp\/v2\/types\/post"}],"author":[{"embeddable":true,"href":"https:\/\/atecordoba.org\/index.php?rest_route=\/wp\/v2\/users\/6"}],"replies":[{"embeddable":true,"href":"https:\/\/atecordoba.org\/index.php?rest_route=%2Fwp%2Fv2%2Fcomments&post=23400"}],"version-history":[{"count":1,"href":"https:\/\/atecordoba.org\/index.php?rest_route=\/wp\/v2\/posts\/23400\/revisions"}],"predecessor-version":[{"id":23402,"href":"https:\/\/atecordoba.org\/index.php?rest_route=\/wp\/v2\/posts\/23400\/revisions\/23402"}],"wp:featuredmedia":[{"embeddable":true,"href":"https:\/\/atecordoba.org\/index.php?rest_route=\/wp\/v2\/media\/23401"}],"wp:attachment":[{"href":"https:\/\/atecordoba.org\/index.php?rest_route=%2Fwp%2Fv2%2Fmedia&parent=23400"}],"wp:term":[{"taxonomy":"category","embeddable":true,"href":"https:\/\/atecordoba.org\/index.php?rest_route=%2Fwp%2Fv2%2Fcategories&post=23400"},{"taxonomy":"post_tag","embeddable":true,"href":"https:\/\/atecordoba.org\/index.php?rest_route=%2Fwp%2Fv2%2Ftags&post=23400"}],"curies":[{"name":"wp","href":"https:\/\/api.w.org\/{rel}","templated":true}]}}