{"id":23395,"date":"2020-11-27T14:21:12","date_gmt":"2020-11-27T17:21:12","guid":{"rendered":"https:\/\/atecordoba.org\/?p=23395"},"modified":"2020-11-27T14:21:12","modified_gmt":"2020-11-27T17:21:12","slug":"preocupacion-extrema-por-denuncias-de-plasma-mal-rotulado-para-pacientes-covid","status":"publish","type":"post","link":"https:\/\/atecordoba.org\/?p=23395","title":{"rendered":"Preocupaci\u00f3n extrema por denuncias de plasma mal rotulado para pacientes Covid"},"content":{"rendered":"<p><img loading=\"lazy\" decoding=\"async\" class=\"size-medium wp-image-23396 alignleft\" src=\"https:\/\/atecordoba.org\/wp-content\/uploads\/2020\/11\/plasma-300x224.jpg\" alt=\"\" width=\"300\" height=\"224\" srcset=\"https:\/\/atecordoba.org\/wp-content\/uploads\/2020\/11\/plasma-300x224.jpg 300w, https:\/\/atecordoba.org\/wp-content\/uploads\/2020\/11\/plasma.jpg 696w\" sizes=\"auto, (max-width: 300px) 100vw, 300px\" \/>Ante la denuncia penal realizada por el Consejo de M\u00e9dicos de la Provincia de C\u00f3rdoba, a partir de reclamos e informaci\u00f3n de profesionales de hospitales y cl\u00ednicas estatales y privadas, por la calidad del plasma distribuido por el organismo provincial a cargo de la materia, desde el Consejo Directivo Provincial de ATE C\u00f3rdoba expresamos nuestra preocupaci\u00f3n toda vez que dicho derivado de la sangre podr\u00eda haber se suministrado a pacientes cr\u00edticos de Covid 19, afectando el tratamiento m\u00e9dico y con consecuencias para la vida de los enfermos.<\/p>\n<p>La denuncia citada afirma que el plasma de pacientes convalecientes Covid-19 distribuido por el Centro de Plasmaf\u00e9resis de la Provincia de C\u00f3rdoba, dependiente del Ministerio de Salud de la provincia, no contaba con los anticuerpos informados en el r\u00f3tulo de sus embaces, lo que significa que no coincid\u00eda la descripci\u00f3n del hemocomponente con el que en realidad conten\u00eda. Adem\u00e1s, la denuncia afirma que, seg\u00fan los casos, el plasma distribuido por el organismo p\u00fabico a\u00fan no hab\u00eda sido estudiado \u2013 es decir titulado-, \u00a0y sin embargo era igualmente distribuido.<\/p>\n<p>M\u00ednimamente cabe preguntarse si esta grav\u00edsima situaci\u00f3n evit\u00f3 la posibilidad de vivir o recuperarse a pacientes en estado cr\u00edtico ,debido a que el plasma de Donantes Recuperados del Covid-19, no ten\u00eda la debida concentraci\u00f3n de anticuerpos necesarios que dec\u00eda tener o ni siquiera los ten\u00eda. Estos actos constituyen negligencia, impericia o adulteraci\u00f3n, pero en todo constituir\u00edan una inaceptable falta del Centro de Plasmaf\u00e9resis de la Provincia de C\u00f3rdoba.<\/p>\n<p>Vale se\u00f1alar que despu\u00e9s de realizar la denuncia penal los responsables siguen en sus cargos, pudiendo entorpecer la Investigaci\u00f3n.<\/p>\n<p><strong>P\u00e9simas condiciones de trabajo<\/strong><\/p>\n<p>En este marco, repudiamos una vez m\u00e1s las actuales condiciones de trabajo que sufren los trabajadores del Equipo de Salud Humana del Banco Central de Sangre, encuadrados en la Ley 7625.<\/p>\n<p>Se trata de valiosos compa\u00f1eros y compa\u00f1eras que son hostigados y presionados para cumplir extensas jornadas de 11 y hasta 12 horas laborales, sobrecargadas de tareas, que implican un grave agotamiento psicof\u00edsico. Como consecuencia estas trabajadoras y trabajadores carecen del respeto necesario a los derechos laborales, al tiempo que padecen diversos desordenes en sus v\u00ednculos laborales, familiares y sociales.<\/p>\n<p>Adem\u00e1s entre el 80 y el 90% del plantel del organismo est\u00e1 contratado, careciendo del derecho a la estabilidad laboral que ordena la legislaci\u00f3n vigente.<\/p>\n<p>Estas son algunas de las formas de gesti\u00f3n, autoritarias, verticalistas que atropellan los derechos laborales en el Banco Centran de Sangre, a cargo de Mar\u00eda E. Castellon, a partir de la puesta en marcha de la Disposici\u00f3n N\u00ba: 01\/2020, emitida por el Departamento de Sistema Provincial de Sangre, cuyo responsable m\u00e1ximo es Gustavo Ariel Visintin.<\/p>\n<p>Desde ATE reafirmamos que el Estado debe ser garante de la salud p\u00fablica, de manera eficaz, gratuita y de calidad para toda nuestra poblaci\u00f3n.<\/p>\n<p>\u00a1\u00a1LA SALUD NO ES UNA MERCANCIA!!<\/p>\n<p>\u00a1\u00a1LA SALUD ES UN BIEN SOCIAL!!<\/p>\n","protected":false},"excerpt":{"rendered":"<p>Ante la denuncia penal realizada por el Consejo de M\u00e9dicos de la Provincia de C\u00f3rdoba, a partir de reclamos e informaci\u00f3n de profesionales de hospitales y cl\u00ednicas estatales y privadas, por la calidad del plasma distribuido por el organismo provincial a cargo de la materia, desde el Consejo Directivo Provincial de ATE C\u00f3rdoba expresamos nuestra [&hellip;]<\/p>\n","protected":false},"author":7,"featured_media":23397,"comment_status":"open","ping_status":"open","sticky":true,"template":"","format":"standard","meta":{"_exactmetrics_skip_tracking":false,"_exactmetrics_sitenote_active":false,"_exactmetrics_sitenote_note":"","_exactmetrics_sitenote_category":0,"jnews-multi-image_gallery":[],"jnews_single_post":{"source_name":"","source_url":"","via_name":"","via_url":"","override_template":"0","override":[{"template":"1","single_blog_custom":"","parallax":"1","fullscreen":"0","layout":"right-sidebar","sidebar":"default-sidebar","second_sidebar":"default-sidebar","sticky_sidebar":"1","share_position":"top","share_float_style":"share-monocrhome","show_share_counter":"1","show_view_counter":"1","show_featured":"1","show_post_meta":"1","show_post_author":"1","show_post_author_image":"1","show_post_date":"1","post_date_format":"default","post_date_format_custom":"Y\/m\/d","show_post_category":"1","show_post_reading_time":"0","post_reading_time_wpm":"300","show_zoom_button":"0","zoom_button_out_step":"2","zoom_button_in_step":"3","show_post_tag":"1","show_prev_next_post":"1","show_popup_post":"1","number_popup_post":"1","show_author_box":"0","show_post_related":"0","show_inline_post_related":"0"}],"override_image_size":"0","image_override":[{"single_post_thumbnail_size":"crop-500","single_post_gallery_size":"crop-500"}],"trending_post":"0","trending_post_position":"meta","trending_post_label":"Trending","sponsored_post":"0","sponsored_post_label":"Sponsored by","sponsored_post_name":"","sponsored_post_url":"","sponsored_post_logo_enable":"0","sponsored_post_logo":"","sponsored_post_desc":""},"jnews_primary_category":{"id":""},"jnews_social_meta":{"fb_title":"","fb_description":"","fb_image":"","twitter_title":"","twitter_description":"","twitter_image":""},"jnews_review":[],"enable_review":"0","type":"percentage","name":"","summary":"","brand":"","sku":"","good":[{"good_text":""}],"bad":[{"bad_text":""}],"score_override":"","override_value":"","rating":[{"rating_text":"","rating_number":"10"}],"price":[{"shop":"","price":"","link":"","icon":""}],"jnews_override_counter":{"override_view_counter":"0","view_counter_number":"0","override_share_counter":"0","share_counter_number":"0","override_like_counter":"0","like_counter_number":"0","override_dislike_counter":"0","dislike_counter_number":"0"},"jnews_post_split":{"enable_post_split":"0","post_split":[{"template":"1","tag":"h2","numbering":"asc","mode":"normal"}]},"footnotes":""},"categories":[341,8],"tags":[713,714],"class_list":["post-23395","post","type-post","status-publish","format-standard","has-post-thumbnail","hentry","category-cdp","category-provinciales","tag-denuncia-penal","tag-plasma"],"jetpack_featured_media_url":"https:\/\/atecordoba.org\/wp-content\/uploads\/2020\/11\/hospital-viejo-san-roque.jpg","_links":{"self":[{"href":"https:\/\/atecordoba.org\/index.php?rest_route=\/wp\/v2\/posts\/23395","targetHints":{"allow":["GET"]}}],"collection":[{"href":"https:\/\/atecordoba.org\/index.php?rest_route=\/wp\/v2\/posts"}],"about":[{"href":"https:\/\/atecordoba.org\/index.php?rest_route=\/wp\/v2\/types\/post"}],"author":[{"embeddable":true,"href":"https:\/\/atecordoba.org\/index.php?rest_route=\/wp\/v2\/users\/7"}],"replies":[{"embeddable":true,"href":"https:\/\/atecordoba.org\/index.php?rest_route=%2Fwp%2Fv2%2Fcomments&post=23395"}],"version-history":[{"count":1,"href":"https:\/\/atecordoba.org\/index.php?rest_route=\/wp\/v2\/posts\/23395\/revisions"}],"predecessor-version":[{"id":23398,"href":"https:\/\/atecordoba.org\/index.php?rest_route=\/wp\/v2\/posts\/23395\/revisions\/23398"}],"wp:featuredmedia":[{"embeddable":true,"href":"https:\/\/atecordoba.org\/index.php?rest_route=\/wp\/v2\/media\/23397"}],"wp:attachment":[{"href":"https:\/\/atecordoba.org\/index.php?rest_route=%2Fwp%2Fv2%2Fmedia&parent=23395"}],"wp:term":[{"taxonomy":"category","embeddable":true,"href":"https:\/\/atecordoba.org\/index.php?rest_route=%2Fwp%2Fv2%2Fcategories&post=23395"},{"taxonomy":"post_tag","embeddable":true,"href":"https:\/\/atecordoba.org\/index.php?rest_route=%2Fwp%2Fv2%2Ftags&post=23395"}],"curies":[{"name":"wp","href":"https:\/\/api.w.org\/{rel}","templated":true}]}}