{"id":23392,"date":"2020-11-27T12:47:33","date_gmt":"2020-11-27T15:47:33","guid":{"rendered":"https:\/\/atecordoba.org\/?p=23392"},"modified":"2020-11-27T12:49:41","modified_gmt":"2020-11-27T15:49:41","slug":"ate-villa-maria-otra-pelea-ganada-en-favor-de-los-trabajadores-de-la-ffmm","status":"publish","type":"post","link":"https:\/\/atecordoba.org\/?p=23392","title":{"rendered":"ATE Villa Mar\u00eda: otra pelea ganada en favor de los trabajadores de FFMM"},"content":{"rendered":"<p><img loading=\"lazy\" decoding=\"async\" class=\" wp-image-23391 aligncenter\" src=\"https:\/\/atecordoba.org\/wp-content\/uploads\/2020\/11\/ATE-Villa-Mar\u00eda-300x176.jpg\" alt=\"\" width=\"600\" height=\"352\" srcset=\"https:\/\/atecordoba.org\/wp-content\/uploads\/2020\/11\/ATE-Villa-Mar\u00eda-300x176.jpg 300w, https:\/\/atecordoba.org\/wp-content\/uploads\/2020\/11\/ATE-Villa-Mar\u00eda.jpg 650w\" sizes=\"auto, (max-width: 600px) 100vw, 600px\" \/><\/p>\n<p>D\u00edas pasados la ATE Villa Mar\u00eda fue notificada de la resoluci\u00f3n del Ministerio De Trabajo de la Naci\u00f3n en la que la secciona se vio favorecida en la demanda llevada a cabo, en representaci\u00f3n de los trabajadores de la planta de \u00c9ter de la F\u00e1brica Militar de P\u00f3lvora y Explosivos, le realiz\u00f3 en 2019 a las autoridades del organismo, cuando entonces la empresa estaba gestionada por el gobierno del Ex Presidente Macri.<\/p>\n<p>En la resoluci\u00f3n dictaminada, el Ministerio ordena que la empresa Fabricaciones Militares Sociedad del Estado debe restituir de manera completa las horas adeudadas a los trabajadores de esa planta.<\/p>\n<p>Cabe aclarar que el motivo primario de la lucha que se viene manteniendo por las horas adeudadas data ya de muchos a\u00f1os atr\u00e1s, cuando\u00a0desde el sindicato siempre vel\u00f3 por las justas recategorizaciones y pronta recomposici\u00f3n salarial hacia los trabajadores que prestan servicio all\u00ed en la planta de \u00c9ter.<\/p>\n<p>Notificada la empresa de la resoluci\u00f3n, las nuevas autoridades comunicaron que inmediatamente acatar\u00e1n la medida resolutiva y est\u00e1n trabajando para intentar que en la pr\u00f3xima liquidaci\u00f3n, correspondiente al mes de noviembre esta diferencia pueda ser efectivizada en el salario de los trabajadores afectados.<\/p>\n<p>Vale resaltar la tenacidad y la predisposici\u00f3n del sindicato a la hora de llevar adelante cualquier tipo de conflicto gremial, tanto si es en la calle o como en este caso ante la justicia laboral, siempre con la finalidad de hacer respetar los derechos laborales de cada uno de nuestros afiliados, independientemente de lo que demore la justicia o qu\u00e9 tan dif\u00edcil y desigual sea una pelea ante un gobierno insensible y corrupto como lo fue el de la gesti\u00f3n macrista. Nosotros reafirmamos el compromiso de siempre con los trabajadores y una vez m\u00e1s decimos:<br \/>\nATE SIEMPRE EST\u00c1.<\/p>\n<p>&nbsp;<\/p>\n","protected":false},"excerpt":{"rendered":"<p>D\u00edas pasados la ATE Villa Mar\u00eda fue notificada de la resoluci\u00f3n del Ministerio De Trabajo de la Naci\u00f3n en la que la secciona se vio favorecida en la demanda llevada a cabo, en representaci\u00f3n de los trabajadores de la planta de \u00c9ter de la F\u00e1brica Militar de P\u00f3lvora y Explosivos, le realiz\u00f3 en 2019 a [&hellip;]<\/p>\n","protected":false},"author":7,"featured_media":23391,"comment_status":"open","ping_status":"open","sticky":true,"template":"","format":"standard","meta":{"_exactmetrics_skip_tracking":false,"_exactmetrics_sitenote_active":false,"_exactmetrics_sitenote_note":"","_exactmetrics_sitenote_category":0,"jnews-multi-image_gallery":[],"jnews_single_post":{"source_name":"","source_url":"","via_name":"","via_url":"","override_template":"0","override":[{"template":"1","single_blog_custom":"","parallax":"1","fullscreen":"0","layout":"right-sidebar","sidebar":"default-sidebar","second_sidebar":"default-sidebar","sticky_sidebar":"1","share_position":"top","share_float_style":"share-monocrhome","show_share_counter":"1","show_view_counter":"1","show_featured":"1","show_post_meta":"1","show_post_author":"1","show_post_author_image":"1","show_post_date":"1","post_date_format":"default","post_date_format_custom":"Y\/m\/d","show_post_category":"1","show_post_reading_time":"0","post_reading_time_wpm":"300","show_zoom_button":"0","zoom_button_out_step":"2","zoom_button_in_step":"3","show_post_tag":"1","show_prev_next_post":"1","show_popup_post":"1","number_popup_post":"1","show_author_box":"0","show_post_related":"0","show_inline_post_related":"0"}],"override_image_size":"0","image_override":[{"single_post_thumbnail_size":"crop-500","single_post_gallery_size":"crop-500"}],"trending_post":"0","trending_post_position":"meta","trending_post_label":"Trending","sponsored_post":"0","sponsored_post_label":"Sponsored by","sponsored_post_name":"","sponsored_post_url":"","sponsored_post_logo_enable":"0","sponsored_post_logo":"","sponsored_post_desc":""},"jnews_primary_category":{"id":""},"jnews_social_meta":{"fb_title":"","fb_description":"","fb_image":"","twitter_title":"","twitter_description":"","twitter_image":""},"jnews_review":[],"enable_review":"0","type":"percentage","name":"","summary":"","brand":"","sku":"","good":[{"good_text":""}],"bad":[{"bad_text":""}],"score_override":"","override_value":"","rating":[{"rating_text":"","rating_number":"10"}],"price":[{"shop":"","price":"","link":"","icon":""}],"jnews_override_counter":{"override_view_counter":"0","view_counter_number":"0","override_share_counter":"0","share_counter_number":"0","override_like_counter":"0","like_counter_number":"0","override_dislike_counter":"0","dislike_counter_number":"0"},"jnews_post_split":{"enable_post_split":"0","post_split":[{"template":"1","tag":"h2","numbering":"asc","mode":"normal"}]},"footnotes":""},"categories":[18,14],"tags":[570],"class_list":["post-23392","post","type-post","status-publish","format-standard","has-post-thumbnail","hentry","category-nacionales","category-villa-maria","tag-direccion-general-de-fabricaciones-militares"],"jetpack_featured_media_url":"https:\/\/atecordoba.org\/wp-content\/uploads\/2020\/11\/ATE-Villa-Mar\u00eda.jpg","_links":{"self":[{"href":"https:\/\/atecordoba.org\/index.php?rest_route=\/wp\/v2\/posts\/23392","targetHints":{"allow":["GET"]}}],"collection":[{"href":"https:\/\/atecordoba.org\/index.php?rest_route=\/wp\/v2\/posts"}],"about":[{"href":"https:\/\/atecordoba.org\/index.php?rest_route=\/wp\/v2\/types\/post"}],"author":[{"embeddable":true,"href":"https:\/\/atecordoba.org\/index.php?rest_route=\/wp\/v2\/users\/7"}],"replies":[{"embeddable":true,"href":"https:\/\/atecordoba.org\/index.php?rest_route=%2Fwp%2Fv2%2Fcomments&post=23392"}],"version-history":[{"count":2,"href":"https:\/\/atecordoba.org\/index.php?rest_route=\/wp\/v2\/posts\/23392\/revisions"}],"predecessor-version":[{"id":23394,"href":"https:\/\/atecordoba.org\/index.php?rest_route=\/wp\/v2\/posts\/23392\/revisions\/23394"}],"wp:featuredmedia":[{"embeddable":true,"href":"https:\/\/atecordoba.org\/index.php?rest_route=\/wp\/v2\/media\/23391"}],"wp:attachment":[{"href":"https:\/\/atecordoba.org\/index.php?rest_route=%2Fwp%2Fv2%2Fmedia&parent=23392"}],"wp:term":[{"taxonomy":"category","embeddable":true,"href":"https:\/\/atecordoba.org\/index.php?rest_route=%2Fwp%2Fv2%2Fcategories&post=23392"},{"taxonomy":"post_tag","embeddable":true,"href":"https:\/\/atecordoba.org\/index.php?rest_route=%2Fwp%2Fv2%2Ftags&post=23392"}],"curies":[{"name":"wp","href":"https:\/\/api.w.org\/{rel}","templated":true}]}}