{"id":23386,"date":"2020-11-27T10:44:17","date_gmt":"2020-11-27T13:44:17","guid":{"rendered":"https:\/\/atecordoba.org\/?p=23386"},"modified":"2020-12-02T15:30:41","modified_gmt":"2020-12-02T18:30:41","slug":"actividades-por-el-dia-de-los-derechos-humanos","status":"publish","type":"post","link":"https:\/\/atecordoba.org\/?p=23386","title":{"rendered":"Actividades por el D\u00eda de los Derechos Humanos"},"content":{"rendered":"<p><img loading=\"lazy\" decoding=\"async\" class=\" wp-image-23387 aligncenter\" src=\"https:\/\/atecordoba.org\/wp-content\/uploads\/2020\/11\/ddhh-300x194.jpg\" alt=\"\" width=\"601\" height=\"389\" srcset=\"https:\/\/atecordoba.org\/wp-content\/uploads\/2020\/11\/ddhh-300x194.jpg 300w, https:\/\/atecordoba.org\/wp-content\/uploads\/2020\/11\/ddhh.jpg 620w\" sizes=\"auto, (max-width: 601px) 100vw, 601px\" \/>En el marco de las celebraciones por el D\u00eda de los Derechos Humanos, el Consejo Directivo Provincial de ATE C\u00f3rdoba realizar\u00e1 el pr\u00f3ximo 10 de diciembre una serie actos en homenaje para con las y los compa\u00f1eros desaparecidos, reivindicando su lucha y su compromiso por un pa\u00eds mejor.<\/p>\n<p>Aquellas luchas fueron la causa por la que fueron perseguidos, secuestrados, encarcelados, torturados, asesinados o desaparecidos, por la brutalidad del terrorismo de Estado, cuyos autores han sido juzgados y condenados en m\u00faltiples causas en el poder judicial.<\/p>\n<p>As\u00ed, el pr\u00f3ximo 10 de diciembre, a las 9 de la ma\u00f1ana, se realizar\u00e1 un homenaje al trabajador de Ministerio de Trabajo de la Naci\u00f3n, Guillermo Osvaldo Paryszewki, en la esquina de De\u00e1n Funes esquina Belgrano donde la Dictadura C\u00edvico Militar lo secuestr\u00f3 el 23 de septiembre de 1976. Se colocar\u00e1 una maceta con \u00e1rbol de la navidad, en una actividad conjunta con el Archivo Provincial de la Memoria y la Mesa de Trabajo por los Derechos Humanos.<\/p>\n<p>Posteriormente, a las 9.30, en la sede de la delegaci\u00f3n local del Ministerio de Trabajo de la Naci\u00f3n, 27 de Abril 351, se va a recolocar la placa de Paryszewki, ca\u00edda durante el macrismo y nunca repuesta. En la oportunidad, el jefe de la agencia territorial\u00a0 y se realizar\u00e1 conversatorio virtual para que ingresen las y los compa\u00f1eros del Ministerio as\u00ed como todos los que quieran participar. Est\u00e1 comprometida la presencia del ministro de Trabajo de la Naci\u00f3n, Gustavo Moroni.<\/p>\n<p>Por \u00faltimo, a las 11 horas, en la sede de ATE C\u00f3rdoba, Entre R\u00edos 450, se inaugurar\u00e1 una escultura realizada por Francisco Paco Ferreyra y Hern\u00e1n Batist\u00f3n, en conmemoraci\u00f3n de los compa\u00f1eros desaparecidos de la \u00faltima dictadura y el D\u00eda de los DDHH. Contaremos con la presencia de organismos como Tiempo Latinoamericano, con Luis Miguel Vitin Baronetto, Abuelas de Plaza de Mayo, HIJOS y el Archivo Provincial de la Memoria que aport\u00f3 la lista de los compa\u00f1eros desaparecidos provinciales y municipales que forman parte de esta escultura para recordar sus nombres.<\/p>\n<p>Est\u00e1n todas y todos invitados.<\/p>\n","protected":false},"excerpt":{"rendered":"<p>En el marco de las celebraciones por el D\u00eda de los Derechos Humanos, el Consejo Directivo Provincial de ATE C\u00f3rdoba realizar\u00e1 el pr\u00f3ximo 10 de diciembre una serie actos en homenaje para con las y los compa\u00f1eros desaparecidos, reivindicando su lucha y su compromiso por un pa\u00eds mejor. Aquellas luchas fueron la causa por la [&hellip;]<\/p>\n","protected":false},"author":7,"featured_media":23387,"comment_status":"open","ping_status":"open","sticky":true,"template":"","format":"standard","meta":{"_exactmetrics_skip_tracking":false,"_exactmetrics_sitenote_active":false,"_exactmetrics_sitenote_note":"","_exactmetrics_sitenote_category":0,"jnews-multi-image_gallery":[],"jnews_single_post":{"source_name":"","source_url":"","via_name":"","via_url":"","override_template":"0","override":[{"template":"1","single_blog_custom":"","parallax":"1","fullscreen":"0","layout":"right-sidebar","sidebar":"default-sidebar","second_sidebar":"default-sidebar","sticky_sidebar":"1","share_position":"top","share_float_style":"share-monocrhome","show_share_counter":"1","show_view_counter":"1","show_featured":"1","show_post_meta":"1","show_post_author":"1","show_post_author_image":"1","show_post_date":"1","post_date_format":"default","post_date_format_custom":"Y\/m\/d","show_post_category":"1","show_post_reading_time":"0","post_reading_time_wpm":"300","show_zoom_button":"0","zoom_button_out_step":"2","zoom_button_in_step":"3","show_post_tag":"1","show_prev_next_post":"1","show_popup_post":"1","number_popup_post":"1","show_author_box":"0","show_post_related":"0","show_inline_post_related":"0"}],"override_image_size":"0","image_override":[{"single_post_thumbnail_size":"crop-500","single_post_gallery_size":"crop-500"}],"trending_post":"0","trending_post_position":"meta","trending_post_label":"Trending","sponsored_post":"0","sponsored_post_label":"Sponsored by","sponsored_post_name":"","sponsored_post_url":"","sponsored_post_logo_enable":"0","sponsored_post_logo":"","sponsored_post_desc":""},"jnews_primary_category":{"id":""},"jnews_social_meta":{"fb_title":"","fb_description":"","fb_image":"","twitter_title":"","twitter_description":"","twitter_image":""},"jnews_review":[],"enable_review":"0","type":"percentage","name":"","summary":"","brand":"","sku":"","good":[{"good_text":""}],"bad":[{"bad_text":""}],"score_override":"","override_value":"","rating":[{"rating_text":"","rating_number":"10"}],"price":[{"shop":"","price":"","link":"","icon":""}],"jnews_override_counter":{"override_view_counter":"0","view_counter_number":"0","override_share_counter":"0","share_counter_number":"0","override_like_counter":"0","like_counter_number":"0","override_dislike_counter":"0","dislike_counter_number":"0"},"jnews_post_split":{"enable_post_split":"0","post_split":[{"template":"1","tag":"h2","numbering":"asc","mode":"normal"}]},"footnotes":""},"categories":[341,122],"tags":[712],"class_list":["post-23386","post","type-post","status-publish","format-standard","has-post-thumbnail","hentry","category-cdp","category-ddhh","tag-dia-de-los-ddhh"],"jetpack_featured_media_url":"https:\/\/atecordoba.org\/wp-content\/uploads\/2020\/11\/ddhh.jpg","_links":{"self":[{"href":"https:\/\/atecordoba.org\/index.php?rest_route=\/wp\/v2\/posts\/23386","targetHints":{"allow":["GET"]}}],"collection":[{"href":"https:\/\/atecordoba.org\/index.php?rest_route=\/wp\/v2\/posts"}],"about":[{"href":"https:\/\/atecordoba.org\/index.php?rest_route=\/wp\/v2\/types\/post"}],"author":[{"embeddable":true,"href":"https:\/\/atecordoba.org\/index.php?rest_route=\/wp\/v2\/users\/7"}],"replies":[{"embeddable":true,"href":"https:\/\/atecordoba.org\/index.php?rest_route=%2Fwp%2Fv2%2Fcomments&post=23386"}],"version-history":[{"count":2,"href":"https:\/\/atecordoba.org\/index.php?rest_route=\/wp\/v2\/posts\/23386\/revisions"}],"predecessor-version":[{"id":23477,"href":"https:\/\/atecordoba.org\/index.php?rest_route=\/wp\/v2\/posts\/23386\/revisions\/23477"}],"wp:featuredmedia":[{"embeddable":true,"href":"https:\/\/atecordoba.org\/index.php?rest_route=\/wp\/v2\/media\/23387"}],"wp:attachment":[{"href":"https:\/\/atecordoba.org\/index.php?rest_route=%2Fwp%2Fv2%2Fmedia&parent=23386"}],"wp:term":[{"taxonomy":"category","embeddable":true,"href":"https:\/\/atecordoba.org\/index.php?rest_route=%2Fwp%2Fv2%2Fcategories&post=23386"},{"taxonomy":"post_tag","embeddable":true,"href":"https:\/\/atecordoba.org\/index.php?rest_route=%2Fwp%2Fv2%2Ftags&post=23386"}],"curies":[{"name":"wp","href":"https:\/\/api.w.org\/{rel}","templated":true}]}}