{"id":23380,"date":"2020-11-26T14:05:12","date_gmt":"2020-11-26T17:05:12","guid":{"rendered":"https:\/\/atecordoba.org\/?p=23380"},"modified":"2020-11-26T14:05:12","modified_gmt":"2020-11-26T17:05:12","slug":"pronunciamiento-de-la-asamblea-de-senaf-sobre-el-despido-de-pinero","status":"publish","type":"post","link":"https:\/\/atecordoba.org\/?p=23380","title":{"rendered":"Pronunciamiento de la asamblea de Senaf sobre el despido de Pi\u00f1ero"},"content":{"rendered":"<p><img loading=\"lazy\" decoding=\"async\" class=\" wp-image-23381 aligncenter\" src=\"https:\/\/atecordoba.org\/wp-content\/uploads\/2020\/11\/unnamed-300x148.jpg\" alt=\"\" width=\"643\" height=\"317\" srcset=\"https:\/\/atecordoba.org\/wp-content\/uploads\/2020\/11\/unnamed-300x148.jpg 300w, https:\/\/atecordoba.org\/wp-content\/uploads\/2020\/11\/unnamed.jpg 512w\" sizes=\"auto, (max-width: 643px) 100vw, 643px\" \/><\/p>\n<p>&#8220;Las y los trabajadores que integramos esta asamblea y nos encontramos hace varios a\u00f1os luchando por nuestras condiciones laborales y por la defensa de los derechos de los ni\u00f1os, ni\u00f1as y j\u00f3venes, nos sentimos en la obligaci\u00f3n de pronunciarnos frente a la situaci\u00f3n aberrante sucedida en la residencia Eva Per\u00f3n que est\u00e1 a cargo del Estado Provincial y que ha tomado car\u00e1cter p\u00fablico.<\/p>\n<p>El despido de quien fuera titular de la Secretar\u00eda de Ni\u00f1ez, Adolescencia y Familia fue necesario pero no suficiente. En su carta de renuncia al gobernador Schiaretti, el ex funcionario blanque\u00f3 escandalosamente la falta total de presupuesto en SeNAF, manifestando que las y los ni\u00f1os y adolescentes hab\u00edan estado m\u00e1s de 20 d\u00edas sin frutas y verduras, que hab\u00edan llegado a estar sin carne, sin medicaci\u00f3n, sin elementos de higiene personal en medio de la pandemia, sin ropa digna teniendo que recurrir a donaciones.<\/p>\n<p>Hemos protestado frente al Ministerio de Justicia y pedido audiencia al ministro Juli\u00e1n L\u00f3pez en reiteradas oportunidades planteando todas estas falencias. La \u00faltima protesta fue realizada, justamente, una semana antes de que ocurrieran estos hechos lamentables y jam\u00e1s obtuvimos respuesta.<\/p>\n<p>Los hechos ocurridos dejan en claro la irresponsabilidad de los funcionarios, el encubrimiento y el vaciamiento de las Instituciones que deber\u00edan haber velado por los Derechos de ni\u00f1os, ni\u00f1as y j\u00f3venes de la Provincia de C\u00f3rdoba. Esta situaci\u00f3n es el resultado de a\u00f1os de nepotismo, nombramientos a dedo, falta de concursos y falta de estructura org\u00e1nica, que deriv\u00f3 en la designaci\u00f3n de personal no id\u00f3neo como responsable de programas y residencias.<\/p>\n<p>Consideramos que la medida adoptada no es suficiente. Sino son apartadas todas las personas que directa e indirectamente han tenido responsabilidad sobre estos hechos, no habr\u00e1 un cambio real.<\/p>\n<p>La partida anual presupuestaria destinada a SeNAF es a todas luces insuficiente. Mientras el estado provincial dilapida recursos millonarios en obras p\u00fablicas fara\u00f3nicas y pauta publicitaria en medios hegem\u00f3nicos, los ni\u00f1os, ni\u00f1as y adolescentes no tienen alimentos o elementos de higiene en las Residencias y Complejo Esperanza.<\/p>\n<p>Las transformaciones serias en la pol\u00edtica de infancia deben verse reflejadas en las partidas presupuestarias destinadas a tal fin, y no solo en cuanto al dinero asignado sino a lo efectivamente ejecutado.<\/p>\n<p>Trabajadores precarizados\/as, explotaci\u00f3n laboral, falta de trabajo comunitario en prevenci\u00f3n, infancias libradas a la caridad de las familias y ONG\u2019S sin el seguimiento correspondiente son las pol\u00edticas que caracterizan al actual Estado Provincial y que hoy arrastran, no solo a una ni\u00f1a v\u00edctima de abuso, sino a todo un sistema de Protecci\u00f3n que revictimiza y expone a los ni\u00f1os y ni\u00f1as a la vulneraci\u00f3n de derechos.<\/p>\n<p><strong>Reclamos\u00a0<\/strong><\/p>\n<p>En tal sentido, las y los trabajadores exigimos:<\/p>\n<ul>\n<li>Una inmediata investigaci\u00f3n responsable y profunda, no s\u00f3lo judicial sino tambi\u00e9n administrativa, que lleve al esclarecimiento de los hechos y al apartamiento de todos los responsables que, por acci\u00f3n u omisi\u00f3n, llevaron a desencadenar la situaci\u00f3n de p\u00fablico conocimiento.<\/li>\n<li>La implementaci\u00f3n de proyectos institucionales y protocolos de actuaci\u00f3n y cuidados en Residencias que prioricen y garanticen la protecci\u00f3n integral de los derechos de ni\u00f1as, ni\u00f1os y adolescentes.<\/li>\n<li>El retiro inmediato de los presos trasladados desde la UCA al Complejo Esperanza.<\/li>\n<li>Un nuevo presupuesto anual para SeNAF que contemple las necesidades tanto de ni\u00f1os, ni\u00f1as y adolescentes, como la estabilidad laboral del personal que se desempe\u00f1a.<\/li>\n<li>Creaci\u00f3n de una mesa de di\u00e1logo y cese de toda forma de persecuci\u00f3n sindical.<\/li>\n<li>Reincorporaci\u00f3n a sus puestos originales de trabajo de las trabajadoras despedidas y trasladadas por luchar durante la gesti\u00f3n de Jos\u00e9 Pi\u00f1ero.<\/li>\n<li>Reincorporaci\u00f3n de la delegada trasladada a su puesto original de trabajo.<\/li>\n<li>Apertura inmediata de concursos para todos los cargos en las direcciones de programas y residencias.<\/li>\n<li>Pase a Planta Permanente de Todes les trabajadores precarizades de SENAF<\/li>\n<li>Reconocimiento de nuestras tareas como esenciales, insalubres y de riesgo, con la compensaci\u00f3n econ\u00f3mica y jubilatoria acorde a dicha condici\u00f3n.<\/li>\n<\/ul>\n<p>Exigimos una SeNAF en la cual puedan confluir distintas disciplinas en el dise\u00f1o de puestos de trabajos, funciones y departamentos por \u00e1rea y en la que no impere el saber m\u00e9dico-legal como ocurre actualmente.<\/p>\n<p>Las residencias a cargo del Estado Provincial deben transformarse en espacios amigables, seguros, de contenci\u00f3n y protecci\u00f3n. Casas donde los j\u00f3venes puedan ser protagonistas, comprendiendo que la poblaci\u00f3n que reside son ni\u00f1as, ni\u00f1os y j\u00f3venes cuyas trayectorias de vida han sido atravesadas por m\u00faltiples vulneraciones. Es necesario realizar un abordaje integral, comprometido con encontrar soluciones que paulatinamente logren la restituci\u00f3n de aquellos derechos que les han sido vulnerados.<\/p>\n<p>En ese sentido solicitamos una vez m\u00e1s, la conformaci\u00f3n de una <strong>Mesa de Trabajo<\/strong> donde se escuche a los trabajadores, quienes tenemos propuestas y proyectos que exigimos sean considerados. Somos un colectivo de trabajadores activos, contamos con la experiencia y los saberes espec\u00edficos, tenemos las ganas y el compromiso de cambiar esta realidad hoy tr\u00e1gica. Queremos ser parte de las soluciones, asumiendo las responsabilidades que nos competen como ciudadanos y trabajadores del Estado&#8221;.<\/p>\n<p>&nbsp;<\/p>\n<p>&nbsp;<\/p>\n","protected":false},"excerpt":{"rendered":"<p>&#8220;Las y los trabajadores que integramos esta asamblea y nos encontramos hace varios a\u00f1os luchando por nuestras condiciones laborales y por la defensa de los derechos de los ni\u00f1os, ni\u00f1as y j\u00f3venes, nos sentimos en la obligaci\u00f3n de pronunciarnos frente a la situaci\u00f3n aberrante sucedida en la residencia Eva Per\u00f3n que est\u00e1 a cargo del [&hellip;]<\/p>\n","protected":false},"author":7,"featured_media":23381,"comment_status":"open","ping_status":"open","sticky":true,"template":"","format":"standard","meta":{"_exactmetrics_skip_tracking":false,"_exactmetrics_sitenote_active":false,"_exactmetrics_sitenote_note":"","_exactmetrics_sitenote_category":0,"jnews-multi-image_gallery":[],"jnews_single_post":{"source_name":"","source_url":"","via_name":"","via_url":"","override_template":"0","override":[{"template":"1","single_blog_custom":"","parallax":"1","fullscreen":"0","layout":"right-sidebar","sidebar":"default-sidebar","second_sidebar":"default-sidebar","sticky_sidebar":"1","share_position":"top","share_float_style":"share-monocrhome","show_share_counter":"1","show_view_counter":"1","show_featured":"1","show_post_meta":"1","show_post_author":"1","show_post_author_image":"1","show_post_date":"1","post_date_format":"default","post_date_format_custom":"Y\/m\/d","show_post_category":"1","show_post_reading_time":"0","post_reading_time_wpm":"300","show_zoom_button":"0","zoom_button_out_step":"2","zoom_button_in_step":"3","show_post_tag":"1","show_prev_next_post":"1","show_popup_post":"1","number_popup_post":"1","show_author_box":"0","show_post_related":"0","show_inline_post_related":"0"}],"override_image_size":"0","image_override":[{"single_post_thumbnail_size":"crop-500","single_post_gallery_size":"crop-500"}],"trending_post":"0","trending_post_position":"meta","trending_post_label":"Trending","sponsored_post":"0","sponsored_post_label":"Sponsored by","sponsored_post_name":"","sponsored_post_url":"","sponsored_post_logo_enable":"0","sponsored_post_logo":"","sponsored_post_desc":""},"jnews_primary_category":{"id":""},"jnews_social_meta":{"fb_title":"","fb_description":"","fb_image":"","twitter_title":"","twitter_description":"","twitter_image":""},"jnews_review":[],"enable_review":"0","type":"percentage","name":"","summary":"","brand":"","sku":"","good":[{"good_text":""}],"bad":[{"bad_text":""}],"score_override":"","override_value":"","rating":[{"rating_text":"","rating_number":"10"}],"price":[{"shop":"","price":"","link":"","icon":""}],"jnews_override_counter":{"override_view_counter":"0","view_counter_number":"0","override_share_counter":"0","share_counter_number":"0","override_like_counter":"0","like_counter_number":"0","override_dislike_counter":"0","dislike_counter_number":"0"},"jnews_post_split":{"enable_post_split":"0","post_split":[{"template":"1","tag":"h2","numbering":"asc","mode":"normal"}]},"footnotes":""},"categories":[8],"tags":[457],"class_list":["post-23380","post","type-post","status-publish","format-standard","has-post-thumbnail","hentry","category-provinciales","tag-senaf"],"jetpack_featured_media_url":"https:\/\/atecordoba.org\/wp-content\/uploads\/2020\/11\/unnamed.jpg","_links":{"self":[{"href":"https:\/\/atecordoba.org\/index.php?rest_route=\/wp\/v2\/posts\/23380","targetHints":{"allow":["GET"]}}],"collection":[{"href":"https:\/\/atecordoba.org\/index.php?rest_route=\/wp\/v2\/posts"}],"about":[{"href":"https:\/\/atecordoba.org\/index.php?rest_route=\/wp\/v2\/types\/post"}],"author":[{"embeddable":true,"href":"https:\/\/atecordoba.org\/index.php?rest_route=\/wp\/v2\/users\/7"}],"replies":[{"embeddable":true,"href":"https:\/\/atecordoba.org\/index.php?rest_route=%2Fwp%2Fv2%2Fcomments&post=23380"}],"version-history":[{"count":1,"href":"https:\/\/atecordoba.org\/index.php?rest_route=\/wp\/v2\/posts\/23380\/revisions"}],"predecessor-version":[{"id":23382,"href":"https:\/\/atecordoba.org\/index.php?rest_route=\/wp\/v2\/posts\/23380\/revisions\/23382"}],"wp:featuredmedia":[{"embeddable":true,"href":"https:\/\/atecordoba.org\/index.php?rest_route=\/wp\/v2\/media\/23381"}],"wp:attachment":[{"href":"https:\/\/atecordoba.org\/index.php?rest_route=%2Fwp%2Fv2%2Fmedia&parent=23380"}],"wp:term":[{"taxonomy":"category","embeddable":true,"href":"https:\/\/atecordoba.org\/index.php?rest_route=%2Fwp%2Fv2%2Fcategories&post=23380"},{"taxonomy":"post_tag","embeddable":true,"href":"https:\/\/atecordoba.org\/index.php?rest_route=%2Fwp%2Fv2%2Ftags&post=23380"}],"curies":[{"name":"wp","href":"https:\/\/api.w.org\/{rel}","templated":true}]}}