{"id":23376,"date":"2020-11-26T13:05:03","date_gmt":"2020-11-26T16:05:03","guid":{"rendered":"https:\/\/atecordoba.org\/?p=23376"},"modified":"2020-11-26T13:50:31","modified_gmt":"2020-11-26T16:50:31","slug":"conversatorio-protocolo-sobre-violencia-laboral-y-de-genero-para-ate","status":"publish","type":"post","link":"https:\/\/atecordoba.org\/?p=23376","title":{"rendered":"Conversatorio: protocolo sobre violencia laboral y de g\u00e9nero para ATE"},"content":{"rendered":"<p><img loading=\"lazy\" decoding=\"async\" class=\" wp-image-23378 alignleft\" src=\"https:\/\/atecordoba.org\/wp-content\/uploads\/2020\/11\/WhatsApp-Image-2020-11-26-at-13.45.31-300x300.jpeg\" alt=\"\" width=\"420\" height=\"420\" srcset=\"https:\/\/atecordoba.org\/wp-content\/uploads\/2020\/11\/WhatsApp-Image-2020-11-26-at-13.45.31-300x300.jpeg 300w, https:\/\/atecordoba.org\/wp-content\/uploads\/2020\/11\/WhatsApp-Image-2020-11-26-at-13.45.31-1024x1024.jpeg 1024w, https:\/\/atecordoba.org\/wp-content\/uploads\/2020\/11\/WhatsApp-Image-2020-11-26-at-13.45.31-150x150.jpeg 150w, https:\/\/atecordoba.org\/wp-content\/uploads\/2020\/11\/WhatsApp-Image-2020-11-26-at-13.45.31-768x768.jpeg 768w, https:\/\/atecordoba.org\/wp-content\/uploads\/2020\/11\/WhatsApp-Image-2020-11-26-at-13.45.31-560x560.jpeg 560w, https:\/\/atecordoba.org\/wp-content\/uploads\/2020\/11\/WhatsApp-Image-2020-11-26-at-13.45.31-75x75.jpeg 75w, https:\/\/atecordoba.org\/wp-content\/uploads\/2020\/11\/WhatsApp-Image-2020-11-26-at-13.45.31-750x750.jpeg 750w, https:\/\/atecordoba.org\/wp-content\/uploads\/2020\/11\/WhatsApp-Image-2020-11-26-at-13.45.31.jpeg 1080w\" sizes=\"auto, (max-width: 420px) 100vw, 420px\" \/>El pr\u00f3ximo lunes 30 de noviembre el Consejo Directivo Provincial realizar\u00e1 un conversatorio virtual, organizado por el Departamento de G\u00e9neros y Diversidades, titulado &#8220;Protocolo como herramienta para la prevenci\u00f3n y atenci\u00f3n de la violencia de g\u00e9nero en \u00e1mbito laboral y sindical&#8221;.<\/p>\n<p>La actividad, que se desarrollar\u00e1 entre 17 y 19 horas, contar\u00e1 con las expositoras Silvia Le\u00f3n, secretaria de G\u00e9nero CTA-A Nacional, Clarisa Gambera, directora del Departamento de G\u00e9nero y Diversidad ATE Nacional, Lorena Almir\u00f3n, secretaria General de ATE Rosario, y Mar\u00eda Sotti (Secretaria de Actas y Directora del Departamento de<br \/>\nG\u00e9neros y Diversidades ATE C\u00f3rdoba.<\/p>\n<p>El conversatorio contar\u00e1 con la coordinaci\u00f3n de Gabriela Alcoba, secretaria Pro Administrativa y Directora del Departamento de G\u00e9neros y Diversidades ATE C\u00f3rdoba y Liliana Leyes, secretaria de Organizaci\u00f3n y miembro de DEGEN ATE Rosario.<\/p>\n<p>Seg\u00fan explic\u00f3 Sotti, la actividad apunta a &#8220;dialogar sobre la importancia de contar con un protocolo sobre violencia de g\u00e9nero, sindical y laboral. Tenemos uno a nivel CTAA nacional, que es un faro para algunas intervenciones, pero como ATE no cuenta con una herramienta de este tipo, el CDP de ATE C\u00f3rdoba pretende avanzar con un debate que comenz\u00f3 el a\u00f1o pasado&#8221;.<\/p>\n<p>Como integrante del CDP, Sotti prosigui\u00f3 relatando que &#8220;con un grupo de compa\u00f1eras y compa\u00f1eros, donde confluyen distintas vertientes pol\u00edticas dentro de ATE, coincidimos en un primer borrador de protocolo y ahora estamos en condiciones para que ese borrador pueda ser sometido a consideraci\u00f3n de la conducci\u00f3n provincial, para que se apruebe en el pr\u00f3ximo congreso provincial. De esta forma el protocolo comenzar\u00eda regir para el \u00e1mbito de C\u00f3rdoba&#8221;.<\/p>\n<p>Y concluy\u00f3: &#8220;la idea del conversatorio es que puedan estar las experiencias que comenzaron a realizarse a nivel nacional, a partir del aporte de Clarisa Gambera, directora del Departamento de G\u00e9nero y Diversidad ATE Nacional. A su vez, las compa\u00f1eras de Rosario aportar\u00e1n su caso ya que fueron las que comenzaron a dar los primeros pasos en esta materia&#8221;.<\/p>\n","protected":false},"excerpt":{"rendered":"<p>El pr\u00f3ximo lunes 30 de noviembre el Consejo Directivo Provincial realizar\u00e1 un conversatorio virtual, organizado por el Departamento de G\u00e9neros y Diversidades, titulado &#8220;Protocolo como herramienta para la prevenci\u00f3n y atenci\u00f3n de la violencia de g\u00e9nero en \u00e1mbito laboral y sindical&#8221;. La actividad, que se desarrollar\u00e1 entre 17 y 19 horas, contar\u00e1 con las expositoras [&hellip;]<\/p>\n","protected":false},"author":7,"featured_media":23349,"comment_status":"open","ping_status":"open","sticky":true,"template":"","format":"standard","meta":{"_exactmetrics_skip_tracking":false,"_exactmetrics_sitenote_active":false,"_exactmetrics_sitenote_note":"","_exactmetrics_sitenote_category":0,"jnews-multi-image_gallery":[],"jnews_single_post":{"source_name":"","source_url":"","via_name":"","via_url":"","override_template":"0","override":[{"template":"1","single_blog_custom":"","parallax":"1","fullscreen":"0","layout":"right-sidebar","sidebar":"default-sidebar","second_sidebar":"default-sidebar","sticky_sidebar":"1","share_position":"top","share_float_style":"share-monocrhome","show_share_counter":"1","show_view_counter":"1","show_featured":"1","show_post_meta":"1","show_post_author":"1","show_post_author_image":"1","show_post_date":"1","post_date_format":"default","post_date_format_custom":"Y\/m\/d","show_post_category":"1","show_post_reading_time":"0","post_reading_time_wpm":"300","show_zoom_button":"0","zoom_button_out_step":"2","zoom_button_in_step":"3","show_post_tag":"1","show_prev_next_post":"1","show_popup_post":"1","number_popup_post":"1","show_author_box":"0","show_post_related":"0","show_inline_post_related":"0"}],"override_image_size":"0","image_override":[{"single_post_thumbnail_size":"crop-500","single_post_gallery_size":"crop-500"}],"trending_post":"0","trending_post_position":"meta","trending_post_label":"Trending","sponsored_post":"0","sponsored_post_label":"Sponsored by","sponsored_post_name":"","sponsored_post_url":"","sponsored_post_logo_enable":"0","sponsored_post_logo":"","sponsored_post_desc":""},"jnews_primary_category":{"id":""},"jnews_social_meta":{"fb_title":"","fb_description":"","fb_image":"","twitter_title":"","twitter_description":"","twitter_image":""},"jnews_review":[],"enable_review":"0","type":"percentage","name":"","summary":"","brand":"","sku":"","good":[{"good_text":""}],"bad":[{"bad_text":""}],"score_override":"","override_value":"","rating":[{"rating_text":"","rating_number":"10"}],"price":[{"shop":"","price":"","link":"","icon":""}],"jnews_override_counter":{"override_view_counter":"0","view_counter_number":"0","override_share_counter":"0","share_counter_number":"0","override_like_counter":"0","like_counter_number":"0","override_dislike_counter":"0","dislike_counter_number":"0"},"jnews_post_split":{"enable_post_split":"0","post_split":[{"template":"1","tag":"h2","numbering":"asc","mode":"normal"}]},"footnotes":""},"categories":[325],"tags":[711],"class_list":["post-23376","post","type-post","status-publish","format-standard","has-post-thumbnail","hentry","category-generos-y-diversidades","tag-protocolo-sobre-violencia-de-genero-y-laboral-en-ate"],"jetpack_featured_media_url":"https:\/\/atecordoba.org\/wp-content\/uploads\/2020\/11\/logo-diverso.jpeg","_links":{"self":[{"href":"https:\/\/atecordoba.org\/index.php?rest_route=\/wp\/v2\/posts\/23376","targetHints":{"allow":["GET"]}}],"collection":[{"href":"https:\/\/atecordoba.org\/index.php?rest_route=\/wp\/v2\/posts"}],"about":[{"href":"https:\/\/atecordoba.org\/index.php?rest_route=\/wp\/v2\/types\/post"}],"author":[{"embeddable":true,"href":"https:\/\/atecordoba.org\/index.php?rest_route=\/wp\/v2\/users\/7"}],"replies":[{"embeddable":true,"href":"https:\/\/atecordoba.org\/index.php?rest_route=%2Fwp%2Fv2%2Fcomments&post=23376"}],"version-history":[{"count":2,"href":"https:\/\/atecordoba.org\/index.php?rest_route=\/wp\/v2\/posts\/23376\/revisions"}],"predecessor-version":[{"id":23379,"href":"https:\/\/atecordoba.org\/index.php?rest_route=\/wp\/v2\/posts\/23376\/revisions\/23379"}],"wp:featuredmedia":[{"embeddable":true,"href":"https:\/\/atecordoba.org\/index.php?rest_route=\/wp\/v2\/media\/23349"}],"wp:attachment":[{"href":"https:\/\/atecordoba.org\/index.php?rest_route=%2Fwp%2Fv2%2Fmedia&parent=23376"}],"wp:term":[{"taxonomy":"category","embeddable":true,"href":"https:\/\/atecordoba.org\/index.php?rest_route=%2Fwp%2Fv2%2Fcategories&post=23376"},{"taxonomy":"post_tag","embeddable":true,"href":"https:\/\/atecordoba.org\/index.php?rest_route=%2Fwp%2Fv2%2Ftags&post=23376"}],"curies":[{"name":"wp","href":"https:\/\/api.w.org\/{rel}","templated":true}]}}