{"id":23347,"date":"2020-11-25T09:18:56","date_gmt":"2020-11-25T12:18:56","guid":{"rendered":"https:\/\/atecordoba.org\/?p=23347"},"modified":"2020-11-25T09:18:56","modified_gmt":"2020-11-25T12:18:56","slug":"cosquin-ate-reclama-la-inmediata-reincorporacion-de-una-trabajadora-despedida-en-periodo-de-lactancia","status":"publish","type":"post","link":"https:\/\/atecordoba.org\/?p=23347","title":{"rendered":"Cosqu\u00edn: ATE reclama la inmediata reincorporaci\u00f3n de una trabajadora despedida en periodo de lactancia"},"content":{"rendered":"<p><img loading=\"lazy\" decoding=\"async\" class=\" wp-image-23348 alignleft\" src=\"https:\/\/atecordoba.org\/wp-content\/uploads\/2020\/11\/cosquin-300x225.jpg\" alt=\"\" width=\"513\" height=\"385\" srcset=\"https:\/\/atecordoba.org\/wp-content\/uploads\/2020\/11\/cosquin-300x225.jpg 300w, https:\/\/atecordoba.org\/wp-content\/uploads\/2020\/11\/cosquin-768x575.jpg 768w, https:\/\/atecordoba.org\/wp-content\/uploads\/2020\/11\/cosquin-750x562.jpg 750w, https:\/\/atecordoba.org\/wp-content\/uploads\/2020\/11\/cosquin.jpg 999w\" sizes=\"auto, (max-width: 513px) 100vw, 513px\" \/>El Departamento de G\u00e9neros y Diversidades del Consejo Directivo Provincial C\u00f3rdoba, manifest\u00f3 su repudio ante el despido arbitrario y sin causa de una trabajadora municipal, madre de tres hijos, uno de ellos con discapacidad y estando periodo de lactancia de su \u00faltimo hijo.<\/p>\n<p>El hecho sucedido luego de reincorporarse tras transitar un embarazo de riesgo que oblig\u00f3 a la compa\u00f1era a someterse a un tratamiento m\u00e9dico para su recuperaci\u00f3n.<\/p>\n<p>La decisi\u00f3n compulsiva y carente de atino legal y \u00e9tico por parte del ejecutivo municipal, que encabeza el intendente Gabriel Musso, afecta a una trabajadora con 7 a\u00f1os de antig\u00fcedad.<\/p>\n<p>La gesti\u00f3n de Musso arrastra un historial de arbitrariedades y hostigamiento hacia los trabajadores y trabajadoras del Municipio de Cosqu\u00edn, <a href=\"https:\/\/atecordoba.org\/?p=22877\">ya denunciadas por la Seccional ATE Cruz del Eje<\/a> con presentaciones y comunicados de prensa y ahora culmina con este despido de una afiliada de ATE.<\/p>\n<p>El Departamento de G\u00e9neros y Diversidades de ATE C\u00f3rdoba exige la inmediata reincorporaci\u00f3n de la trabajadora en cuesti\u00f3n, cuyo despido es el resultado de una sucesi\u00f3n de arbitrariedades y violaci\u00f3n de los derechos fundamentales del trabajo que la compa\u00f1era despedida tuvo que soportar por parte de funcionarios de distinto rango del municipio y produci\u00e9ndose en un contexto critico de pandemia.<img loading=\"lazy\" decoding=\"async\" class=\" wp-image-22884 alignright\" src=\"https:\/\/atecordoba.org\/wp-content\/uploads\/2020\/11\/luisma-169x300.jpg\" alt=\"\" width=\"304\" height=\"540\" srcset=\"https:\/\/atecordoba.org\/wp-content\/uploads\/2020\/11\/luisma-169x300.jpg 169w, https:\/\/atecordoba.org\/wp-content\/uploads\/2020\/11\/luisma-576x1024.jpg 576w, https:\/\/atecordoba.org\/wp-content\/uploads\/2020\/11\/luisma-768x1365.jpg 768w, https:\/\/atecordoba.org\/wp-content\/uploads\/2020\/11\/luisma-864x1536.jpg 864w, https:\/\/atecordoba.org\/wp-content\/uploads\/2020\/11\/luisma-750x1333.jpg 750w, https:\/\/atecordoba.org\/wp-content\/uploads\/2020\/11\/luisma-1140x2027.jpg 1140w, https:\/\/atecordoba.org\/wp-content\/uploads\/2020\/11\/luisma.jpg 1152w\" sizes=\"auto, (max-width: 304px) 100vw, 304px\" \/><\/p>\n<p>El hostigamiento para desempe\u00f1ar funciones que no eran de su competencia, el traslado compulsivo a otra \u00e1rea sin los elementos de trabajo correspondiente al puesto, el recorte salarial por encontrarse con un embarazo de riesgo en medio del aislamiento social preventivo y obligatorio (ASPO), los cambios de horarios de trabajo desconociendo el periodo de lactancia en la que se encuentra la trabajadora, son todas faltas graves que se tipifican como violencia laboral seg\u00fan lo establecido por la Oficina de Atenci\u00f3n a la Violencia Laboral (OAVL) del Ministerio de Trabajo, Empleo y Seguridad de la Naci\u00f3n.<\/p>\n<p>Adem\u00e1s, la desvinculaci\u00f3n de la trabajadora por parte del ejecutivo municipal se realiza sin causa y de forma repentina, arbitraria y absolutamente discriminatoria de su g\u00e9nero dado que la baja de su contrato se produce cuando ella vuelve de su licencia por maternidad y se encuentra en periodo de lactancia.<\/p>\n<p>El accionar municipal es violatorio del decreto presidencial 761\/2020 &#8211; Prohibici\u00f3n de\u00a0despidos y\u00a0suspensiones. Pr\u00f3rroga, que establece hasta el 30 de noviembre los despidos y suspensiones en el marco del pandemia del COVID-19.<\/p>\n<p>Se torna inadmisible y condenable el accionar del intendente Musso, contrario a los derechos fundamentales de los trabajadores y las trabajadoras y carente de perspectiva de g\u00e9nero en las decisiones que toma.<\/p>\n<p><img loading=\"lazy\" decoding=\"async\" class=\"size-medium wp-image-23349 alignleft\" src=\"https:\/\/atecordoba.org\/wp-content\/uploads\/2020\/11\/logo-diverso-300x300.jpeg\" alt=\"\" width=\"300\" height=\"300\" srcset=\"https:\/\/atecordoba.org\/wp-content\/uploads\/2020\/11\/logo-diverso-300x300.jpeg 300w, https:\/\/atecordoba.org\/wp-content\/uploads\/2020\/11\/logo-diverso-150x150.jpeg 150w, https:\/\/atecordoba.org\/wp-content\/uploads\/2020\/11\/logo-diverso-560x560.jpeg 560w, https:\/\/atecordoba.org\/wp-content\/uploads\/2020\/11\/logo-diverso-75x75.jpeg 75w, https:\/\/atecordoba.org\/wp-content\/uploads\/2020\/11\/logo-diverso.jpeg 640w\" sizes=\"auto, (max-width: 300px) 100vw, 300px\" \/>Las acciones cometidas por el ejecutivo municipal se encuadran en la Ley 26.485 de Protecci\u00f3n Integral Contra Toda Forma De Violencia Hacia las Mujeres, que en su art. 6 inciso c) reconoce a la violencia laboral \u201ccomo aquella que discrimina a las mujeres en los \u00e1mbitos de trabajo p\u00fablicos o privados y que obstaculiza su acceso al empleo, contrataci\u00f3n, ascenso, estabilidad o permanencia en el mismo, exigiendo requisitos sobre estado civil, maternidad, edad, apariencia f\u00edsica o la realizaci\u00f3n de test de embarazo. Constituye tambi\u00e9n violencia contra las mujeres en el \u00e1mbito laboral quebrantar el derecho de igual remuneraci\u00f3n por igual tarea o funci\u00f3n\u201d.<\/p>\n<p>&nbsp;<\/p>\n<p>La norma incluye el hostigamiento psicol\u00f3gico en forma sistem\u00e1tica sobre una determinada trabajadora con el fin de lograr su exclusi\u00f3n laboral. Lo actuado por Musso y su gesti\u00f3n es violatorio tambi\u00e9n de lo establecido en la legislaci\u00f3n nacional ya que es contrario al Convenio 190 de la OIT, ratificado el pasado mi\u00e9rcoles 11 de noviembre por el Congreso Nacional, que reconoce la violencia o acoso en el mundo de trabajo dado que afectan a la salud psicol\u00f3gica, f\u00edsica y sexual de las personas, a su dignidad, y a su entorno familiar y social.<\/p>\n","protected":false},"excerpt":{"rendered":"<p>El Departamento de G\u00e9neros y Diversidades del Consejo Directivo Provincial C\u00f3rdoba, manifest\u00f3 su repudio ante el despido arbitrario y sin causa de una trabajadora municipal, madre de tres hijos, uno de ellos con discapacidad y estando periodo de lactancia de su \u00faltimo hijo. El hecho sucedido luego de reincorporarse tras transitar un embarazo de riesgo [&hellip;]<\/p>\n","protected":false},"author":7,"featured_media":23349,"comment_status":"open","ping_status":"open","sticky":true,"template":"","format":"standard","meta":{"_exactmetrics_skip_tracking":false,"_exactmetrics_sitenote_active":false,"_exactmetrics_sitenote_note":"","_exactmetrics_sitenote_category":0,"jnews-multi-image_gallery":[],"jnews_single_post":{"source_name":"","source_url":"","via_name":"","via_url":"","override_template":"0","override":[{"template":"1","single_blog_custom":"","parallax":"1","fullscreen":"0","layout":"right-sidebar","sidebar":"default-sidebar","second_sidebar":"default-sidebar","sticky_sidebar":"1","share_position":"top","share_float_style":"share-monocrhome","show_share_counter":"1","show_view_counter":"1","show_featured":"1","show_post_meta":"1","show_post_author":"1","show_post_author_image":"1","show_post_date":"1","post_date_format":"default","post_date_format_custom":"Y\/m\/d","show_post_category":"1","show_post_reading_time":"0","post_reading_time_wpm":"300","show_zoom_button":"0","zoom_button_out_step":"2","zoom_button_in_step":"3","show_post_tag":"1","show_prev_next_post":"1","show_popup_post":"1","number_popup_post":"1","show_author_box":"0","show_post_related":"0","show_inline_post_related":"0"}],"override_image_size":"0","image_override":[{"single_post_thumbnail_size":"crop-500","single_post_gallery_size":"crop-500"}],"trending_post":"0","trending_post_position":"meta","trending_post_label":"Trending","sponsored_post":"0","sponsored_post_label":"Sponsored by","sponsored_post_name":"","sponsored_post_url":"","sponsored_post_logo_enable":"0","sponsored_post_logo":"","sponsored_post_desc":""},"jnews_primary_category":{"id":""},"jnews_social_meta":{"fb_title":"","fb_description":"","fb_image":"","twitter_title":"","twitter_description":"","twitter_image":""},"jnews_review":[],"enable_review":"0","type":"percentage","name":"","summary":"","brand":"","sku":"","good":[{"good_text":""}],"bad":[{"bad_text":""}],"score_override":"","override_value":"","rating":[{"rating_text":"","rating_number":"10"}],"price":[{"shop":"","price":"","link":"","icon":""}],"jnews_override_counter":{"override_view_counter":"0","view_counter_number":"0","override_share_counter":"0","share_counter_number":"0","override_like_counter":"0","like_counter_number":"0","override_dislike_counter":"0","dislike_counter_number":"0"},"jnews_post_split":{"enable_post_split":"0","post_split":[{"template":"1","tag":"h2","numbering":"asc","mode":"normal"}]},"footnotes":""},"categories":[325,20],"tags":[502],"class_list":["post-23347","post","type-post","status-publish","format-standard","has-post-thumbnail","hentry","category-generos-y-diversidades","category-municipales","tag-cosquin"],"jetpack_featured_media_url":"https:\/\/atecordoba.org\/wp-content\/uploads\/2020\/11\/logo-diverso.jpeg","_links":{"self":[{"href":"https:\/\/atecordoba.org\/index.php?rest_route=\/wp\/v2\/posts\/23347","targetHints":{"allow":["GET"]}}],"collection":[{"href":"https:\/\/atecordoba.org\/index.php?rest_route=\/wp\/v2\/posts"}],"about":[{"href":"https:\/\/atecordoba.org\/index.php?rest_route=\/wp\/v2\/types\/post"}],"author":[{"embeddable":true,"href":"https:\/\/atecordoba.org\/index.php?rest_route=\/wp\/v2\/users\/7"}],"replies":[{"embeddable":true,"href":"https:\/\/atecordoba.org\/index.php?rest_route=%2Fwp%2Fv2%2Fcomments&post=23347"}],"version-history":[{"count":1,"href":"https:\/\/atecordoba.org\/index.php?rest_route=\/wp\/v2\/posts\/23347\/revisions"}],"predecessor-version":[{"id":23350,"href":"https:\/\/atecordoba.org\/index.php?rest_route=\/wp\/v2\/posts\/23347\/revisions\/23350"}],"wp:featuredmedia":[{"embeddable":true,"href":"https:\/\/atecordoba.org\/index.php?rest_route=\/wp\/v2\/media\/23349"}],"wp:attachment":[{"href":"https:\/\/atecordoba.org\/index.php?rest_route=%2Fwp%2Fv2%2Fmedia&parent=23347"}],"wp:term":[{"taxonomy":"category","embeddable":true,"href":"https:\/\/atecordoba.org\/index.php?rest_route=%2Fwp%2Fv2%2Fcategories&post=23347"},{"taxonomy":"post_tag","embeddable":true,"href":"https:\/\/atecordoba.org\/index.php?rest_route=%2Fwp%2Fv2%2Ftags&post=23347"}],"curies":[{"name":"wp","href":"https:\/\/api.w.org\/{rel}","templated":true}]}}