{"id":23337,"date":"2020-11-24T11:19:28","date_gmt":"2020-11-24T14:19:28","guid":{"rendered":"https:\/\/atecordoba.org\/?p=23337"},"modified":"2020-11-24T11:19:28","modified_gmt":"2020-11-24T14:19:28","slug":"ate-acuerda-10-de-aumento-para-noviembre-y-cierra-la-paritaria-en-31-para-el-2020-en-las-albahacas","status":"publish","type":"post","link":"https:\/\/atecordoba.org\/?p=23337","title":{"rendered":"ATE acuerda 10% de aumento para noviembre y cierra la paritaria en 31% para el 2020 en Las Albahacas"},"content":{"rendered":"<figure id=\"attachment_23338\" aria-describedby=\"caption-attachment-23338\" style=\"width: 600px\" class=\"wp-caption aligncenter\"><img loading=\"lazy\" decoding=\"async\" class=\"wp-image-23338\" src=\"https:\/\/atecordoba.org\/wp-content\/uploads\/2020\/11\/FB_IMG_1606203428322-300x225.jpg\" alt=\"\" width=\"600\" height=\"450\" srcset=\"https:\/\/atecordoba.org\/wp-content\/uploads\/2020\/11\/FB_IMG_1606203428322-300x225.jpg 300w, https:\/\/atecordoba.org\/wp-content\/uploads\/2020\/11\/FB_IMG_1606203428322-1024x768.jpg 1024w, https:\/\/atecordoba.org\/wp-content\/uploads\/2020\/11\/FB_IMG_1606203428322-768x576.jpg 768w, https:\/\/atecordoba.org\/wp-content\/uploads\/2020\/11\/FB_IMG_1606203428322-750x563.jpg 750w, https:\/\/atecordoba.org\/wp-content\/uploads\/2020\/11\/FB_IMG_1606203428322.jpg 1080w\" sizes=\"auto, (max-width: 600px) 100vw, 600px\" \/><figcaption id=\"caption-attachment-23338\" class=\"wp-caption-text\">Trabajadores del Corral\u00f3n Municipal de Las Albahacas.<\/figcaption><\/figure>\n<p>El jueves 19 de noviembre la seccional ATE R\u00edo Cuarto celebr\u00f3 un acuerdo con la comuna de La Albahacas que implica un 10% de aumento para las y los municipales de la localidad.<\/p>\n<p>De esta forma, las y los trabajadores alcanzar\u00e1n una recomposici\u00f3n anual del 31% para el 2020, aun aguardando que se suma una bonificaci\u00f3n extra para fin de a\u00f1o.<\/p>\n<p>Posteriormente, se realiz\u00f3 una asamblea en el Corral\u00f3n Municipal, donde los compa\u00f1eros dieron plena aprobaci\u00f3n a los actuado.<\/p>\n<p>&#8220;Tambi\u00e9n se charl\u00f3 con los compa\u00f1eros en la asamblea sobre el estatuto municipal de la localidad, porque muchos no lo conocen. Entre los temas conversados con la autoridad municipal est\u00e1 la entrega de muda de ropa de trabajo y material de protecci\u00f3n personal para las y los compa\u00f1eros&#8221;, explic\u00f3 el secretario Gremial de ATE R\u00edo Cuarto, Pablo Irusta.<\/p>\n<p>El dirigente agreg\u00f3 que se solicit\u00f3 el pago del \u00edtem por insalubridad que las y los trabajadores no lo est\u00e1n cobrando en la actualidad. &#8220;Vamos en camino de cerrar as\u00ed la paritaria anual, que est\u00e1 significando un claro avance para las y los afiliados de ATE&#8221;, concluy\u00f3 el dirigente.<\/p>\n","protected":false},"excerpt":{"rendered":"<p>El jueves 19 de noviembre la seccional ATE R\u00edo Cuarto celebr\u00f3 un acuerdo con la comuna de La Albahacas que implica un 10% de aumento para las y los municipales de la localidad. De esta forma, las y los trabajadores alcanzar\u00e1n una recomposici\u00f3n anual del 31% para el 2020, aun aguardando que se suma una [&hellip;]<\/p>\n","protected":false},"author":7,"featured_media":23338,"comment_status":"open","ping_status":"open","sticky":true,"template":"","format":"standard","meta":{"_exactmetrics_skip_tracking":false,"_exactmetrics_sitenote_active":false,"_exactmetrics_sitenote_note":"","_exactmetrics_sitenote_category":0,"jnews-multi-image_gallery":[],"jnews_single_post":{"source_name":"","source_url":"","via_name":"","via_url":"","override_template":"0","override":[{"template":"1","single_blog_custom":"","parallax":"1","fullscreen":"0","layout":"right-sidebar","sidebar":"default-sidebar","second_sidebar":"default-sidebar","sticky_sidebar":"1","share_position":"top","share_float_style":"share-monocrhome","show_share_counter":"1","show_view_counter":"1","show_featured":"1","show_post_meta":"1","show_post_author":"1","show_post_author_image":"1","show_post_date":"1","post_date_format":"default","post_date_format_custom":"Y\/m\/d","show_post_category":"1","show_post_reading_time":"0","post_reading_time_wpm":"300","show_zoom_button":"0","zoom_button_out_step":"2","zoom_button_in_step":"3","show_post_tag":"1","show_prev_next_post":"1","show_popup_post":"1","number_popup_post":"1","show_author_box":"0","show_post_related":"0","show_inline_post_related":"0"}],"override_image_size":"0","image_override":[{"single_post_thumbnail_size":"crop-500","single_post_gallery_size":"crop-500"}],"trending_post":"0","trending_post_position":"meta","trending_post_label":"Trending","sponsored_post":"0","sponsored_post_label":"Sponsored by","sponsored_post_name":"","sponsored_post_url":"","sponsored_post_logo_enable":"0","sponsored_post_logo":"","sponsored_post_desc":""},"jnews_primary_category":{"id":""},"jnews_social_meta":{"fb_title":"","fb_description":"","fb_image":"","twitter_title":"","twitter_description":"","twitter_image":""},"jnews_review":[],"enable_review":"0","type":"percentage","name":"","summary":"","brand":"","sku":"","good":[{"good_text":""}],"bad":[{"bad_text":""}],"score_override":"","override_value":"","rating":[{"rating_text":"","rating_number":"10"}],"price":[{"shop":"","price":"","link":"","icon":""}],"jnews_override_counter":{"override_view_counter":"0","view_counter_number":"0","override_share_counter":"0","share_counter_number":"0","override_like_counter":"0","like_counter_number":"0","override_dislike_counter":"0","dislike_counter_number":"0"},"jnews_post_split":{"enable_post_split":"0","post_split":[{"template":"1","tag":"h2","numbering":"asc","mode":"normal"}]},"footnotes":""},"categories":[20,12],"tags":[707],"class_list":["post-23337","post","type-post","status-publish","format-standard","has-post-thumbnail","hentry","category-municipales","category-rio-cuarto","tag-las-albahacas"],"jetpack_featured_media_url":"https:\/\/atecordoba.org\/wp-content\/uploads\/2020\/11\/FB_IMG_1606203428322.jpg","_links":{"self":[{"href":"https:\/\/atecordoba.org\/index.php?rest_route=\/wp\/v2\/posts\/23337","targetHints":{"allow":["GET"]}}],"collection":[{"href":"https:\/\/atecordoba.org\/index.php?rest_route=\/wp\/v2\/posts"}],"about":[{"href":"https:\/\/atecordoba.org\/index.php?rest_route=\/wp\/v2\/types\/post"}],"author":[{"embeddable":true,"href":"https:\/\/atecordoba.org\/index.php?rest_route=\/wp\/v2\/users\/7"}],"replies":[{"embeddable":true,"href":"https:\/\/atecordoba.org\/index.php?rest_route=%2Fwp%2Fv2%2Fcomments&post=23337"}],"version-history":[{"count":1,"href":"https:\/\/atecordoba.org\/index.php?rest_route=\/wp\/v2\/posts\/23337\/revisions"}],"predecessor-version":[{"id":23339,"href":"https:\/\/atecordoba.org\/index.php?rest_route=\/wp\/v2\/posts\/23337\/revisions\/23339"}],"wp:featuredmedia":[{"embeddable":true,"href":"https:\/\/atecordoba.org\/index.php?rest_route=\/wp\/v2\/media\/23338"}],"wp:attachment":[{"href":"https:\/\/atecordoba.org\/index.php?rest_route=%2Fwp%2Fv2%2Fmedia&parent=23337"}],"wp:term":[{"taxonomy":"category","embeddable":true,"href":"https:\/\/atecordoba.org\/index.php?rest_route=%2Fwp%2Fv2%2Fcategories&post=23337"},{"taxonomy":"post_tag","embeddable":true,"href":"https:\/\/atecordoba.org\/index.php?rest_route=%2Fwp%2Fv2%2Ftags&post=23337"}],"curies":[{"name":"wp","href":"https:\/\/api.w.org\/{rel}","templated":true}]}}