{"id":23332,"date":"2020-11-24T09:56:41","date_gmt":"2020-11-24T12:56:41","guid":{"rendered":"https:\/\/atecordoba.org\/?p=23332"},"modified":"2020-11-24T10:17:30","modified_gmt":"2020-11-24T13:17:30","slug":"ate-alcanzo-un-acuerdo-salarial-del-32-7-en-devoto","status":"publish","type":"post","link":"https:\/\/atecordoba.org\/?p=23332","title":{"rendered":"ATE alcanz\u00f3 un acuerdo salarial del 32.7 % en Devoto"},"content":{"rendered":"<p><img loading=\"lazy\" decoding=\"async\" class=\" wp-image-23333 aligncenter\" src=\"https:\/\/atecordoba.org\/wp-content\/uploads\/2020\/11\/devoto_san-francisco_-reuinion-con-el-intendente-300x156.jpg\" alt=\"\" width=\"600\" height=\"312\" srcset=\"https:\/\/atecordoba.org\/wp-content\/uploads\/2020\/11\/devoto_san-francisco_-reuinion-con-el-intendente-300x156.jpg 300w, https:\/\/atecordoba.org\/wp-content\/uploads\/2020\/11\/devoto_san-francisco_-reuinion-con-el-intendente-768x400.jpg 768w, https:\/\/atecordoba.org\/wp-content\/uploads\/2020\/11\/devoto_san-francisco_-reuinion-con-el-intendente-750x391.jpg 750w, https:\/\/atecordoba.org\/wp-content\/uploads\/2020\/11\/devoto_san-francisco_-reuinion-con-el-intendente.jpg 960w\" sizes=\"auto, (max-width: 600px) 100vw, 600px\" \/>La delegaci\u00f3n Ate San Francisco mantuvo el viernes pasado, 20 de noviembre, una audiencia con el intendente de la Municipalidad de Devoto, Adri\u00e1n Rinero, y los secretarios de Gobierno, David Sereno, y de Econom\u00eda, Christian Zucchero, donde se acord\u00f3\u00a0una recomposici\u00f3n salarial del 32,7 % acumulativo para el 2020, que recibir\u00e1n los municipales de la localidad.<\/p>\n<p>En representaci\u00f3n de ATE estuvieron presentes las y los compa\u00f1eros Gladys Medina, Cristian Gudi\u00f1o y Mateo Carrizo, que acordaron tambi\u00e9n iniciar el proceso de regularizaci\u00f3n del plantel precarizado, con el pase a planta progresivo de las y los contratados, as\u00ed como el pase a contrato del personal que sufre otras figuras fuera de la normativa vigente.<\/p>\n<p>Por \u00faltimo, la delegaci\u00f3n de ATE logr\u00f3 que para estas pr\u00f3ximas fiestas la municipalidad haga entrega del Bols\u00f3n Navide\u00f1o, para todos los empleados y empleadas, m\u00e1s all\u00e1 de su condici\u00f3n contractual.<\/p>\n<p>De esta forma, ATE contin\u00faa consolidando su crecimiento organizativo en el sector municipal el Departamento San Justo.<\/p>\n","protected":false},"excerpt":{"rendered":"<p>La delegaci\u00f3n Ate San Francisco mantuvo el viernes pasado, 20 de noviembre, una audiencia con el intendente de la Municipalidad de Devoto, Adri\u00e1n Rinero, y los secretarios de Gobierno, David Sereno, y de Econom\u00eda, Christian Zucchero, donde se acord\u00f3\u00a0una recomposici\u00f3n salarial del 32,7 % acumulativo para el 2020, que recibir\u00e1n los municipales de la localidad. [&hellip;]<\/p>\n","protected":false},"author":7,"featured_media":23333,"comment_status":"open","ping_status":"open","sticky":true,"template":"","format":"standard","meta":{"_exactmetrics_skip_tracking":false,"_exactmetrics_sitenote_active":false,"_exactmetrics_sitenote_note":"","_exactmetrics_sitenote_category":0,"jnews-multi-image_gallery":[],"jnews_single_post":{"source_name":"","source_url":"","via_name":"","via_url":"","override_template":"0","override":[{"template":"1","single_blog_custom":"","parallax":"1","fullscreen":"0","layout":"right-sidebar","sidebar":"default-sidebar","second_sidebar":"default-sidebar","sticky_sidebar":"1","share_position":"top","share_float_style":"share-monocrhome","show_share_counter":"1","show_view_counter":"1","show_featured":"1","show_post_meta":"1","show_post_author":"1","show_post_author_image":"1","show_post_date":"1","post_date_format":"default","post_date_format_custom":"Y\/m\/d","show_post_category":"1","show_post_reading_time":"0","post_reading_time_wpm":"300","show_zoom_button":"0","zoom_button_out_step":"2","zoom_button_in_step":"3","show_post_tag":"1","show_prev_next_post":"1","show_popup_post":"1","number_popup_post":"1","show_author_box":"0","show_post_related":"0","show_inline_post_related":"0"}],"override_image_size":"0","image_override":[{"single_post_thumbnail_size":"crop-500","single_post_gallery_size":"crop-500"}],"trending_post":"0","trending_post_position":"meta","trending_post_label":"Trending","sponsored_post":"0","sponsored_post_label":"Sponsored by","sponsored_post_name":"","sponsored_post_url":"","sponsored_post_logo_enable":"0","sponsored_post_logo":"","sponsored_post_desc":""},"jnews_primary_category":{"id":""},"jnews_social_meta":{"fb_title":"","fb_description":"","fb_image":"","twitter_title":"","twitter_description":"","twitter_image":""},"jnews_review":[],"enable_review":"0","type":"percentage","name":"","summary":"","brand":"","sku":"","good":[{"good_text":""}],"bad":[{"bad_text":""}],"score_override":"","override_value":"","rating":[{"rating_text":"","rating_number":"10"}],"price":[{"shop":"","price":"","link":"","icon":""}],"jnews_override_counter":{"override_view_counter":"0","view_counter_number":"0","override_share_counter":"0","share_counter_number":"0","override_like_counter":"0","like_counter_number":"0","override_dislike_counter":"0","dislike_counter_number":"0"},"jnews_post_split":{"enable_post_split":"0","post_split":[{"template":"1","tag":"h2","numbering":"asc","mode":"normal"}]},"footnotes":""},"categories":[20,148],"tags":[706,705],"class_list":["post-23332","post","type-post","status-publish","format-standard","has-post-thumbnail","hentry","category-municipales","category-san-justo","tag-departamento-san-justo","tag-devoto"],"jetpack_featured_media_url":"https:\/\/atecordoba.org\/wp-content\/uploads\/2020\/11\/devoto_san-francisco_-reuinion-con-el-intendente.jpg","_links":{"self":[{"href":"https:\/\/atecordoba.org\/index.php?rest_route=\/wp\/v2\/posts\/23332","targetHints":{"allow":["GET"]}}],"collection":[{"href":"https:\/\/atecordoba.org\/index.php?rest_route=\/wp\/v2\/posts"}],"about":[{"href":"https:\/\/atecordoba.org\/index.php?rest_route=\/wp\/v2\/types\/post"}],"author":[{"embeddable":true,"href":"https:\/\/atecordoba.org\/index.php?rest_route=\/wp\/v2\/users\/7"}],"replies":[{"embeddable":true,"href":"https:\/\/atecordoba.org\/index.php?rest_route=%2Fwp%2Fv2%2Fcomments&post=23332"}],"version-history":[{"count":2,"href":"https:\/\/atecordoba.org\/index.php?rest_route=\/wp\/v2\/posts\/23332\/revisions"}],"predecessor-version":[{"id":23335,"href":"https:\/\/atecordoba.org\/index.php?rest_route=\/wp\/v2\/posts\/23332\/revisions\/23335"}],"wp:featuredmedia":[{"embeddable":true,"href":"https:\/\/atecordoba.org\/index.php?rest_route=\/wp\/v2\/media\/23333"}],"wp:attachment":[{"href":"https:\/\/atecordoba.org\/index.php?rest_route=%2Fwp%2Fv2%2Fmedia&parent=23332"}],"wp:term":[{"taxonomy":"category","embeddable":true,"href":"https:\/\/atecordoba.org\/index.php?rest_route=%2Fwp%2Fv2%2Fcategories&post=23332"},{"taxonomy":"post_tag","embeddable":true,"href":"https:\/\/atecordoba.org\/index.php?rest_route=%2Fwp%2Fv2%2Ftags&post=23332"}],"curies":[{"name":"wp","href":"https:\/\/api.w.org\/{rel}","templated":true}]}}