{"id":23322,"date":"2020-11-24T09:08:27","date_gmt":"2020-11-24T12:08:27","guid":{"rendered":"https:\/\/atecordoba.org\/?p=23322"},"modified":"2020-11-24T10:12:48","modified_gmt":"2020-11-24T13:12:48","slug":"banco-diverso-en-ate-cordoba","status":"publish","type":"post","link":"https:\/\/atecordoba.org\/?p=23322","title":{"rendered":"Banco diverso  y rojo en ATE C\u00f3rdoba"},"content":{"rendered":"<p dir=\"ltr\"><img loading=\"lazy\" decoding=\"async\" class=\" wp-image-23324 aligncenter\" src=\"https:\/\/atecordoba.org\/wp-content\/uploads\/2020\/11\/IMG_20201123_210943_707-300x300.jpg\" alt=\"\" width=\"600\" height=\"600\" srcset=\"https:\/\/atecordoba.org\/wp-content\/uploads\/2020\/11\/IMG_20201123_210943_707-300x300.jpg 300w, https:\/\/atecordoba.org\/wp-content\/uploads\/2020\/11\/IMG_20201123_210943_707-1024x1024.jpg 1024w, https:\/\/atecordoba.org\/wp-content\/uploads\/2020\/11\/IMG_20201123_210943_707-150x150.jpg 150w, https:\/\/atecordoba.org\/wp-content\/uploads\/2020\/11\/IMG_20201123_210943_707-768x768.jpg 768w, https:\/\/atecordoba.org\/wp-content\/uploads\/2020\/11\/IMG_20201123_210943_707-560x560.jpg 560w, https:\/\/atecordoba.org\/wp-content\/uploads\/2020\/11\/IMG_20201123_210943_707-75x75.jpg 75w, https:\/\/atecordoba.org\/wp-content\/uploads\/2020\/11\/IMG_20201123_210943_707-750x750.jpg 750w, https:\/\/atecordoba.org\/wp-content\/uploads\/2020\/11\/IMG_20201123_210943_707.jpg 1080w\" sizes=\"auto, (max-width: 600px) 100vw, 600px\" \/>Desde el Departamento de G\u00e9neros y Diversidades de ATE C\u00f3rdoba tomamos la iniciativa de contar con un banco que lleve los colores de la diversidad sexual en el Hall de entrada de la sede del CDP ATE C\u00f3rdoba, siendo una acci\u00f3n de compromiso de contribuir a visibilizar los derechos del colectivo LGTTTBIQ+ en \u00e1mbito laboral y sindical.<\/p>\n<p dir=\"ltr\">El mes de noviembre es muy significativo para la diversidad sexual de nuestro pa\u00eds porque\u00a0cada primer fin de semana de noviembre se celebra el D\u00eda del Orgullo, fecha tomada desde el a\u00f1o 1997 para conmemorar la fundaci\u00f3n del colectivo Nuestro Mundo, la primera organizaci\u00f3n disidente del pa\u00eds y Latinoam\u00e9rica; y va ser el primer colectivo gay de Argentina, que en los a\u00f1os \u201870 se transform\u00f3 en el Frente de Liberaci\u00f3n Homosexual.<\/p>\n<p dir=\"ltr\"><img loading=\"lazy\" decoding=\"async\" class=\" wp-image-23323 alignright\" src=\"https:\/\/atecordoba.org\/wp-content\/uploads\/2020\/11\/IMG-20201123-WA0142-300x300.jpg\" alt=\"\" width=\"488\" height=\"488\" srcset=\"https:\/\/atecordoba.org\/wp-content\/uploads\/2020\/11\/IMG-20201123-WA0142-300x300.jpg 300w, https:\/\/atecordoba.org\/wp-content\/uploads\/2020\/11\/IMG-20201123-WA0142-1024x1024.jpg 1024w, https:\/\/atecordoba.org\/wp-content\/uploads\/2020\/11\/IMG-20201123-WA0142-150x150.jpg 150w, https:\/\/atecordoba.org\/wp-content\/uploads\/2020\/11\/IMG-20201123-WA0142-768x768.jpg 768w, https:\/\/atecordoba.org\/wp-content\/uploads\/2020\/11\/IMG-20201123-WA0142-560x560.jpg 560w, https:\/\/atecordoba.org\/wp-content\/uploads\/2020\/11\/IMG-20201123-WA0142-75x75.jpg 75w, https:\/\/atecordoba.org\/wp-content\/uploads\/2020\/11\/IMG-20201123-WA0142-750x750.jpg 750w, https:\/\/atecordoba.org\/wp-content\/uploads\/2020\/11\/IMG-20201123-WA0142.jpg 1080w\" sizes=\"auto, (max-width: 488px) 100vw, 488px\" \/>Por eso en el marco del mes del Orgullo LGTTTBIQ+, la inauguraci\u00f3n de un Banco Diverso dentro de ATE C\u00f3rdoba es un reconocimiento para todes que militan y luchan por espacios laborales y sindicales libres de violencias y homofobia. Se debe avanzar en crear espacios de tolerancia, respeto e igualdad de derechos. Por ello como conducci\u00f3n sentimos que es momento de contar con un\u00a0espacio sindical visible que simbolice y reconozca las\u00a0reivindicaciones de la diversidad sexual y la memoria hist\u00f3rica de las conquistas como la Ley del Matrimonio Igualitario y La Ley de Identidad de G\u00e9nero.<\/p>\n<p dir=\"ltr\">Tal como se expreso en el Plan de Acci\u00f3n Sindical con perspectiva de g\u00e9neros y diversidades presentado la semana pasada, es necesario avanzar sindicalmente y exigir la implementaci\u00f3n del decreto presidencial por el cupo laboral trans en la administraci\u00f3n p\u00fablica nacional, pero tambi\u00e9n para conseguir una Ley de inclusi\u00f3n laboral trans que implique el acceso a un trabajo digno tanto en el sector p\u00fablico (en todos sus niveles) como en el sector privado. De esta manera, ATE C\u00f3rdoba buscar ser una trinchera de lucha de derechos laborales y sindicales para todos, todas y todes.<\/p>\n<p dir=\"ltr\">Por tal motivo, el Departamento de G\u00e9neros y Diversidades del Consejo Directivo Provincial invitan a la inauguraci\u00f3n del banco de la diversidad que se realizar\u00e1 el pr\u00f3ximo mi\u00e9rcoles 25 de Noviembre, a las 15 horas, en la sede de ATE C\u00f3rdoba, Entre R\u00edos 450.<\/p>\n<p dir=\"ltr\">En la oportunidad, tambi\u00e9n se realizar\u00e1 la inauguraci\u00f3n del &#8216;Banco rojo&#8217;, como s\u00edmbolo de la prevenci\u00f3n, informaci\u00f3n y sensibilizaci\u00f3n sobre la violencia de g\u00e9nero.<\/p>\n","protected":false},"excerpt":{"rendered":"<p>Desde el Departamento de G\u00e9neros y Diversidades de ATE C\u00f3rdoba tomamos la iniciativa de contar con un banco que lleve los colores de la diversidad sexual en el Hall de entrada de la sede del CDP ATE C\u00f3rdoba, siendo una acci\u00f3n de compromiso de contribuir a visibilizar los derechos del colectivo LGTTTBIQ+ en \u00e1mbito laboral [&hellip;]<\/p>\n","protected":false},"author":7,"featured_media":23324,"comment_status":"open","ping_status":"open","sticky":true,"template":"","format":"standard","meta":{"_exactmetrics_skip_tracking":false,"_exactmetrics_sitenote_active":false,"_exactmetrics_sitenote_note":"","_exactmetrics_sitenote_category":0,"jnews-multi-image_gallery":[],"jnews_single_post":{"source_name":"","source_url":"","via_name":"","via_url":"","override_template":"0","override":[{"template":"1","single_blog_custom":"","parallax":"1","fullscreen":"0","layout":"right-sidebar","sidebar":"default-sidebar","second_sidebar":"default-sidebar","sticky_sidebar":"1","share_position":"top","share_float_style":"share-monocrhome","show_share_counter":"1","show_view_counter":"1","show_featured":"1","show_post_meta":"1","show_post_author":"1","show_post_author_image":"1","show_post_date":"1","post_date_format":"default","post_date_format_custom":"Y\/m\/d","show_post_category":"1","show_post_reading_time":"0","post_reading_time_wpm":"300","show_zoom_button":"0","zoom_button_out_step":"2","zoom_button_in_step":"3","show_post_tag":"1","show_prev_next_post":"1","show_popup_post":"1","number_popup_post":"1","show_author_box":"0","show_post_related":"0","show_inline_post_related":"0"}],"override_image_size":"0","image_override":[{"single_post_thumbnail_size":"crop-500","single_post_gallery_size":"crop-500"}],"trending_post":"0","trending_post_position":"meta","trending_post_label":"Trending","sponsored_post":"0","sponsored_post_label":"Sponsored by","sponsored_post_name":"","sponsored_post_url":"","sponsored_post_logo_enable":"0","sponsored_post_logo":"","sponsored_post_desc":""},"jnews_primary_category":{"id":""},"jnews_social_meta":{"fb_title":"","fb_description":"","fb_image":"","twitter_title":"","twitter_description":"","twitter_image":""},"jnews_review":[],"enable_review":"0","type":"percentage","name":"","summary":"","brand":"","sku":"","good":[{"good_text":""}],"bad":[{"bad_text":""}],"score_override":"","override_value":"","rating":[{"rating_text":"","rating_number":"10"}],"price":[{"shop":"","price":"","link":"","icon":""}],"jnews_override_counter":{"override_view_counter":"0","view_counter_number":"0","override_share_counter":"0","share_counter_number":"0","override_like_counter":"0","like_counter_number":"0","override_dislike_counter":"0","dislike_counter_number":"0"},"jnews_post_split":{"enable_post_split":"0","post_split":[{"template":"1","tag":"h2","numbering":"asc","mode":"normal"}]},"footnotes":""},"categories":[341,325],"tags":[702,701],"class_list":["post-23322","post","type-post","status-publish","format-standard","has-post-thumbnail","hentry","category-cdp","category-generos-y-diversidades","tag-banco-contra-la-violencia-de-genero","tag-banco-de-la-diversidad"],"jetpack_featured_media_url":"https:\/\/atecordoba.org\/wp-content\/uploads\/2020\/11\/IMG_20201123_210943_707.jpg","_links":{"self":[{"href":"https:\/\/atecordoba.org\/index.php?rest_route=\/wp\/v2\/posts\/23322","targetHints":{"allow":["GET"]}}],"collection":[{"href":"https:\/\/atecordoba.org\/index.php?rest_route=\/wp\/v2\/posts"}],"about":[{"href":"https:\/\/atecordoba.org\/index.php?rest_route=\/wp\/v2\/types\/post"}],"author":[{"embeddable":true,"href":"https:\/\/atecordoba.org\/index.php?rest_route=\/wp\/v2\/users\/7"}],"replies":[{"embeddable":true,"href":"https:\/\/atecordoba.org\/index.php?rest_route=%2Fwp%2Fv2%2Fcomments&post=23322"}],"version-history":[{"count":2,"href":"https:\/\/atecordoba.org\/index.php?rest_route=\/wp\/v2\/posts\/23322\/revisions"}],"predecessor-version":[{"id":23336,"href":"https:\/\/atecordoba.org\/index.php?rest_route=\/wp\/v2\/posts\/23322\/revisions\/23336"}],"wp:featuredmedia":[{"embeddable":true,"href":"https:\/\/atecordoba.org\/index.php?rest_route=\/wp\/v2\/media\/23324"}],"wp:attachment":[{"href":"https:\/\/atecordoba.org\/index.php?rest_route=%2Fwp%2Fv2%2Fmedia&parent=23322"}],"wp:term":[{"taxonomy":"category","embeddable":true,"href":"https:\/\/atecordoba.org\/index.php?rest_route=%2Fwp%2Fv2%2Fcategories&post=23322"},{"taxonomy":"post_tag","embeddable":true,"href":"https:\/\/atecordoba.org\/index.php?rest_route=%2Fwp%2Fv2%2Ftags&post=23322"}],"curies":[{"name":"wp","href":"https:\/\/api.w.org\/{rel}","templated":true}]}}