{"id":23315,"date":"2020-11-20T15:45:22","date_gmt":"2020-11-20T18:45:22","guid":{"rendered":"https:\/\/atecordoba.org\/?p=23315"},"modified":"2020-11-20T15:45:22","modified_gmt":"2020-11-20T18:45:22","slug":"abuso-sexual-a-una-nina-en-la-senaf-otra-mancha-en-el-historial-de-jose-pinero-que-le-costo-el-cargo","status":"publish","type":"post","link":"https:\/\/atecordoba.org\/?p=23315","title":{"rendered":"Abuso sexual a una ni\u00f1a en la SENAF, otra mancha en el historial de Jos\u00e9 Pi\u00f1ero que le cost\u00f3 el cargo"},"content":{"rendered":"<p><img loading=\"lazy\" decoding=\"async\" class=\" wp-image-23306 aligncenter\" src=\"https:\/\/atecordoba.org\/wp-content\/uploads\/2020\/11\/federico-senaf-300x169.jpeg\" alt=\"\" width=\"589\" height=\"332\" srcset=\"https:\/\/atecordoba.org\/wp-content\/uploads\/2020\/11\/federico-senaf-300x169.jpeg 300w, https:\/\/atecordoba.org\/wp-content\/uploads\/2020\/11\/federico-senaf-1024x576.jpeg 1024w, https:\/\/atecordoba.org\/wp-content\/uploads\/2020\/11\/federico-senaf-768x432.jpeg 768w, https:\/\/atecordoba.org\/wp-content\/uploads\/2020\/11\/federico-senaf-750x422.jpeg 750w, https:\/\/atecordoba.org\/wp-content\/uploads\/2020\/11\/federico-senaf.jpeg 1040w\" sizes=\"auto, (max-width: 589px) 100vw, 589px\" \/>Hoy se conoci\u00f3 que el ministro de Justicia, Juli\u00e1n L\u00f3pez, despidi\u00f3 de su cargo al secretario de la SENAF (Secretaria de Ni\u00f1ez, Adolescencia y Familia), Jos\u00e9 Pi\u00f1ero, debido a un caso constatado de abuso sexual de una ni\u00f1a discapacitada bajo su responsabilidad, que fue abusada en la residencia Eva Per\u00f3n, uno de los centros que tiene el organismo para alojar a aquellos ni\u00f1as, ni\u00f1os y j\u00f3venes que por alguna causa han tenido que ser separados de sus familias.<img loading=\"lazy\" decoding=\"async\" class=\" wp-image-23308 alignright\" src=\"https:\/\/atecordoba.org\/wp-content\/uploads\/2020\/11\/sanf-2-300x169.jpeg\" sizes=\"auto, (max-width: 419px) 100vw, 419px\" srcset=\"https:\/\/atecordoba.org\/wp-content\/uploads\/2020\/11\/sanf-2-300x169.jpeg 300w, https:\/\/atecordoba.org\/wp-content\/uploads\/2020\/11\/sanf-2-1024x576.jpeg 1024w, https:\/\/atecordoba.org\/wp-content\/uploads\/2020\/11\/sanf-2-768x432.jpeg 768w, https:\/\/atecordoba.org\/wp-content\/uploads\/2020\/11\/sanf-2-750x422.jpeg 750w, https:\/\/atecordoba.org\/wp-content\/uploads\/2020\/11\/sanf-2-1140x641.jpeg 1140w, https:\/\/atecordoba.org\/wp-content\/uploads\/2020\/11\/sanf-2.jpeg 1280w\" alt=\"\" width=\"419\" height=\"236\" data-pin-no-hover=\"true\" \/><\/p>\n<p>El grav\u00edsimo hecho, constatado por personal de Hospital Pedi\u00e1trico, expresa hasta qu\u00e9 punto lleg\u00f3 la falta total de cuidado con la ni\u00f1ez que tuvo Pi\u00f1eiro durante su mando.<\/p>\n<p>La situaci\u00f3n que fue denunciada reiteradas veces por ATE, debido a los malos tratos para con las y los trabajadores, la persecuci\u00f3n a nuestros delegados y delegadas. As\u00ed activistas y militantes de nuestro gremio, como Humberto Cabral y Romina Espinosa vienen enfrentando permanentes situaciones de hostigamiento, la delegada Virginia Ayala fue trasladada arbitraria e ilegalmente de su lugar de trabajo; otra trabajadora tambi\u00e9n fue trasladada luego de denunciar hechos irregulares en el Eva Per\u00f3n \u2013no sin antes sufrir un sumario-. En tanto, la afiliada Itati C\u00e1ceres result\u00f3 despedida por preguntar cuando se le iba a brindar cobertura de ART y la afiliada Andrea Liascovitz termin\u00f3 despedida luego de solicitar la notificaci\u00f3n por escrito sobre su traslado.<\/p>\n<p>No miremos para otro lado. El Estado no debe mirar para otro lado ante la vulneraci\u00f3n de derechos de ni\u00f1as y ni\u00f1os. Y la precarizaci\u00f3n de trabajadores qui\u00e9nes vienen denunciando la vulneraci\u00f3n de derechos de los ni\u00f1os.<\/p>\n<p><img loading=\"lazy\" decoding=\"async\" class=\" wp-image-23309 alignleft\" src=\"https:\/\/atecordoba.org\/wp-content\/uploads\/2020\/11\/senf-3-300x169.jpeg\" sizes=\"auto, (max-width: 407px) 100vw, 407px\" srcset=\"https:\/\/atecordoba.org\/wp-content\/uploads\/2020\/11\/senf-3-300x169.jpeg 300w, https:\/\/atecordoba.org\/wp-content\/uploads\/2020\/11\/senf-3-1024x576.jpeg 1024w, https:\/\/atecordoba.org\/wp-content\/uploads\/2020\/11\/senf-3-768x432.jpeg 768w, https:\/\/atecordoba.org\/wp-content\/uploads\/2020\/11\/senf-3-750x422.jpeg 750w, https:\/\/atecordoba.org\/wp-content\/uploads\/2020\/11\/senf-3-1140x641.jpeg 1140w, https:\/\/atecordoba.org\/wp-content\/uploads\/2020\/11\/senf-3.jpeg 1280w\" alt=\"\" width=\"407\" height=\"229\" data-pin-no-hover=\"true\" \/>Cuando ATE SENAF realiz\u00f3 la semana pasada observaciones p\u00fablicas sobre la calamitosa gesti\u00f3n provincial en el organismo, y la vulneraci\u00f3n de derechos de las y los ni\u00f1os y j\u00f3venes\u00a0 internados, Pi\u00f1ero se encarg\u00f3 de desmentir ante los medios la situaci\u00f3n, cargando sobre nuestro gremio, delegada y afiliados\/as.<\/p>\n<p>Hace una semana exacta Pi\u00f1ero calumnio p\u00fablicamente a Humberto Cabral y Romina Espinosa,\u00a0 ex trabajadores del Servicio 102, por las denuncias que se ven\u00edan realizando.<\/p>\n<p>Que precisamente ayer se haya cumplido el \u201cD\u00eda Nacional para la prevenci\u00f3n del abuso sexual contra las infancias\u201d, es otra paradoja para un organismo que tiene por funci\u00f3n hacer valer los derechos de las infancias, pero que los viola con en el caso de esta ni\u00f1ita o de los j\u00f3venes del Complejo Esperanza que est\u00e1n conviviendo con presos mayores de edad que fueron trasladados desde la UCA.<\/p>\n<p><img loading=\"lazy\" decoding=\"async\" class=\" wp-image-23311 aligncenter\" src=\"https:\/\/atecordoba.org\/wp-content\/uploads\/2020\/11\/senaf-3-300x169.jpeg\" sizes=\"auto, (max-width: 600px) 100vw, 600px\" srcset=\"https:\/\/atecordoba.org\/wp-content\/uploads\/2020\/11\/senaf-3-300x169.jpeg 300w, https:\/\/atecordoba.org\/wp-content\/uploads\/2020\/11\/senaf-3-1024x576.jpeg 1024w, https:\/\/atecordoba.org\/wp-content\/uploads\/2020\/11\/senaf-3-768x432.jpeg 768w, https:\/\/atecordoba.org\/wp-content\/uploads\/2020\/11\/senaf-3-750x422.jpeg 750w, https:\/\/atecordoba.org\/wp-content\/uploads\/2020\/11\/senaf-3-1140x641.jpeg 1140w, https:\/\/atecordoba.org\/wp-content\/uploads\/2020\/11\/senaf-3.jpeg 1280w\" alt=\"\" width=\"600\" height=\"338\" data-pin-no-hover=\"true\" \/><\/p>\n<p>Ante todo este cuadro terror\u00edfico, desde ATE insistimos una vez m\u00e1s que el ministro L\u00f3pez abra un espacio de di\u00e1logo para reparar el da\u00f1o que Pi\u00f1eiro realiz\u00f3 sobre toda la comunidad de la SENAF, revirtiendo las causas de las malas pol\u00edticas aplicadas y restituyendo a las y los trabajadores sus derechos consagrados en la Constituci\u00f3n.<\/p>\n","protected":false},"excerpt":{"rendered":"<p>Hoy se conoci\u00f3 que el ministro de Justicia, Juli\u00e1n L\u00f3pez, despidi\u00f3 de su cargo al secretario de la SENAF (Secretaria de Ni\u00f1ez, Adolescencia y Familia), Jos\u00e9 Pi\u00f1ero, debido a un caso constatado de abuso sexual de una ni\u00f1a discapacitada bajo su responsabilidad, que fue abusada en la residencia Eva Per\u00f3n, uno de los centros que [&hellip;]<\/p>\n","protected":false},"author":7,"featured_media":23306,"comment_status":"open","ping_status":"open","sticky":true,"template":"","format":"standard","meta":{"_exactmetrics_skip_tracking":false,"_exactmetrics_sitenote_active":false,"_exactmetrics_sitenote_note":"","_exactmetrics_sitenote_category":0,"jnews-multi-image_gallery":[],"jnews_single_post":{"source_name":"","source_url":"","via_name":"","via_url":"","override_template":"0","override":[{"template":"1","single_blog_custom":"","parallax":"1","fullscreen":"0","layout":"right-sidebar","sidebar":"default-sidebar","second_sidebar":"default-sidebar","sticky_sidebar":"1","share_position":"top","share_float_style":"share-monocrhome","show_share_counter":"1","show_view_counter":"1","show_featured":"1","show_post_meta":"1","show_post_author":"1","show_post_author_image":"1","show_post_date":"1","post_date_format":"default","post_date_format_custom":"Y\/m\/d","show_post_category":"1","show_post_reading_time":"0","post_reading_time_wpm":"300","show_zoom_button":"0","zoom_button_out_step":"2","zoom_button_in_step":"3","show_post_tag":"1","show_prev_next_post":"1","show_popup_post":"1","number_popup_post":"1","show_author_box":"0","show_post_related":"0","show_inline_post_related":"0"}],"override_image_size":"0","image_override":[{"single_post_thumbnail_size":"crop-500","single_post_gallery_size":"crop-500"}],"trending_post":"0","trending_post_position":"meta","trending_post_label":"Trending","sponsored_post":"0","sponsored_post_label":"Sponsored by","sponsored_post_name":"","sponsored_post_url":"","sponsored_post_logo_enable":"0","sponsored_post_logo":"","sponsored_post_desc":""},"jnews_primary_category":{"id":""},"jnews_social_meta":{"fb_title":"","fb_description":"","fb_image":"","twitter_title":"","twitter_description":"","twitter_image":""},"jnews_review":[],"enable_review":"0","type":"percentage","name":"","summary":"","brand":"","sku":"","good":[{"good_text":""}],"bad":[{"bad_text":""}],"score_override":"","override_value":"","rating":[{"rating_text":"","rating_number":"10"}],"price":[{"shop":"","price":"","link":"","icon":""}],"jnews_override_counter":{"override_view_counter":"0","view_counter_number":"0","override_share_counter":"0","share_counter_number":"0","override_like_counter":"0","like_counter_number":"0","override_dislike_counter":"0","dislike_counter_number":"0"},"jnews_post_split":{"enable_post_split":"0","post_split":[{"template":"1","tag":"h2","numbering":"asc","mode":"normal"}]},"footnotes":""},"categories":[8],"tags":[457],"class_list":["post-23315","post","type-post","status-publish","format-standard","has-post-thumbnail","hentry","category-provinciales","tag-senaf"],"jetpack_featured_media_url":"https:\/\/atecordoba.org\/wp-content\/uploads\/2020\/11\/federico-senaf.jpeg","_links":{"self":[{"href":"https:\/\/atecordoba.org\/index.php?rest_route=\/wp\/v2\/posts\/23315","targetHints":{"allow":["GET"]}}],"collection":[{"href":"https:\/\/atecordoba.org\/index.php?rest_route=\/wp\/v2\/posts"}],"about":[{"href":"https:\/\/atecordoba.org\/index.php?rest_route=\/wp\/v2\/types\/post"}],"author":[{"embeddable":true,"href":"https:\/\/atecordoba.org\/index.php?rest_route=\/wp\/v2\/users\/7"}],"replies":[{"embeddable":true,"href":"https:\/\/atecordoba.org\/index.php?rest_route=%2Fwp%2Fv2%2Fcomments&post=23315"}],"version-history":[{"count":2,"href":"https:\/\/atecordoba.org\/index.php?rest_route=\/wp\/v2\/posts\/23315\/revisions"}],"predecessor-version":[{"id":23318,"href":"https:\/\/atecordoba.org\/index.php?rest_route=\/wp\/v2\/posts\/23315\/revisions\/23318"}],"wp:featuredmedia":[{"embeddable":true,"href":"https:\/\/atecordoba.org\/index.php?rest_route=\/wp\/v2\/media\/23306"}],"wp:attachment":[{"href":"https:\/\/atecordoba.org\/index.php?rest_route=%2Fwp%2Fv2%2Fmedia&parent=23315"}],"wp:term":[{"taxonomy":"category","embeddable":true,"href":"https:\/\/atecordoba.org\/index.php?rest_route=%2Fwp%2Fv2%2Fcategories&post=23315"},{"taxonomy":"post_tag","embeddable":true,"href":"https:\/\/atecordoba.org\/index.php?rest_route=%2Fwp%2Fv2%2Ftags&post=23315"}],"curies":[{"name":"wp","href":"https:\/\/api.w.org\/{rel}","templated":true}]}}