{"id":23283,"date":"2020-11-20T13:23:55","date_gmt":"2020-11-20T16:23:55","guid":{"rendered":"https:\/\/atecordoba.org\/?p=23283"},"modified":"2020-11-20T13:39:43","modified_gmt":"2020-11-20T16:39:43","slug":"tras-gestion-de-ate-200-monotributistas-pasaran-a-contrato-en-el-ministerio-de-salud-de-la-nacion","status":"publish","type":"post","link":"https:\/\/atecordoba.org\/?p=23283","title":{"rendered":"Tras gesti\u00f3n de ATE, 200 monotributistas pasar\u00e1n a contrato en el Ministerio de Salud"},"content":{"rendered":"<p><img loading=\"lazy\" decoding=\"async\" class=\" wp-image-23284 aligncenter\" src=\"https:\/\/atecordoba.org\/wp-content\/uploads\/2020\/11\/fumigador-300x200.jpg\" alt=\"\" width=\"599\" height=\"399\" srcset=\"https:\/\/atecordoba.org\/wp-content\/uploads\/2020\/11\/fumigador-300x200.jpg 300w, https:\/\/atecordoba.org\/wp-content\/uploads\/2020\/11\/fumigador-768x512.jpg 768w, https:\/\/atecordoba.org\/wp-content\/uploads\/2020\/11\/fumigador-750x500.jpg 750w, https:\/\/atecordoba.org\/wp-content\/uploads\/2020\/11\/fumigador.jpg 1000w\" sizes=\"auto, (max-width: 599px) 100vw, 599px\" \/>El Ministerio de Salud de la Naci\u00f3n resolvi\u00f3 mejorar ostensiblemente su condici\u00f3n laboral y cumplir con la legislaci\u00f3n laboral vigente, al ordenar que 202 compa\u00f1eros y compa\u00f1eras que revisten en condici\u00f3n de monotributistas en todo el pa\u00eds sean contratados a partir del 1\u00ba de enero de 2021.<\/p>\n<p>Se trata de un logro importante gestionado por la Junta Interna de ATE Salud y el cuerpo de delegados del Ministerio, tambi\u00e9n con la participaci\u00f3n de los delegados de C\u00f3rdoba.<\/p>\n<p>&#8220;La mayor\u00eda son t\u00e9cnicos de campo, evaluadores que roc\u00edan con insecticidas viviendas en el sector rural, en el combate contra el Chagas, y tambi\u00e9n en \u00e1rea urbana cuando se trata del combate contra el dengue&#8221;, explic\u00f3 el delegado de ATE del Programa de Enfermedades Transmisibles por Vectores, del Ministerio de Salud de la Naci\u00f3n, Ricardo Hern\u00e1ndez.<\/p>\n<p>Hern\u00e1ndez explic\u00f3 que tambi\u00e9n hay\u00a0compa\u00f1eros y compa\u00f1eras administrativos en C\u00f3rdoba Capital y el dep\u00f3sito del organismo en Punilla.<\/p>\n<p>Con el inicio del expediente de contrataci\u00f3n las y los trabajadores que estuvieron muchos a\u00f1os precarizados pueden ver como se hacen efectivos sus derechos laborales, ganando terreno en aras de alcanzar la estabilidad del trabajador y la trabajadora estatal que establece la Constituci\u00f3n Nacional.<\/p>\n","protected":false},"excerpt":{"rendered":"<p>El Ministerio de Salud de la Naci\u00f3n resolvi\u00f3 mejorar ostensiblemente su condici\u00f3n laboral y cumplir con la legislaci\u00f3n laboral vigente, al ordenar que 202 compa\u00f1eros y compa\u00f1eras que revisten en condici\u00f3n de monotributistas en todo el pa\u00eds sean contratados a partir del 1\u00ba de enero de 2021. Se trata de un logro importante gestionado por [&hellip;]<\/p>\n","protected":false},"author":7,"featured_media":23284,"comment_status":"open","ping_status":"open","sticky":true,"template":"","format":"standard","meta":{"_exactmetrics_skip_tracking":false,"_exactmetrics_sitenote_active":false,"_exactmetrics_sitenote_note":"","_exactmetrics_sitenote_category":0,"jnews-multi-image_gallery":[],"jnews_single_post":{"source_name":"","source_url":"","via_name":"","via_url":"","override_template":"0","override":[{"template":"1","single_blog_custom":"","parallax":"1","fullscreen":"0","layout":"right-sidebar","sidebar":"default-sidebar","second_sidebar":"default-sidebar","sticky_sidebar":"1","share_position":"top","share_float_style":"share-monocrhome","show_share_counter":"1","show_view_counter":"1","show_featured":"1","show_post_meta":"1","show_post_author":"1","show_post_author_image":"1","show_post_date":"1","post_date_format":"default","post_date_format_custom":"Y\/m\/d","show_post_category":"1","show_post_reading_time":"0","post_reading_time_wpm":"300","show_zoom_button":"0","zoom_button_out_step":"2","zoom_button_in_step":"3","show_post_tag":"1","show_prev_next_post":"1","show_popup_post":"1","number_popup_post":"1","show_author_box":"0","show_post_related":"0","show_inline_post_related":"0"}],"override_image_size":"0","image_override":[{"single_post_thumbnail_size":"crop-500","single_post_gallery_size":"crop-500"}],"trending_post":"0","trending_post_position":"meta","trending_post_label":"Trending","sponsored_post":"0","sponsored_post_label":"Sponsored by","sponsored_post_name":"","sponsored_post_url":"","sponsored_post_logo_enable":"0","sponsored_post_logo":"","sponsored_post_desc":""},"jnews_primary_category":{"id":""},"jnews_social_meta":{"fb_title":"","fb_description":"","fb_image":"","twitter_title":"","twitter_description":"","twitter_image":""},"jnews_review":[],"enable_review":"0","type":"percentage","name":"","summary":"","brand":"","sku":"","good":[{"good_text":""}],"bad":[{"bad_text":""}],"score_override":"","override_value":"","rating":[{"rating_text":"","rating_number":"10"}],"price":[{"shop":"","price":"","link":"","icon":""}],"jnews_override_counter":{"override_view_counter":"0","view_counter_number":"0","override_share_counter":"0","share_counter_number":"0","override_like_counter":"0","like_counter_number":"0","override_dislike_counter":"0","dislike_counter_number":"0"},"jnews_post_split":{"enable_post_split":"0","post_split":[{"template":"1","tag":"h2","numbering":"asc","mode":"normal"}]},"footnotes":""},"categories":[18],"tags":[700,698,699],"class_list":["post-23283","post","type-post","status-publish","format-standard","has-post-thumbnail","hentry","category-nacionales","tag-contratados","tag-ministerio-de-salud-de-la-nacion","tag-monotributistas"],"jetpack_featured_media_url":"https:\/\/atecordoba.org\/wp-content\/uploads\/2020\/11\/fumigador.jpg","_links":{"self":[{"href":"https:\/\/atecordoba.org\/index.php?rest_route=\/wp\/v2\/posts\/23283","targetHints":{"allow":["GET"]}}],"collection":[{"href":"https:\/\/atecordoba.org\/index.php?rest_route=\/wp\/v2\/posts"}],"about":[{"href":"https:\/\/atecordoba.org\/index.php?rest_route=\/wp\/v2\/types\/post"}],"author":[{"embeddable":true,"href":"https:\/\/atecordoba.org\/index.php?rest_route=\/wp\/v2\/users\/7"}],"replies":[{"embeddable":true,"href":"https:\/\/atecordoba.org\/index.php?rest_route=%2Fwp%2Fv2%2Fcomments&post=23283"}],"version-history":[{"count":2,"href":"https:\/\/atecordoba.org\/index.php?rest_route=\/wp\/v2\/posts\/23283\/revisions"}],"predecessor-version":[{"id":23288,"href":"https:\/\/atecordoba.org\/index.php?rest_route=\/wp\/v2\/posts\/23283\/revisions\/23288"}],"wp:featuredmedia":[{"embeddable":true,"href":"https:\/\/atecordoba.org\/index.php?rest_route=\/wp\/v2\/media\/23284"}],"wp:attachment":[{"href":"https:\/\/atecordoba.org\/index.php?rest_route=%2Fwp%2Fv2%2Fmedia&parent=23283"}],"wp:term":[{"taxonomy":"category","embeddable":true,"href":"https:\/\/atecordoba.org\/index.php?rest_route=%2Fwp%2Fv2%2Fcategories&post=23283"},{"taxonomy":"post_tag","embeddable":true,"href":"https:\/\/atecordoba.org\/index.php?rest_route=%2Fwp%2Fv2%2Ftags&post=23283"}],"curies":[{"name":"wp","href":"https:\/\/api.w.org\/{rel}","templated":true}]}}