{"id":23271,"date":"2020-11-20T11:36:16","date_gmt":"2020-11-20T14:36:16","guid":{"rendered":"https:\/\/atecordoba.org\/?p=23271"},"modified":"2020-11-20T11:44:14","modified_gmt":"2020-11-20T14:44:14","slug":"el-directorio-de-ffmm-recorrio-la-fabrica-de-polvora-y-le-puso-plazo-a-la-reincorporacion-de-los-despedidos-del-macrismo","status":"publish","type":"post","link":"https:\/\/atecordoba.org\/?p=23271","title":{"rendered":"El directorio de FFMM recorri\u00f3 la planta de Villa Mar\u00eda y habl\u00f3 de la reincorporaci\u00f3n de los despedidos del macrismo"},"content":{"rendered":"<p><img loading=\"lazy\" decoding=\"async\" class=\" wp-image-23272 aligncenter\" src=\"https:\/\/atecordoba.org\/wp-content\/uploads\/2020\/11\/WhatsApp-Image-2020-11-20-at-10.19.58-300x141.jpeg\" alt=\"\" width=\"602\" height=\"283\" srcset=\"https:\/\/atecordoba.org\/wp-content\/uploads\/2020\/11\/WhatsApp-Image-2020-11-20-at-10.19.58-300x141.jpeg 300w, https:\/\/atecordoba.org\/wp-content\/uploads\/2020\/11\/WhatsApp-Image-2020-11-20-at-10.19.58-1024x481.jpeg 1024w, https:\/\/atecordoba.org\/wp-content\/uploads\/2020\/11\/WhatsApp-Image-2020-11-20-at-10.19.58-768x361.jpeg 768w, https:\/\/atecordoba.org\/wp-content\/uploads\/2020\/11\/WhatsApp-Image-2020-11-20-at-10.19.58-750x352.jpeg 750w, https:\/\/atecordoba.org\/wp-content\/uploads\/2020\/11\/WhatsApp-Image-2020-11-20-at-10.19.58-1140x535.jpeg 1140w, https:\/\/atecordoba.org\/wp-content\/uploads\/2020\/11\/WhatsApp-Image-2020-11-20-at-10.19.58.jpeg 1280w\" sizes=\"auto, (max-width: 602px) 100vw, 602px\" \/>El Presidente del Directorio de Fabricaciones Militares SE, Ivan Durigon, arrib\u00f3 ayer a la F\u00e1brica Militar de P\u00f3lvora y Explosivos de Villa Mar\u00eda, acompa\u00f1ado del director de Producci\u00f3n, Pablo Ruffini, la responsable del Departamento de G\u00e9nero, Charo Iglesias, y el t\u00e9cnico a cargo SHMA de la empresa, para recorrer la instalaciones de nuestra unidad productiva para realizar un examen exhaustivo sobre la producci\u00f3n y el estado general de la planta.<\/p>\n<p>Los funcionarios se reunieron con la seccional ATE Villa Mar\u00eda, en el marco del clima de colaboraci\u00f3n que se impuso con la nueva gesti\u00f3n que asumi\u00f3 el a\u00f1o pasado, y concretaron tambi\u00e9n sendas reuniones con compa\u00f1eros despedidos durante el macrismo a los fines de interiorizarse directamente de su situaci\u00f3n.<\/p>\n<p>As\u00ed, cuatro trabajadores y trabajadoras, de los 78 cesanteados en la era Macri, pudieron explayarse frente a la m\u00e1xima autoridad de la empresa y contar la desesperante situaci\u00f3n que padecen a diario durante toda esta etapa sin trabajo, acompa\u00f1ados por el secretario General de la seccional, Fernando Mercado,\u00a0 el secretario Gremial, Jorge Heredia, y el Administrativo, Cesar Coutsiers, junto al secretario General de CTAA Villa Mar\u00eda, Gustavo Vilches.<img loading=\"lazy\" decoding=\"async\" class=\" wp-image-23274 aligncenter\" src=\"https:\/\/atecordoba.org\/wp-content\/uploads\/2020\/11\/WhatsApp-Image-2020-11-20-at-10.19.58-1-300x178.jpeg\" alt=\"\" width=\"600\" height=\"356\" srcset=\"https:\/\/atecordoba.org\/wp-content\/uploads\/2020\/11\/WhatsApp-Image-2020-11-20-at-10.19.58-1-300x178.jpeg 300w, https:\/\/atecordoba.org\/wp-content\/uploads\/2020\/11\/WhatsApp-Image-2020-11-20-at-10.19.58-1-1024x606.jpeg 1024w, https:\/\/atecordoba.org\/wp-content\/uploads\/2020\/11\/WhatsApp-Image-2020-11-20-at-10.19.58-1-768x455.jpeg 768w, https:\/\/atecordoba.org\/wp-content\/uploads\/2020\/11\/WhatsApp-Image-2020-11-20-at-10.19.58-1-750x444.jpeg 750w, https:\/\/atecordoba.org\/wp-content\/uploads\/2020\/11\/WhatsApp-Image-2020-11-20-at-10.19.58-1-1140x675.jpeg 1140w, https:\/\/atecordoba.org\/wp-content\/uploads\/2020\/11\/WhatsApp-Image-2020-11-20-at-10.19.58-1.jpeg 1280w\" sizes=\"auto, (max-width: 600px) 100vw, 600px\" \/><\/p>\n<p>Luego de escuchar las demandas de estos compa\u00f1eros y la de nuestra organizaci\u00f3n gremial los funcionarios \u201cnos brindaron un fuerte compromiso de parte de estas nuevas autoridades para trabajar firmemente en su reincorporaci\u00f3n sin estipular fechas o cantidades de reingresos. El doctor Durigon dijo que para el directivo son de vital importancia los relevamientos que se estar\u00e1n realizando a fin de elevar estas gestiones al Ministro de Defensa\u201d, se\u00f1al\u00f3 Mercado.<\/p>\n<p>En tal sentido, el funcionario solicit\u00f3 un poco de paciencia y cautela sobre toda esta problem\u00e1tica pero expres\u00f3 firmemente las buenas intenciones del ministro Agust\u00edn Rossi para hacer efectivas las tan esperadas reincorporaciones y reactivaci\u00f3n de la F\u00e1brica Militar.<\/p>\n<p><strong>Reactivaci\u00f3n<\/strong><\/p>\n<p>Posterior a dicha reuni\u00f3n, la conducci\u00f3n de ATE Villa Mar\u00eda prosigui\u00f3 con otro c\u00f3nclave Durig\u00f3n y el ingeniero Miguel Toselli, director de la planta, \u00a0donde se le solicit\u00f3 un informe de las inversiones que se realizar\u00e1n en la f\u00e1brica en el periodo 2020-2021, como as\u00ed tambi\u00e9n se pidi\u00f3 conocer las programaciones en tareas productivas y de mantenimiento (desmalezado, caldera, edificios productivos etc.), de vital para la seguridad en \u00e9poca estival.<\/p>\n<p>\u201cEl Directorio respondi\u00f3 que se realizaran las inversiones necesarias para el correcto funcionamiento de la f\u00e1brica, como as\u00ed tambi\u00e9n nos expresaron que est\u00e1n en plena negociaciones para instalar nuestros productos en el mercado interno y externo\u201d, resumi\u00f3 Mercado.<\/p>\n<p><img loading=\"lazy\" decoding=\"async\" class=\" wp-image-23273 aligncenter\" src=\"https:\/\/atecordoba.org\/wp-content\/uploads\/2020\/11\/WhatsApp-Image-2020-11-20-at-10.19.57-300x204.jpeg\" alt=\"\" width=\"600\" height=\"408\" srcset=\"https:\/\/atecordoba.org\/wp-content\/uploads\/2020\/11\/WhatsApp-Image-2020-11-20-at-10.19.57-300x204.jpeg 300w, https:\/\/atecordoba.org\/wp-content\/uploads\/2020\/11\/WhatsApp-Image-2020-11-20-at-10.19.57-1024x698.jpeg 1024w, https:\/\/atecordoba.org\/wp-content\/uploads\/2020\/11\/WhatsApp-Image-2020-11-20-at-10.19.57-768x523.jpeg 768w, https:\/\/atecordoba.org\/wp-content\/uploads\/2020\/11\/WhatsApp-Image-2020-11-20-at-10.19.57-750x511.jpeg 750w, https:\/\/atecordoba.org\/wp-content\/uploads\/2020\/11\/WhatsApp-Image-2020-11-20-at-10.19.57-1140x777.jpeg 1140w, https:\/\/atecordoba.org\/wp-content\/uploads\/2020\/11\/WhatsApp-Image-2020-11-20-at-10.19.57.jpeg 1280w\" sizes=\"auto, (max-width: 600px) 100vw, 600px\" \/><\/p>\n<p>Y apunt\u00f3 el dirigente a la importancia del compromiso asumido porque \u201ceste punto ser\u00e1 la herramienta, no solo para recuperar la Fabricaciones Militares en la que el General Savio so\u00f1\u00f3, sino tambi\u00e9n garant\u00eda de que nuestros y nuestras compa\u00f1eras recuperen la dignidad de tener su trabajo nuevamente\u201d.<\/p>\n<p>Por \u00faltimo, Mercado se\u00f1al\u00f3 que \u201ccomo organizaci\u00f3n sindical le solicitamos tener una respuesta que entre el 1\u00b0 y el 10 de diciembre sobre la reincorporaci\u00f3n y reactivaci\u00f3n de nuestra empresa. Ante nuestro pedido el presidente nos transmiti\u00f3 que en dicha fecha tendremos una propuesta para analizarla entre todos y todas las trabajadoras del Fabricaciones Militares\u201d.<\/p>\n","protected":false},"excerpt":{"rendered":"<p>El Presidente del Directorio de Fabricaciones Militares SE, Ivan Durigon, arrib\u00f3 ayer a la F\u00e1brica Militar de P\u00f3lvora y Explosivos de Villa Mar\u00eda, acompa\u00f1ado del director de Producci\u00f3n, Pablo Ruffini, la responsable del Departamento de G\u00e9nero, Charo Iglesias, y el t\u00e9cnico a cargo SHMA de la empresa, para recorrer la instalaciones de nuestra unidad productiva [&hellip;]<\/p>\n","protected":false},"author":7,"featured_media":23274,"comment_status":"open","ping_status":"open","sticky":true,"template":"","format":"standard","meta":{"_exactmetrics_skip_tracking":false,"_exactmetrics_sitenote_active":false,"_exactmetrics_sitenote_note":"","_exactmetrics_sitenote_category":0,"jnews-multi-image_gallery":[],"jnews_single_post":{"source_name":"","source_url":"","via_name":"","via_url":"","override_template":"0","override":[{"template":"1","single_blog_custom":"","parallax":"1","fullscreen":"0","layout":"right-sidebar","sidebar":"default-sidebar","second_sidebar":"default-sidebar","sticky_sidebar":"1","share_position":"top","share_float_style":"share-monocrhome","show_share_counter":"1","show_view_counter":"1","show_featured":"1","show_post_meta":"1","show_post_author":"1","show_post_author_image":"1","show_post_date":"1","post_date_format":"default","post_date_format_custom":"Y\/m\/d","show_post_category":"1","show_post_reading_time":"0","post_reading_time_wpm":"300","show_zoom_button":"0","zoom_button_out_step":"2","zoom_button_in_step":"3","show_post_tag":"1","show_prev_next_post":"1","show_popup_post":"1","number_popup_post":"1","show_author_box":"0","show_post_related":"0","show_inline_post_related":"0"}],"override_image_size":"0","image_override":[{"single_post_thumbnail_size":"crop-500","single_post_gallery_size":"crop-500"}],"trending_post":"0","trending_post_position":"meta","trending_post_label":"Trending","sponsored_post":"0","sponsored_post_label":"Sponsored by","sponsored_post_name":"","sponsored_post_url":"","sponsored_post_logo_enable":"0","sponsored_post_logo":"","sponsored_post_desc":""},"jnews_primary_category":{"id":""},"jnews_social_meta":{"fb_title":"","fb_description":"","fb_image":"","twitter_title":"","twitter_description":"","twitter_image":""},"jnews_review":[],"enable_review":"0","type":"percentage","name":"","summary":"","brand":"","sku":"","good":[{"good_text":""}],"bad":[{"bad_text":""}],"score_override":"","override_value":"","rating":[{"rating_text":"","rating_number":"10"}],"price":[{"shop":"","price":"","link":"","icon":""}],"jnews_override_counter":{"override_view_counter":"0","view_counter_number":"0","override_share_counter":"0","share_counter_number":"0","override_like_counter":"0","like_counter_number":"0","override_dislike_counter":"0","dislike_counter_number":"0"},"jnews_post_split":{"enable_post_split":"0","post_split":[{"template":"1","tag":"h2","numbering":"asc","mode":"normal"}]},"footnotes":""},"categories":[18,34,14],"tags":[570],"class_list":["post-23271","post","type-post","status-publish","format-standard","has-post-thumbnail","hentry","category-nacionales","category-seccionales","category-villa-maria","tag-direccion-general-de-fabricaciones-militares"],"jetpack_featured_media_url":"https:\/\/atecordoba.org\/wp-content\/uploads\/2020\/11\/WhatsApp-Image-2020-11-20-at-10.19.58-1.jpeg","_links":{"self":[{"href":"https:\/\/atecordoba.org\/index.php?rest_route=\/wp\/v2\/posts\/23271","targetHints":{"allow":["GET"]}}],"collection":[{"href":"https:\/\/atecordoba.org\/index.php?rest_route=\/wp\/v2\/posts"}],"about":[{"href":"https:\/\/atecordoba.org\/index.php?rest_route=\/wp\/v2\/types\/post"}],"author":[{"embeddable":true,"href":"https:\/\/atecordoba.org\/index.php?rest_route=\/wp\/v2\/users\/7"}],"replies":[{"embeddable":true,"href":"https:\/\/atecordoba.org\/index.php?rest_route=%2Fwp%2Fv2%2Fcomments&post=23271"}],"version-history":[{"count":4,"href":"https:\/\/atecordoba.org\/index.php?rest_route=\/wp\/v2\/posts\/23271\/revisions"}],"predecessor-version":[{"id":23278,"href":"https:\/\/atecordoba.org\/index.php?rest_route=\/wp\/v2\/posts\/23271\/revisions\/23278"}],"wp:featuredmedia":[{"embeddable":true,"href":"https:\/\/atecordoba.org\/index.php?rest_route=\/wp\/v2\/media\/23274"}],"wp:attachment":[{"href":"https:\/\/atecordoba.org\/index.php?rest_route=%2Fwp%2Fv2%2Fmedia&parent=23271"}],"wp:term":[{"taxonomy":"category","embeddable":true,"href":"https:\/\/atecordoba.org\/index.php?rest_route=%2Fwp%2Fv2%2Fcategories&post=23271"},{"taxonomy":"post_tag","embeddable":true,"href":"https:\/\/atecordoba.org\/index.php?rest_route=%2Fwp%2Fv2%2Ftags&post=23271"}],"curies":[{"name":"wp","href":"https:\/\/api.w.org\/{rel}","templated":true}]}}