{"id":23222,"date":"2020-11-19T11:00:08","date_gmt":"2020-11-19T14:00:08","guid":{"rendered":"https:\/\/atecordoba.org\/?p=23222"},"modified":"2020-11-20T13:25:33","modified_gmt":"2020-11-20T16:25:33","slug":"jornada-de-protesta-de-la-multisectorial-de-la-salud-en-toda-la-provincia","status":"publish","type":"post","link":"https:\/\/atecordoba.org\/?p=23222","title":{"rendered":"Jornada de protesta de la Multisectorial de la Salud en toda la provincia"},"content":{"rendered":"<p><img loading=\"lazy\" decoding=\"async\" class=\" wp-image-23223 alignleft\" src=\"https:\/\/atecordoba.org\/wp-content\/uploads\/2020\/11\/flyer-paro-salud-20-11-261x300.jpeg\" alt=\"\" width=\"288\" height=\"331\" srcset=\"https:\/\/atecordoba.org\/wp-content\/uploads\/2020\/11\/flyer-paro-salud-20-11-261x300.jpeg 261w, https:\/\/atecordoba.org\/wp-content\/uploads\/2020\/11\/flyer-paro-salud-20-11-892x1024.jpeg 892w, https:\/\/atecordoba.org\/wp-content\/uploads\/2020\/11\/flyer-paro-salud-20-11-768x882.jpeg 768w, https:\/\/atecordoba.org\/wp-content\/uploads\/2020\/11\/flyer-paro-salud-20-11-750x861.jpeg 750w, https:\/\/atecordoba.org\/wp-content\/uploads\/2020\/11\/flyer-paro-salud-20-11.jpeg 1098w\" sizes=\"auto, (max-width: 288px) 100vw, 288px\" \/><\/p>\n<p>Ma\u00f1ana viernes 20 de noviembre se llevar\u00e1 a cabo una jornada de lucha de los equipos de salud, convocada por la Multisectorial de la Salud, ante la falta de respuestas del gobierno de Juan Schiaretti a todos y cada uno de los reclamos expresados de manera contundente el pasado 10 de noviembre.<\/p>\n<p>Lamentablemente las autoridades provinciales contin\u00faan en la misma posici\u00f3n, mostrando que la salud de los cordobeses no parece estar entre sus prioridades y tampoco el reconocimiento a los trabajadores que estamos en la primera l\u00ednea.<\/p>\n<p>Reiteramos el pedido a las autoridades sanitarias de una mesa de di\u00e1logo, donde podamos exponer los reclamos de quienes, en medio de una situaci\u00f3n totalmente excepcional, hemos actuado con total responsabilidad, asistiendo a la comunidad cordobesa en este momento tan dif\u00edcil de pandemia. Lo hacemos aun en p\u00e9simas condiciones salariales y laborales, exponiendo nuestra salud y hasta nuestra vida.<\/p>\n<p>Por lo expuesto, este viernes volveremos a visibilizar nuestra situaci\u00f3n.<\/p>\n<p>En tal sentido, convocamos a una rueda de prensa ma\u00f1ana 19 de noviembre a las 11.30 en el Consejo M\u00e9dico de C\u00f3rdoba, Mendoza 251<\/p>\n","protected":false},"excerpt":{"rendered":"<p>Ma\u00f1ana viernes 20 de noviembre se llevar\u00e1 a cabo una jornada de lucha de los equipos de salud, convocada por la Multisectorial de la Salud, ante la falta de respuestas del gobierno de Juan Schiaretti a todos y cada uno de los reclamos expresados de manera contundente el pasado 10 de noviembre. Lamentablemente las autoridades [&hellip;]<\/p>\n","protected":false},"author":7,"featured_media":23223,"comment_status":"open","ping_status":"open","sticky":true,"template":"","format":"standard","meta":{"_exactmetrics_skip_tracking":false,"_exactmetrics_sitenote_active":false,"_exactmetrics_sitenote_note":"","_exactmetrics_sitenote_category":0,"jnews-multi-image_gallery":[],"jnews_single_post":{"source_name":"","source_url":"","via_name":"","via_url":"","override_template":"0","override":[{"template":"1","single_blog_custom":"","parallax":"1","fullscreen":"0","layout":"right-sidebar","sidebar":"default-sidebar","second_sidebar":"default-sidebar","sticky_sidebar":"1","share_position":"top","share_float_style":"share-monocrhome","show_share_counter":"1","show_view_counter":"1","show_featured":"1","show_post_meta":"1","show_post_author":"1","show_post_author_image":"1","show_post_date":"1","post_date_format":"default","post_date_format_custom":"Y\/m\/d","show_post_category":"1","show_post_reading_time":"0","post_reading_time_wpm":"300","show_zoom_button":"0","zoom_button_out_step":"2","zoom_button_in_step":"3","show_post_tag":"1","show_prev_next_post":"1","show_popup_post":"1","number_popup_post":"1","show_author_box":"0","show_post_related":"0","show_inline_post_related":"0"}],"override_image_size":"0","image_override":[{"single_post_thumbnail_size":"crop-500","single_post_gallery_size":"crop-500"}],"trending_post":"0","trending_post_position":"meta","trending_post_label":"Trending","sponsored_post":"0","sponsored_post_label":"Sponsored by","sponsored_post_name":"","sponsored_post_url":"","sponsored_post_logo_enable":"0","sponsored_post_logo":"","sponsored_post_desc":""},"jnews_primary_category":{"id":""},"jnews_social_meta":{"fb_title":"","fb_description":"","fb_image":"","twitter_title":"","twitter_description":"","twitter_image":""},"jnews_review":[],"enable_review":"0","type":"percentage","name":"","summary":"","brand":"","sku":"","good":[{"good_text":""}],"bad":[{"bad_text":""}],"score_override":"","override_value":"","rating":[{"rating_text":"","rating_number":"10"}],"price":[{"shop":"","price":"","link":"","icon":""}],"jnews_override_counter":{"override_view_counter":"0","view_counter_number":"0","override_share_counter":"0","share_counter_number":"0","override_like_counter":"0","like_counter_number":"0","override_dislike_counter":"0","dislike_counter_number":"0"},"jnews_post_split":{"enable_post_split":"0","post_split":[{"template":"1","tag":"h2","numbering":"asc","mode":"normal"}]},"footnotes":""},"categories":[341,8],"tags":[656],"class_list":["post-23222","post","type-post","status-publish","format-standard","has-post-thumbnail","hentry","category-cdp","category-provinciales","tag-paro-provincial"],"jetpack_featured_media_url":"https:\/\/atecordoba.org\/wp-content\/uploads\/2020\/11\/flyer-paro-salud-20-11.jpeg","_links":{"self":[{"href":"https:\/\/atecordoba.org\/index.php?rest_route=\/wp\/v2\/posts\/23222","targetHints":{"allow":["GET"]}}],"collection":[{"href":"https:\/\/atecordoba.org\/index.php?rest_route=\/wp\/v2\/posts"}],"about":[{"href":"https:\/\/atecordoba.org\/index.php?rest_route=\/wp\/v2\/types\/post"}],"author":[{"embeddable":true,"href":"https:\/\/atecordoba.org\/index.php?rest_route=\/wp\/v2\/users\/7"}],"replies":[{"embeddable":true,"href":"https:\/\/atecordoba.org\/index.php?rest_route=%2Fwp%2Fv2%2Fcomments&post=23222"}],"version-history":[{"count":2,"href":"https:\/\/atecordoba.org\/index.php?rest_route=\/wp\/v2\/posts\/23222\/revisions"}],"predecessor-version":[{"id":23287,"href":"https:\/\/atecordoba.org\/index.php?rest_route=\/wp\/v2\/posts\/23222\/revisions\/23287"}],"wp:featuredmedia":[{"embeddable":true,"href":"https:\/\/atecordoba.org\/index.php?rest_route=\/wp\/v2\/media\/23223"}],"wp:attachment":[{"href":"https:\/\/atecordoba.org\/index.php?rest_route=%2Fwp%2Fv2%2Fmedia&parent=23222"}],"wp:term":[{"taxonomy":"category","embeddable":true,"href":"https:\/\/atecordoba.org\/index.php?rest_route=%2Fwp%2Fv2%2Fcategories&post=23222"},{"taxonomy":"post_tag","embeddable":true,"href":"https:\/\/atecordoba.org\/index.php?rest_route=%2Fwp%2Fv2%2Ftags&post=23222"}],"curies":[{"name":"wp","href":"https:\/\/api.w.org\/{rel}","templated":true}]}}