{"id":23217,"date":"2020-11-19T09:35:48","date_gmt":"2020-11-19T12:35:48","guid":{"rendered":"https:\/\/atecordoba.org\/?p=23217"},"modified":"2020-11-19T09:36:53","modified_gmt":"2020-11-19T12:36:53","slug":"el-departamento-de-generos-y-diversidades-presento-su-plan-de-accion-sindical-con-perspectiva-de-generos-y-diversidades","status":"publish","type":"post","link":"https:\/\/atecordoba.org\/?p=23217","title":{"rendered":"El Departamento de G\u00e9neros y Diversidades present\u00f3 su Plan de Acci\u00f3n Sindical"},"content":{"rendered":"<p><img loading=\"lazy\" decoding=\"async\" class=\" wp-image-23218 aligncenter\" src=\"https:\/\/atecordoba.org\/wp-content\/uploads\/2020\/11\/zoom-genero-noviembre-300x169.png\" alt=\"\" width=\"600\" height=\"338\" srcset=\"https:\/\/atecordoba.org\/wp-content\/uploads\/2020\/11\/zoom-genero-noviembre-300x169.png 300w, https:\/\/atecordoba.org\/wp-content\/uploads\/2020\/11\/zoom-genero-noviembre-1024x576.png 1024w, https:\/\/atecordoba.org\/wp-content\/uploads\/2020\/11\/zoom-genero-noviembre-768x432.png 768w, https:\/\/atecordoba.org\/wp-content\/uploads\/2020\/11\/zoom-genero-noviembre-750x422.png 750w, https:\/\/atecordoba.org\/wp-content\/uploads\/2020\/11\/zoom-genero-noviembre-1140x641.png 1140w, https:\/\/atecordoba.org\/wp-content\/uploads\/2020\/11\/zoom-genero-noviembre.png 1350w\" sizes=\"auto, (max-width: 600px) 100vw, 600px\" \/>Las Directoras del Departamento de G\u00e9neros y Diversidades Gabriela Alcoba y Mar\u00eda Sotti presentaron un Plan de Acci\u00f3n Sindical con perspectiva de g\u00e9neros y diversidades que han sido sometido a discusi\u00f3n tanto con las y los compa\u00f1eros que militan en el Departamento como con las y los miembros de conducci\u00f3n de la mayor\u00eda de las seccionales y miembros del CDP de ATE C\u00f3rdoba.<\/p>\n<p>La estrategia de contar con un Plan de Acci\u00f3n supone reafirmar el compromiso de la presente conducci\u00f3n con las necesidades de las mujeres y el colectivo LGTTTBIQ+ y contar con un paraguas estructurado de proyectos y acciones para que las distintas intervenciones que realice el sindicato lo haga con perspectiva de g\u00e9neros y diversidades.<\/p>\n<p>Asimismo, para avanzar en un abordaje integral, con perspectiva de g\u00e9neros y diversidades en las instancias de negociaci\u00f3n colectiva y abordaje de conflictos que se desarrollen en cada sector de trabajo, se requiere de la voluntad pol\u00edtica de quienes conducen las seccionales para avanzar en un compromiso para prevenir, contener y sancionar la violencia laboral en los espacios de trabajo.<\/p>\n<p>De esta manera, el Plan de Acci\u00f3n dise\u00f1ado desde el Departamento de G\u00e9neros y Diversidades se propone en primer lugar, la institucionalizaci\u00f3n del espacio y dar cobertura territorial con una perspectiva transversal en las intervenciones que se realicen integrando los distintos sectores de trabajo y seccionales en el \u00e1mbito la provincia de C\u00f3rdoba.<\/p>\n<p>En segundo lugar, brindar formaci\u00f3n para la equidad para afiliados y afiliadas con \u00e9nfasis en las y los delegados y miembros de conducci\u00f3n directiva con el fin de deconstruir estereotipos e instalar la importancia de equidad en el mundo de trabajo.<\/p>\n<p>El tercer paso supone poder sancionar para ATE C\u00f3rdoba un Protocolo para la prevenci\u00f3n y atenci\u00f3n de la violencia de g\u00e9nero que sirva de modelo a los sectores de trabajo y puedan contar con herramientas de intervenci\u00f3n en situaciones puntuales entre miembros del sindicato como entre un o una miembro del sindicato y un o una persona externa.<\/p>\n<p><img loading=\"lazy\" decoding=\"async\" class=\" wp-image-23219 aligncenter\" src=\"https:\/\/atecordoba.org\/wp-content\/uploads\/2020\/11\/zoom-genero-300x169.png\" alt=\"\" width=\"600\" height=\"338\" srcset=\"https:\/\/atecordoba.org\/wp-content\/uploads\/2020\/11\/zoom-genero-300x169.png 300w, https:\/\/atecordoba.org\/wp-content\/uploads\/2020\/11\/zoom-genero-1024x576.png 1024w, https:\/\/atecordoba.org\/wp-content\/uploads\/2020\/11\/zoom-genero-768x432.png 768w, https:\/\/atecordoba.org\/wp-content\/uploads\/2020\/11\/zoom-genero-750x422.png 750w, https:\/\/atecordoba.org\/wp-content\/uploads\/2020\/11\/zoom-genero-1140x641.png 1140w, https:\/\/atecordoba.org\/wp-content\/uploads\/2020\/11\/zoom-genero.png 1350w\" sizes=\"auto, (max-width: 600px) 100vw, 600px\" \/><\/p>\n<p>En cuarta instancia se debe generar y producir datos con perspectiva de g\u00e9neros, poniendo de relieve brechas laborales de g\u00e9nero que permita conocer la realidad laboral de las y los estatales en los distintos sectores de trabajo, la producci\u00f3n de estad\u00edsticas ayuda a visibilizar las desigualdades que se producen en el \u00e1mbito laboral y poder generar acciones de intervenci\u00f3n para su erradicaci\u00f3n; en quinto lugar, generar articulaci\u00f3n jur\u00eddico-sindical para el abordaje de casos de vulneraci\u00f3n de derechos con perspectiva de g\u00e9neros y diversidades, entendiendo que toda intervenci\u00f3n judicial tiene que acompa\u00f1ar a la definici\u00f3n pol\u00edtica de la intervenci\u00f3n que se realice.<\/p>\n<p><strong>Instancia de negociaci\u00f3n<\/strong><\/p>\n<p>Luego de dos jornadas de debate se destacan algunos aportes como el realizado por la Secretaria General de R\u00edo Cuarto, Rafaela Alcoba, sobre avanzar en los Municipios con instancias de negociaci\u00f3n colectiva para incorporar como obligatoria una propuesta de capacitaci\u00f3n en Ley Micaela y Protocolos para atender la violencia de g\u00e9nero en el \u00e1mbito laboral. Asimismo Luca Degra Weber, trabajadora de la Universidad Nacional de R\u00edo Cuarto expres\u00f3 que deber\u00eda contemplarse un Gabinete de atenci\u00f3n de la violencia de g\u00e9neros y diversidades que tenga como eje la no re-victimizaci\u00f3n de quienes denuncian.<\/p>\n<p>&nbsp;<\/p>\n","protected":false},"excerpt":{"rendered":"<p>Las Directoras del Departamento de G\u00e9neros y Diversidades Gabriela Alcoba y Mar\u00eda Sotti presentaron un Plan de Acci\u00f3n Sindical con perspectiva de g\u00e9neros y diversidades que han sido sometido a discusi\u00f3n tanto con las y los compa\u00f1eros que militan en el Departamento como con las y los miembros de conducci\u00f3n de la mayor\u00eda de las [&hellip;]<\/p>\n","protected":false},"author":7,"featured_media":23218,"comment_status":"open","ping_status":"open","sticky":true,"template":"","format":"standard","meta":{"_exactmetrics_skip_tracking":false,"_exactmetrics_sitenote_active":false,"_exactmetrics_sitenote_note":"","_exactmetrics_sitenote_category":0,"jnews-multi-image_gallery":[],"jnews_single_post":{"source_name":"","source_url":"","via_name":"","via_url":"","override_template":"0","override":[{"template":"1","single_blog_custom":"","parallax":"1","fullscreen":"0","layout":"right-sidebar","sidebar":"default-sidebar","second_sidebar":"default-sidebar","sticky_sidebar":"1","share_position":"top","share_float_style":"share-monocrhome","show_share_counter":"1","show_view_counter":"1","show_featured":"1","show_post_meta":"1","show_post_author":"1","show_post_author_image":"1","show_post_date":"1","post_date_format":"default","post_date_format_custom":"Y\/m\/d","show_post_category":"1","show_post_reading_time":"0","post_reading_time_wpm":"300","show_zoom_button":"0","zoom_button_out_step":"2","zoom_button_in_step":"3","show_post_tag":"1","show_prev_next_post":"1","show_popup_post":"1","number_popup_post":"1","show_author_box":"0","show_post_related":"0","show_inline_post_related":"0"}],"override_image_size":"0","image_override":[{"single_post_thumbnail_size":"crop-500","single_post_gallery_size":"crop-500"}],"trending_post":"0","trending_post_position":"meta","trending_post_label":"Trending","sponsored_post":"0","sponsored_post_label":"Sponsored by","sponsored_post_name":"","sponsored_post_url":"","sponsored_post_logo_enable":"0","sponsored_post_logo":"","sponsored_post_desc":""},"jnews_primary_category":{"id":""},"jnews_social_meta":{"fb_title":"","fb_description":"","fb_image":"","twitter_title":"","twitter_description":"","twitter_image":""},"jnews_review":[],"enable_review":"0","type":"percentage","name":"","summary":"","brand":"","sku":"","good":[{"good_text":""}],"bad":[{"bad_text":""}],"score_override":"","override_value":"","rating":[{"rating_text":"","rating_number":"10"}],"price":[{"shop":"","price":"","link":"","icon":""}],"jnews_override_counter":{"override_view_counter":"0","view_counter_number":"0","override_share_counter":"0","share_counter_number":"0","override_like_counter":"0","like_counter_number":"0","override_dislike_counter":"0","dislike_counter_number":"0"},"jnews_post_split":{"enable_post_split":"0","post_split":[{"template":"1","tag":"h2","numbering":"asc","mode":"normal"}]},"footnotes":""},"categories":[325],"tags":[693],"class_list":["post-23217","post","type-post","status-publish","format-standard","has-post-thumbnail","hentry","category-generos-y-diversidades","tag-plan-de-accion-generos-y-diversidades"],"jetpack_featured_media_url":"https:\/\/atecordoba.org\/wp-content\/uploads\/2020\/11\/zoom-genero-noviembre.png","_links":{"self":[{"href":"https:\/\/atecordoba.org\/index.php?rest_route=\/wp\/v2\/posts\/23217","targetHints":{"allow":["GET"]}}],"collection":[{"href":"https:\/\/atecordoba.org\/index.php?rest_route=\/wp\/v2\/posts"}],"about":[{"href":"https:\/\/atecordoba.org\/index.php?rest_route=\/wp\/v2\/types\/post"}],"author":[{"embeddable":true,"href":"https:\/\/atecordoba.org\/index.php?rest_route=\/wp\/v2\/users\/7"}],"replies":[{"embeddable":true,"href":"https:\/\/atecordoba.org\/index.php?rest_route=%2Fwp%2Fv2%2Fcomments&post=23217"}],"version-history":[{"count":2,"href":"https:\/\/atecordoba.org\/index.php?rest_route=\/wp\/v2\/posts\/23217\/revisions"}],"predecessor-version":[{"id":23221,"href":"https:\/\/atecordoba.org\/index.php?rest_route=\/wp\/v2\/posts\/23217\/revisions\/23221"}],"wp:featuredmedia":[{"embeddable":true,"href":"https:\/\/atecordoba.org\/index.php?rest_route=\/wp\/v2\/media\/23218"}],"wp:attachment":[{"href":"https:\/\/atecordoba.org\/index.php?rest_route=%2Fwp%2Fv2%2Fmedia&parent=23217"}],"wp:term":[{"taxonomy":"category","embeddable":true,"href":"https:\/\/atecordoba.org\/index.php?rest_route=%2Fwp%2Fv2%2Fcategories&post=23217"},{"taxonomy":"post_tag","embeddable":true,"href":"https:\/\/atecordoba.org\/index.php?rest_route=%2Fwp%2Fv2%2Ftags&post=23217"}],"curies":[{"name":"wp","href":"https:\/\/api.w.org\/{rel}","templated":true}]}}