{"id":23207,"date":"2020-11-18T14:10:56","date_gmt":"2020-11-18T17:10:56","guid":{"rendered":"https:\/\/atecordoba.org\/?p=23207"},"modified":"2020-11-18T14:13:29","modified_gmt":"2020-11-18T17:13:29","slug":"recomposicion-de-haberes-en-villa-ciudad-parque-rompe-el-techo-de-la-inflacion","status":"publish","type":"post","link":"https:\/\/atecordoba.org\/?p=23207","title":{"rendered":"Recomposici\u00f3n salarial en Villa Ciudad Parque rompe el techo de la inflaci\u00f3n"},"content":{"rendered":"<p><img loading=\"lazy\" decoding=\"async\" class=\" wp-image-23208 aligncenter\" src=\"https:\/\/atecordoba.org\/wp-content\/uploads\/2020\/11\/villa-ciudad-del-parque-300x225.jpeg\" alt=\"\" width=\"600\" height=\"450\" srcset=\"https:\/\/atecordoba.org\/wp-content\/uploads\/2020\/11\/villa-ciudad-del-parque-300x225.jpeg 300w, https:\/\/atecordoba.org\/wp-content\/uploads\/2020\/11\/villa-ciudad-del-parque-1024x768.jpeg 1024w, https:\/\/atecordoba.org\/wp-content\/uploads\/2020\/11\/villa-ciudad-del-parque-768x576.jpeg 768w, https:\/\/atecordoba.org\/wp-content\/uploads\/2020\/11\/villa-ciudad-del-parque-750x563.jpeg 750w, https:\/\/atecordoba.org\/wp-content\/uploads\/2020\/11\/villa-ciudad-del-parque.jpeg 1032w\" sizes=\"auto, (max-width: 600px) 100vw, 600px\" \/>La seccional ATE R\u00edo Tercero mantuvo hoy una nueva reuni\u00f3n paritaria en el Municipio de Villa Ciudad Parque, con la presencia del secretario General Dami\u00e1n Albornoz, as\u00ed como el Gremial, David Salto.<\/p>\n<p>En la oportunidad se alcanz\u00f3 un nuevo acuerdo salarial con los haberes de noviembre, que sumado a las recategorizaciones previas alcanza un 45% para las categor\u00edas iniciales y un 35% anual para las categor\u00edas superiores.<\/p>\n<p>Ante la solicitud del sindicato de un bono de fin de a\u00f1o para todos los trabajadores municipales, se pas\u00f3 a un cuarto intermedio para el pr\u00f3ximo viernes con el fin de obtener respuestas concretas a la solicitud.<\/p>\n<p>&nbsp;<\/p>\n","protected":false},"excerpt":{"rendered":"<p>La seccional ATE R\u00edo Tercero mantuvo hoy una nueva reuni\u00f3n paritaria en el Municipio de Villa Ciudad Parque, con la presencia del secretario General Dami\u00e1n Albornoz, as\u00ed como el Gremial, David Salto. En la oportunidad se alcanz\u00f3 un nuevo acuerdo salarial con los haberes de noviembre, que sumado a las recategorizaciones previas alcanza un 45% [&hellip;]<\/p>\n","protected":false},"author":7,"featured_media":23208,"comment_status":"open","ping_status":"open","sticky":true,"template":"","format":"standard","meta":{"_exactmetrics_skip_tracking":false,"_exactmetrics_sitenote_active":false,"_exactmetrics_sitenote_note":"","_exactmetrics_sitenote_category":0,"jnews-multi-image_gallery":[],"jnews_single_post":{"source_name":"","source_url":"","via_name":"","via_url":"","override_template":"0","override":[{"template":"1","single_blog_custom":"","parallax":"1","fullscreen":"0","layout":"right-sidebar","sidebar":"default-sidebar","second_sidebar":"default-sidebar","sticky_sidebar":"1","share_position":"top","share_float_style":"share-monocrhome","show_share_counter":"1","show_view_counter":"1","show_featured":"1","show_post_meta":"1","show_post_author":"1","show_post_author_image":"1","show_post_date":"1","post_date_format":"default","post_date_format_custom":"Y\/m\/d","show_post_category":"1","show_post_reading_time":"0","post_reading_time_wpm":"300","show_zoom_button":"0","zoom_button_out_step":"2","zoom_button_in_step":"3","show_post_tag":"1","show_prev_next_post":"1","show_popup_post":"1","number_popup_post":"1","show_author_box":"0","show_post_related":"0","show_inline_post_related":"0"}],"override_image_size":"0","image_override":[{"single_post_thumbnail_size":"crop-500","single_post_gallery_size":"crop-500"}],"trending_post":"0","trending_post_position":"meta","trending_post_label":"Trending","sponsored_post":"0","sponsored_post_label":"Sponsored by","sponsored_post_name":"","sponsored_post_url":"","sponsored_post_logo_enable":"0","sponsored_post_logo":"","sponsored_post_desc":""},"jnews_primary_category":{"id":""},"jnews_social_meta":{"fb_title":"","fb_description":"","fb_image":"","twitter_title":"","twitter_description":"","twitter_image":""},"jnews_review":[],"enable_review":"0","type":"percentage","name":"","summary":"","brand":"","sku":"","good":[{"good_text":""}],"bad":[{"bad_text":""}],"score_override":"","override_value":"","rating":[{"rating_text":"","rating_number":"10"}],"price":[{"shop":"","price":"","link":"","icon":""}],"jnews_override_counter":{"override_view_counter":"0","view_counter_number":"0","override_share_counter":"0","share_counter_number":"0","override_like_counter":"0","like_counter_number":"0","override_dislike_counter":"0","dislike_counter_number":"0"},"jnews_post_split":{"enable_post_split":"0","post_split":[{"template":"1","tag":"h2","numbering":"asc","mode":"normal"}]},"footnotes":""},"categories":[20,13],"tags":[692],"class_list":["post-23207","post","type-post","status-publish","format-standard","has-post-thumbnail","hentry","category-municipales","category-rio-tercero","tag-villa-ciudad-del-parque"],"jetpack_featured_media_url":"https:\/\/atecordoba.org\/wp-content\/uploads\/2020\/11\/villa-ciudad-del-parque.jpeg","_links":{"self":[{"href":"https:\/\/atecordoba.org\/index.php?rest_route=\/wp\/v2\/posts\/23207","targetHints":{"allow":["GET"]}}],"collection":[{"href":"https:\/\/atecordoba.org\/index.php?rest_route=\/wp\/v2\/posts"}],"about":[{"href":"https:\/\/atecordoba.org\/index.php?rest_route=\/wp\/v2\/types\/post"}],"author":[{"embeddable":true,"href":"https:\/\/atecordoba.org\/index.php?rest_route=\/wp\/v2\/users\/7"}],"replies":[{"embeddable":true,"href":"https:\/\/atecordoba.org\/index.php?rest_route=%2Fwp%2Fv2%2Fcomments&post=23207"}],"version-history":[{"count":2,"href":"https:\/\/atecordoba.org\/index.php?rest_route=\/wp\/v2\/posts\/23207\/revisions"}],"predecessor-version":[{"id":23210,"href":"https:\/\/atecordoba.org\/index.php?rest_route=\/wp\/v2\/posts\/23207\/revisions\/23210"}],"wp:featuredmedia":[{"embeddable":true,"href":"https:\/\/atecordoba.org\/index.php?rest_route=\/wp\/v2\/media\/23208"}],"wp:attachment":[{"href":"https:\/\/atecordoba.org\/index.php?rest_route=%2Fwp%2Fv2%2Fmedia&parent=23207"}],"wp:term":[{"taxonomy":"category","embeddable":true,"href":"https:\/\/atecordoba.org\/index.php?rest_route=%2Fwp%2Fv2%2Fcategories&post=23207"},{"taxonomy":"post_tag","embeddable":true,"href":"https:\/\/atecordoba.org\/index.php?rest_route=%2Fwp%2Fv2%2Ftags&post=23207"}],"curies":[{"name":"wp","href":"https:\/\/api.w.org\/{rel}","templated":true}]}}