{"id":23195,"date":"2020-11-18T11:34:51","date_gmt":"2020-11-18T14:34:51","guid":{"rendered":"https:\/\/atecordoba.org\/?p=23195"},"modified":"2020-11-18T11:34:51","modified_gmt":"2020-11-18T14:34:51","slug":"ate-se-reunio-con-el-ejecutivo-de-quilino","status":"publish","type":"post","link":"https:\/\/atecordoba.org\/?p=23195","title":{"rendered":"ATE se reuni\u00f3 con el Ejecutivo de Quilino"},"content":{"rendered":"<p><img loading=\"lazy\" decoding=\"async\" class=\" wp-image-23196 aligncenter\" src=\"https:\/\/atecordoba.org\/wp-content\/uploads\/2020\/11\/quilino-bandera-300x189.jpg\" alt=\"\" width=\"600\" height=\"378\" srcset=\"https:\/\/atecordoba.org\/wp-content\/uploads\/2020\/11\/quilino-bandera-300x189.jpg 300w, https:\/\/atecordoba.org\/wp-content\/uploads\/2020\/11\/quilino-bandera-1024x645.jpg 1024w, https:\/\/atecordoba.org\/wp-content\/uploads\/2020\/11\/quilino-bandera-768x484.jpg 768w, https:\/\/atecordoba.org\/wp-content\/uploads\/2020\/11\/quilino-bandera-750x472.jpg 750w, https:\/\/atecordoba.org\/wp-content\/uploads\/2020\/11\/quilino-bandera-1140x718.jpg 1140w, https:\/\/atecordoba.org\/wp-content\/uploads\/2020\/11\/quilino-bandera.jpg 1280w\" sizes=\"auto, (max-width: 600px) 100vw, 600px\" \/>Ayer se realiz\u00f3 una audiencia en la Municipalidad de Quilino donde particip\u00f3 el Ejecutivo de la localidad, sin la participaci\u00f3n de la intendenta Mabel Godoy debido a un contacto estrecho con una persona contagiada por Covid 19, y una delegaci\u00f3n de ATE, donde se abord\u00f3 una serie de reclamos y se acordaron puntos de acuerdo para la convivencia institucional en el sector.<\/p>\n<p>Por parte de ATE, estuvieron presentes la secretaria de Interior del Consejo Directivo Provincial (CDP), Edith Innamorato, el secretario de Formaci\u00f3n, Cesar Theaux, de Acci\u00f3n Social, Iv\u00e1n Contreras y, los delegados municipales Cristian Sosa y V\u00edctor P\u00e9rez.<\/p>\n<p>En tanto en representaci\u00f3n del ejecutivo municipal participaron el asesor letrado, la secretaria de Gobierno, la encargada de personal y el contador de la comuna, junto al presidente del Consejo Deliberante, Martin Luna.<\/p>\n<p>En principio, se acord\u00f3 saldar la deuda que el Estado municipal tiene con ATE por la retenci\u00f3n de la cuota de afiliaci\u00f3n de 12 compa\u00f1eros y compa\u00f1eras que no fue depositada al CDP, arribando a que las diferencias sobre el padr\u00f3n de afiliados y afiliadas se saldar\u00e1 el correspondiente intercambio de documentaci\u00f3n.<\/p>\n<p>Al mismo tiempo, ATE plante\u00f3 la urgencia de reincorporar a 9 afiliados despedidos a comienzos de la actual gesti\u00f3n que a\u00fan no fueron reincorporados. Se estableci\u00f3 el compromiso de evaluar conjuntamente cada caso.<\/p>\n<p><strong>Retraso salarial<\/strong><\/p>\n<p>Respecto a nivel salarial de las y los trabajadores del sector, cabe se\u00f1alar que con un b\u00e1sico que ronda los 7 mil pesos toda discusi\u00f3n sobre recomposici\u00f3n de haberes quedas distorsionada, aun cuando el Ejecutivo aduce que en 2020 otorg\u00f3 una actualizaci\u00f3n del 30%.<\/p>\n<p>Por tanto qued\u00f3 pendiente para la apertura de la mesa de discusi\u00f3n paritaria para el 2021 un abordaje profundo a los fines de elevar los niveles salariales progresivamente a niveles de dignidad razonables.<\/p>\n<p>Respecto a la entrega de ropa de trabajo y elementos de protecci\u00f3n personal, ATE reclam\u00f3 que se haga entrega a todo el personal debido a que solo lo recibi\u00f3 un sector.<\/p>\n<p>Posteriormente, la delegaci\u00f3n de ATE realiz\u00f3 una asamblea con los afiliados donde se inform\u00f3 lo actuado. Las y los compa\u00f1eros se comprometieron a avanzar en la campa\u00f1a de afiliaciones en tanto el CDP seguir\u00e1 de cerca el cumplimiento de los acuerdos alcanzados y mantendr\u00e1 los reclamos por mejoras salariales y de condiciones de trabajo.<\/p>\n<p>\u201cFue una reuni\u00f3n satisfactoria y esperamos continuar avanzando en lograr el cumplimiento de los reclamos del sector\u201d, concluy\u00f3 Innamorato al finalizar la jornada<\/p>\n<p>&nbsp;<\/p>\n","protected":false},"excerpt":{"rendered":"<p>Ayer se realiz\u00f3 una audiencia en la Municipalidad de Quilino donde particip\u00f3 el Ejecutivo de la localidad, sin la participaci\u00f3n de la intendenta Mabel Godoy debido a un contacto estrecho con una persona contagiada por Covid 19, y una delegaci\u00f3n de ATE, donde se abord\u00f3 una serie de reclamos y se acordaron puntos de acuerdo [&hellip;]<\/p>\n","protected":false},"author":7,"featured_media":23196,"comment_status":"open","ping_status":"open","sticky":true,"template":"","format":"standard","meta":{"_exactmetrics_skip_tracking":false,"_exactmetrics_sitenote_active":false,"_exactmetrics_sitenote_note":"","_exactmetrics_sitenote_category":0,"jnews-multi-image_gallery":[],"jnews_single_post":{"source_name":"","source_url":"","via_name":"","via_url":"","override_template":"0","override":[{"template":"1","single_blog_custom":"","parallax":"1","fullscreen":"0","layout":"right-sidebar","sidebar":"default-sidebar","second_sidebar":"default-sidebar","sticky_sidebar":"1","share_position":"top","share_float_style":"share-monocrhome","show_share_counter":"1","show_view_counter":"1","show_featured":"1","show_post_meta":"1","show_post_author":"1","show_post_author_image":"1","show_post_date":"1","post_date_format":"default","post_date_format_custom":"Y\/m\/d","show_post_category":"1","show_post_reading_time":"0","post_reading_time_wpm":"300","show_zoom_button":"0","zoom_button_out_step":"2","zoom_button_in_step":"3","show_post_tag":"1","show_prev_next_post":"1","show_popup_post":"1","number_popup_post":"1","show_author_box":"0","show_post_related":"0","show_inline_post_related":"0"}],"override_image_size":"0","image_override":[{"single_post_thumbnail_size":"crop-500","single_post_gallery_size":"crop-500"}],"trending_post":"0","trending_post_position":"meta","trending_post_label":"Trending","sponsored_post":"0","sponsored_post_label":"Sponsored by","sponsored_post_name":"","sponsored_post_url":"","sponsored_post_logo_enable":"0","sponsored_post_logo":"","sponsored_post_desc":""},"jnews_primary_category":{"id":""},"jnews_social_meta":{"fb_title":"","fb_description":"","fb_image":"","twitter_title":"","twitter_description":"","twitter_image":""},"jnews_review":[],"enable_review":"0","type":"percentage","name":"","summary":"","brand":"","sku":"","good":[{"good_text":""}],"bad":[{"bad_text":""}],"score_override":"","override_value":"","rating":[{"rating_text":"","rating_number":"10"}],"price":[{"shop":"","price":"","link":"","icon":""}],"jnews_override_counter":{"override_view_counter":"0","view_counter_number":"0","override_share_counter":"0","share_counter_number":"0","override_like_counter":"0","like_counter_number":"0","override_dislike_counter":"0","dislike_counter_number":"0"},"jnews_post_split":{"enable_post_split":"0","post_split":[{"template":"1","tag":"h2","numbering":"asc","mode":"normal"}]},"footnotes":""},"categories":[20],"tags":[655],"class_list":["post-23195","post","type-post","status-publish","format-standard","has-post-thumbnail","hentry","category-municipales","tag-quilino"],"jetpack_featured_media_url":"https:\/\/atecordoba.org\/wp-content\/uploads\/2020\/11\/quilino-bandera.jpg","_links":{"self":[{"href":"https:\/\/atecordoba.org\/index.php?rest_route=\/wp\/v2\/posts\/23195","targetHints":{"allow":["GET"]}}],"collection":[{"href":"https:\/\/atecordoba.org\/index.php?rest_route=\/wp\/v2\/posts"}],"about":[{"href":"https:\/\/atecordoba.org\/index.php?rest_route=\/wp\/v2\/types\/post"}],"author":[{"embeddable":true,"href":"https:\/\/atecordoba.org\/index.php?rest_route=\/wp\/v2\/users\/7"}],"replies":[{"embeddable":true,"href":"https:\/\/atecordoba.org\/index.php?rest_route=%2Fwp%2Fv2%2Fcomments&post=23195"}],"version-history":[{"count":1,"href":"https:\/\/atecordoba.org\/index.php?rest_route=\/wp\/v2\/posts\/23195\/revisions"}],"predecessor-version":[{"id":23197,"href":"https:\/\/atecordoba.org\/index.php?rest_route=\/wp\/v2\/posts\/23195\/revisions\/23197"}],"wp:featuredmedia":[{"embeddable":true,"href":"https:\/\/atecordoba.org\/index.php?rest_route=\/wp\/v2\/media\/23196"}],"wp:attachment":[{"href":"https:\/\/atecordoba.org\/index.php?rest_route=%2Fwp%2Fv2%2Fmedia&parent=23195"}],"wp:term":[{"taxonomy":"category","embeddable":true,"href":"https:\/\/atecordoba.org\/index.php?rest_route=%2Fwp%2Fv2%2Fcategories&post=23195"},{"taxonomy":"post_tag","embeddable":true,"href":"https:\/\/atecordoba.org\/index.php?rest_route=%2Fwp%2Fv2%2Ftags&post=23195"}],"curies":[{"name":"wp","href":"https:\/\/api.w.org\/{rel}","templated":true}]}}