{"id":23186,"date":"2020-11-17T11:24:43","date_gmt":"2020-11-17T14:24:43","guid":{"rendered":"https:\/\/atecordoba.org\/?p=23186"},"modified":"2020-11-17T11:26:09","modified_gmt":"2020-11-17T14:26:09","slug":"conversatorio-virtual-sobre-los-ddhh-y-la-clase-trabajadora","status":"publish","type":"post","link":"https:\/\/atecordoba.org\/?p=23186","title":{"rendered":"Conversatorio virtual sobre los DDHH y la clase trabajadora"},"content":{"rendered":"<p><img loading=\"lazy\" decoding=\"async\" class=\" wp-image-23187 alignleft\" src=\"https:\/\/atecordoba.org\/wp-content\/uploads\/2020\/11\/flyer-zoom-ddhh_formacion-300x300.jpg\" alt=\"\" width=\"466\" height=\"466\" srcset=\"https:\/\/atecordoba.org\/wp-content\/uploads\/2020\/11\/flyer-zoom-ddhh_formacion-300x300.jpg 300w, https:\/\/atecordoba.org\/wp-content\/uploads\/2020\/11\/flyer-zoom-ddhh_formacion-1024x1024.jpg 1024w, https:\/\/atecordoba.org\/wp-content\/uploads\/2020\/11\/flyer-zoom-ddhh_formacion-150x150.jpg 150w, https:\/\/atecordoba.org\/wp-content\/uploads\/2020\/11\/flyer-zoom-ddhh_formacion-768x768.jpg 768w, https:\/\/atecordoba.org\/wp-content\/uploads\/2020\/11\/flyer-zoom-ddhh_formacion-560x560.jpg 560w, https:\/\/atecordoba.org\/wp-content\/uploads\/2020\/11\/flyer-zoom-ddhh_formacion-75x75.jpg 75w, https:\/\/atecordoba.org\/wp-content\/uploads\/2020\/11\/flyer-zoom-ddhh_formacion-750x750.jpg 750w, https:\/\/atecordoba.org\/wp-content\/uploads\/2020\/11\/flyer-zoom-ddhh_formacion.jpg 1098w\" sizes=\"auto, (max-width: 466px) 100vw, 466px\" \/>Organizado por el Departamento de DDHH del Consejo Directivo Provincial (CDP), ma\u00f1ana mi\u00e9rcoles 18 de noviembre se realizar\u00e1 un taller de formaci\u00f3n virtual abierto a todo p\u00fablico titulado &#8220;\u00bfPara qu\u00e9 nos formamos en DDHH?&#8221;.<\/p>\n<p>El curso comenzar\u00e1 a las 18 horas v\u00eda streaming y contar\u00e1 con la participaci\u00f3n del doctor en Derecho, docente de la UNC e investigador del Conicet, Horacio Etchichury, la secretaria General del Gremio de Gr\u00e1ficos, ex legisladora provincial e integrantes de la CGT C\u00f3rdoba, Ilda Bustos, y la secretaria de Derechos Humanos y G\u00e9nero de la Uni\u00f3n de Trabajadores de la Educaci\u00f3n de la Provincia de C\u00f3rdoba (UEPC), Silvia Marchetti.<\/p>\n<p>El secretario de Formaci\u00f3n y titular del Departamento de DDHH, C\u00e9sar Theaux, explic\u00f3 que se trata de una &#8220;jornada introductoria aun curso de DDHH que se realiza conjuntamente con la Mesa de Trabajo de DDHH de C\u00f3rdoba. Desde el departamento de DDHH del CDP, sab\u00edamos de antemano que hay muchos compa\u00f1eros y compa\u00f1eras en distintas organizaciones que ya ten\u00edan trabajos realizados sobre esto as\u00ed que decidimos convocarles para que compartan sus propuestas. Tambi\u00e9n participa el Archivo Provincial de la Memoria, que nos aporta sus datos y la predisposici\u00f3n para que trabajemos en conjunto&#8221;.<\/p>\n<p>&#8220;Adem\u00e1s agregamos a otros actores, referentes de la lucha por los DDHH en C\u00f3rdoba, para empezar a abrir y buscar denominadores comunes que tenemos las y los trabajadores, m\u00e1s all\u00e1 de la central obrera y el sindicato que integremos&#8221;, dijo el dirigente.<\/p>\n<p>Theaux a\u00f1adi\u00f3 que el CDP va a realizar otras experiencias similares antes que termine el a\u00f1o. &#8220;Para el 2021 vamos a tener un curso espec\u00edfico de DDHH, que es fundamental para que todos entendamos de qu\u00e9 estamos hablando al referirnos a DDHH y no incurramos en errores t\u00edpicos a los que nos llevan los medios de comunicaci\u00f3n y nuestras desesperaciones personales&#8221;.<\/p>\n<p>Los interesados deben integrarse por medio del facebook live de ATE Cordoba o en la sala de zoom <a href=\"https:\/\/us02web.zoom.us\/j\/85457351450?pwd=dk1EdnpIcEt4QU5XbEkvbk9iVXNpQT09&amp;fbclid=IwAR3aRk8O6d4zfkr86qHxJsBn6gVBqc3Flx5e-MMD9S7eYr6j2SUoL5wXZBo\" target=\"_blank\" rel=\"nofollow noopener noreferrer\" data-saferedirecturl=\"https:\/\/www.google.com\/url?q=https:\/\/us02web.zoom.us\/j\/85457351450?pwd%3Ddk1EdnpIcEt4QU5XbEkvbk9iVXNpQT09%26fbclid%3DIwAR3aRk8O6d4zfkr86qHxJsBn6gVBqc3Flx5e-MMD9S7eYr6j2SUoL5wXZBo&amp;source=gmail&amp;ust=1605703464851000&amp;usg=AFQjCNG1A_-Yvwp7ifG5MGOgWSIEaFoMAA\">https:\/\/us02web.zoom.us\/j\/<wbr \/>85457351450&#8230;<\/a><\/p>\n<div>\n<div dir=\"auto\">ID de reuni\u00f3n: 854 5735 1450<\/div>\n<div dir=\"auto\">C\u00f3digo de acceso: 737797<\/div>\n<\/div>\n<p>&nbsp;<\/p>\n","protected":false},"excerpt":{"rendered":"<p>Organizado por el Departamento de DDHH del Consejo Directivo Provincial (CDP), ma\u00f1ana mi\u00e9rcoles 18 de noviembre se realizar\u00e1 un taller de formaci\u00f3n virtual abierto a todo p\u00fablico titulado &#8220;\u00bfPara qu\u00e9 nos formamos en DDHH?&#8221;. El curso comenzar\u00e1 a las 18 horas v\u00eda streaming y contar\u00e1 con la participaci\u00f3n del doctor en Derecho, docente de la [&hellip;]<\/p>\n","protected":false},"author":7,"featured_media":23187,"comment_status":"open","ping_status":"open","sticky":true,"template":"","format":"standard","meta":{"_exactmetrics_skip_tracking":false,"_exactmetrics_sitenote_active":false,"_exactmetrics_sitenote_note":"","_exactmetrics_sitenote_category":0,"jnews-multi-image_gallery":[],"jnews_single_post":{"source_name":"","source_url":"","via_name":"","via_url":"","override_template":"0","override":[{"template":"1","single_blog_custom":"","parallax":"1","fullscreen":"0","layout":"right-sidebar","sidebar":"default-sidebar","second_sidebar":"default-sidebar","sticky_sidebar":"1","share_position":"top","share_float_style":"share-monocrhome","show_share_counter":"1","show_view_counter":"1","show_featured":"1","show_post_meta":"1","show_post_author":"1","show_post_author_image":"1","show_post_date":"1","post_date_format":"default","post_date_format_custom":"Y\/m\/d","show_post_category":"1","show_post_reading_time":"0","post_reading_time_wpm":"300","show_zoom_button":"0","zoom_button_out_step":"2","zoom_button_in_step":"3","show_post_tag":"1","show_prev_next_post":"1","show_popup_post":"1","number_popup_post":"1","show_author_box":"0","show_post_related":"0","show_inline_post_related":"0"}],"override_image_size":"0","image_override":[{"single_post_thumbnail_size":"crop-500","single_post_gallery_size":"crop-500"}],"trending_post":"0","trending_post_position":"meta","trending_post_label":"Trending","sponsored_post":"0","sponsored_post_label":"Sponsored by","sponsored_post_name":"","sponsored_post_url":"","sponsored_post_logo_enable":"0","sponsored_post_logo":"","sponsored_post_desc":""},"jnews_primary_category":{"id":""},"jnews_social_meta":{"fb_title":"","fb_description":"","fb_image":"","twitter_title":"","twitter_description":"","twitter_image":""},"jnews_review":[],"enable_review":"0","type":"percentage","name":"","summary":"","brand":"","sku":"","good":[{"good_text":""}],"bad":[{"bad_text":""}],"score_override":"","override_value":"","rating":[{"rating_text":"","rating_number":"10"}],"price":[{"shop":"","price":"","link":"","icon":""}],"jnews_override_counter":{"override_view_counter":"0","view_counter_number":"0","override_share_counter":"0","share_counter_number":"0","override_like_counter":"0","like_counter_number":"0","override_dislike_counter":"0","dislike_counter_number":"0"},"jnews_post_split":{"enable_post_split":"0","post_split":[{"template":"1","tag":"h2","numbering":"asc","mode":"normal"}]},"footnotes":""},"categories":[341,122,88],"tags":[689],"class_list":["post-23186","post","type-post","status-publish","format-standard","has-post-thumbnail","hentry","category-cdp","category-ddhh","category-formacion","tag-ddhh-y-la-clase-trabajadora"],"jetpack_featured_media_url":"https:\/\/atecordoba.org\/wp-content\/uploads\/2020\/11\/flyer-zoom-ddhh_formacion.jpg","_links":{"self":[{"href":"https:\/\/atecordoba.org\/index.php?rest_route=\/wp\/v2\/posts\/23186","targetHints":{"allow":["GET"]}}],"collection":[{"href":"https:\/\/atecordoba.org\/index.php?rest_route=\/wp\/v2\/posts"}],"about":[{"href":"https:\/\/atecordoba.org\/index.php?rest_route=\/wp\/v2\/types\/post"}],"author":[{"embeddable":true,"href":"https:\/\/atecordoba.org\/index.php?rest_route=\/wp\/v2\/users\/7"}],"replies":[{"embeddable":true,"href":"https:\/\/atecordoba.org\/index.php?rest_route=%2Fwp%2Fv2%2Fcomments&post=23186"}],"version-history":[{"count":2,"href":"https:\/\/atecordoba.org\/index.php?rest_route=\/wp\/v2\/posts\/23186\/revisions"}],"predecessor-version":[{"id":23189,"href":"https:\/\/atecordoba.org\/index.php?rest_route=\/wp\/v2\/posts\/23186\/revisions\/23189"}],"wp:featuredmedia":[{"embeddable":true,"href":"https:\/\/atecordoba.org\/index.php?rest_route=\/wp\/v2\/media\/23187"}],"wp:attachment":[{"href":"https:\/\/atecordoba.org\/index.php?rest_route=%2Fwp%2Fv2%2Fmedia&parent=23186"}],"wp:term":[{"taxonomy":"category","embeddable":true,"href":"https:\/\/atecordoba.org\/index.php?rest_route=%2Fwp%2Fv2%2Fcategories&post=23186"},{"taxonomy":"post_tag","embeddable":true,"href":"https:\/\/atecordoba.org\/index.php?rest_route=%2Fwp%2Fv2%2Ftags&post=23186"}],"curies":[{"name":"wp","href":"https:\/\/api.w.org\/{rel}","templated":true}]}}