{"id":23182,"date":"2020-11-17T10:40:05","date_gmt":"2020-11-17T13:40:05","guid":{"rendered":"https:\/\/atecordoba.org\/?p=23182"},"modified":"2020-11-17T10:41:44","modified_gmt":"2020-11-17T13:41:44","slug":"capacitacion-el-sistema-de-riesgos-de-trabajo-y-los-equipos-de-salud","status":"publish","type":"post","link":"https:\/\/atecordoba.org\/?p=23182","title":{"rendered":"Capacitaci\u00f3n: el Sistema de Riesgos de Trabajo y los equipos de salud"},"content":{"rendered":"<p><img loading=\"lazy\" decoding=\"async\" class=\" wp-image-23183 alignleft\" src=\"https:\/\/atecordoba.org\/wp-content\/uploads\/2020\/11\/flyer-cymat_-zoom-SRT-equipos-de-salud-261x300.jpg\" alt=\"\" width=\"371\" height=\"426\" srcset=\"https:\/\/atecordoba.org\/wp-content\/uploads\/2020\/11\/flyer-cymat_-zoom-SRT-equipos-de-salud-261x300.jpg 261w, https:\/\/atecordoba.org\/wp-content\/uploads\/2020\/11\/flyer-cymat_-zoom-SRT-equipos-de-salud.jpg 522w\" sizes=\"auto, (max-width: 371px) 100vw, 371px\" \/><\/p>\n<p>El Departamento de Salud Laboral del Consejo Directivo Provincial (CDP) de ATE C\u00f3rdoba comenzar\u00e1 hoy martes a las 17 horas, un taller de formaci\u00f3n virtual denominado \u201cIntroducci\u00f3n a los Riesgos del Trabajo y la Salud Laboral en las y los Trabajadores de los Servicios de Salud\u201d, destinado a los integrantes de equipos sanitarios del \u00e1mbito nacional, provincial y municipal de nuestra provincia.<\/p>\n<p>El curso estar\u00e1 a cargo del titular del Departamento, Mat\u00edas Giuliani, y contar\u00e1 con la participaci\u00f3n del Instituto de Salud Laboral y Medio Ambiente de Trabajo (ISLyMA-CTAA).<\/p>\n<p>Seg\u00fan explic\u00f3 Giuliani, la iniciativa surge para atender \u201cuna demanda de compa\u00f1eros y compa\u00f1eras del sector salud, que se reflot\u00f3 a partir que el sector sanitario se encuentra en lucha. Sacaron a la luz la miseria con que trabajan, las condiciones precarias, m\u00e1s all\u00e1 de lo salarial y la falta de personal. ATE est\u00e1s dando as\u00ed una respuesta a esa demanda\u201d.<\/p>\n<p>En tal sentido, a\u00f1adi\u00f3, se arm\u00f3 \u201cun peque\u00f1o plan de capacitaci\u00f3n sobre el Sistema de Riesgos de Trabajo, una duda recurrente y una necesidad que tienen porque una gran mayor\u00eda no sabe d\u00f3nde est\u00e1 parado, c\u00f3mo proceder frente a un accidente laboral o una enfermedad profesional, m\u00e1s all\u00e1 del Covid 19\u201d.<\/p>\n<p>Giuliani destac\u00f3 la participaci\u00f3n del ISLyMA, cuerpo docente especializado en el tema. \u201cSe inscribieron m\u00e1s de 30 compa\u00f1eros de centros de salud, hospitales, dispensarios municipales. \u00a0Hay inscriptos de C\u00f3rdoba Capital, R\u00edo Cuarto, Sald\u00e1n, Santa Mar\u00eda de Punilla, Adelia Mar\u00eda, Coronel Baigorria, de muchos lugares de la provincia\u201d, dijo Giuliani y alent\u00f3 a las y los afiliados del sector salud ponerse en contacto.<\/p>\n<p>El curso tendr\u00e1 dos partes, la primera a dictarse hoy y la segunda, el pr\u00f3ximo el martes 24 de noviembre, tambi\u00e9n a las 7 horas.<\/p>\n","protected":false},"excerpt":{"rendered":"<p>El Departamento de Salud Laboral del Consejo Directivo Provincial (CDP) de ATE C\u00f3rdoba comenzar\u00e1 hoy martes a las 17 horas, un taller de formaci\u00f3n virtual denominado \u201cIntroducci\u00f3n a los Riesgos del Trabajo y la Salud Laboral en las y los Trabajadores de los Servicios de Salud\u201d, destinado a los integrantes de equipos sanitarios del \u00e1mbito [&hellip;]<\/p>\n","protected":false},"author":7,"featured_media":23183,"comment_status":"open","ping_status":"open","sticky":true,"template":"","format":"standard","meta":{"_exactmetrics_skip_tracking":false,"_exactmetrics_sitenote_active":false,"_exactmetrics_sitenote_note":"","_exactmetrics_sitenote_category":0,"jnews-multi-image_gallery":[],"jnews_single_post":{"source_name":"","source_url":"","via_name":"","via_url":"","override_template":"0","override":[{"template":"1","single_blog_custom":"","parallax":"1","fullscreen":"0","layout":"right-sidebar","sidebar":"default-sidebar","second_sidebar":"default-sidebar","sticky_sidebar":"1","share_position":"top","share_float_style":"share-monocrhome","show_share_counter":"1","show_view_counter":"1","show_featured":"1","show_post_meta":"1","show_post_author":"1","show_post_author_image":"1","show_post_date":"1","post_date_format":"default","post_date_format_custom":"Y\/m\/d","show_post_category":"1","show_post_reading_time":"0","post_reading_time_wpm":"300","show_zoom_button":"0","zoom_button_out_step":"2","zoom_button_in_step":"3","show_post_tag":"1","show_prev_next_post":"1","show_popup_post":"1","number_popup_post":"1","show_author_box":"0","show_post_related":"0","show_inline_post_related":"0"}],"override_image_size":"0","image_override":[{"single_post_thumbnail_size":"crop-500","single_post_gallery_size":"crop-500"}],"trending_post":"0","trending_post_position":"meta","trending_post_label":"Trending","sponsored_post":"0","sponsored_post_label":"Sponsored by","sponsored_post_name":"","sponsored_post_url":"","sponsored_post_logo_enable":"0","sponsored_post_logo":"","sponsored_post_desc":""},"jnews_primary_category":{"id":""},"jnews_social_meta":{"fb_title":"","fb_description":"","fb_image":"","twitter_title":"","twitter_description":"","twitter_image":""},"jnews_review":[],"enable_review":"0","type":"percentage","name":"","summary":"","brand":"","sku":"","good":[{"good_text":""}],"bad":[{"bad_text":""}],"score_override":"","override_value":"","rating":[{"rating_text":"","rating_number":"10"}],"price":[{"shop":"","price":"","link":"","icon":""}],"jnews_override_counter":{"override_view_counter":"0","view_counter_number":"0","override_share_counter":"0","share_counter_number":"0","override_like_counter":"0","like_counter_number":"0","override_dislike_counter":"0","dislike_counter_number":"0"},"jnews_post_split":{"enable_post_split":"0","post_split":[{"template":"1","tag":"h2","numbering":"asc","mode":"normal"}]},"footnotes":""},"categories":[549,104],"tags":[688],"class_list":["post-23182","post","type-post","status-publish","format-standard","has-post-thumbnail","hentry","category-cymat","category-departamento-de-salud","tag-sistema-de-riesgos-de-trabajo"],"jetpack_featured_media_url":"https:\/\/atecordoba.org\/wp-content\/uploads\/2020\/11\/flyer-cymat_-zoom-SRT-equipos-de-salud.jpg","_links":{"self":[{"href":"https:\/\/atecordoba.org\/index.php?rest_route=\/wp\/v2\/posts\/23182","targetHints":{"allow":["GET"]}}],"collection":[{"href":"https:\/\/atecordoba.org\/index.php?rest_route=\/wp\/v2\/posts"}],"about":[{"href":"https:\/\/atecordoba.org\/index.php?rest_route=\/wp\/v2\/types\/post"}],"author":[{"embeddable":true,"href":"https:\/\/atecordoba.org\/index.php?rest_route=\/wp\/v2\/users\/7"}],"replies":[{"embeddable":true,"href":"https:\/\/atecordoba.org\/index.php?rest_route=%2Fwp%2Fv2%2Fcomments&post=23182"}],"version-history":[{"count":2,"href":"https:\/\/atecordoba.org\/index.php?rest_route=\/wp\/v2\/posts\/23182\/revisions"}],"predecessor-version":[{"id":23185,"href":"https:\/\/atecordoba.org\/index.php?rest_route=\/wp\/v2\/posts\/23182\/revisions\/23185"}],"wp:featuredmedia":[{"embeddable":true,"href":"https:\/\/atecordoba.org\/index.php?rest_route=\/wp\/v2\/media\/23183"}],"wp:attachment":[{"href":"https:\/\/atecordoba.org\/index.php?rest_route=%2Fwp%2Fv2%2Fmedia&parent=23182"}],"wp:term":[{"taxonomy":"category","embeddable":true,"href":"https:\/\/atecordoba.org\/index.php?rest_route=%2Fwp%2Fv2%2Fcategories&post=23182"},{"taxonomy":"post_tag","embeddable":true,"href":"https:\/\/atecordoba.org\/index.php?rest_route=%2Fwp%2Fv2%2Ftags&post=23182"}],"curies":[{"name":"wp","href":"https:\/\/api.w.org\/{rel}","templated":true}]}}