{"id":23171,"date":"2020-11-17T08:53:42","date_gmt":"2020-11-17T11:53:42","guid":{"rendered":"https:\/\/atecordoba.org\/?p=23171"},"modified":"2020-11-17T08:53:42","modified_gmt":"2020-11-17T11:53:42","slug":"ate-adhiere-a-la-14a-marcha-de-la-gorra","status":"publish","type":"post","link":"https:\/\/atecordoba.org\/?p=23171","title":{"rendered":"ATE adhiere a la 14\u00aa Marcha de la Gorra"},"content":{"rendered":"<p><img loading=\"lazy\" decoding=\"async\" class=\" wp-image-23172 aligncenter\" src=\"https:\/\/atecordoba.org\/wp-content\/uploads\/2020\/11\/flyer-marcha-gorra-300x192.jpg\" alt=\"\" width=\"600\" height=\"384\" srcset=\"https:\/\/atecordoba.org\/wp-content\/uploads\/2020\/11\/flyer-marcha-gorra-300x192.jpg 300w, https:\/\/atecordoba.org\/wp-content\/uploads\/2020\/11\/flyer-marcha-gorra-1024x657.jpg 1024w, https:\/\/atecordoba.org\/wp-content\/uploads\/2020\/11\/flyer-marcha-gorra-768x493.jpg 768w, https:\/\/atecordoba.org\/wp-content\/uploads\/2020\/11\/flyer-marcha-gorra-750x481.jpg 750w, https:\/\/atecordoba.org\/wp-content\/uploads\/2020\/11\/flyer-marcha-gorra-1140x731.jpg 1140w, https:\/\/atecordoba.org\/wp-content\/uploads\/2020\/11\/flyer-marcha-gorra.jpg 1280w\" sizes=\"auto, (max-width: 600px) 100vw, 600px\" \/>El Consejo Directivo Provincial de ATE C\u00f3rdoba adhiere y llama a participar de la 14\u00aa Marcha de la Gorra, que se realizar\u00e1 el pr\u00f3ximo 20 de noviembre en C\u00f3rdoba Capital.<\/p>\n<p>Bajo la consigna\u00a0&#8220;Ante la respuesta represiva,\u00a0\u00a1Somos Memoria Presente y Lucha Colectiva!&#8221;, la convocatoria responde a la pol\u00edtica represiva del Estado policial que se focaliza entre los j\u00f3venes y particularmente los pobres.<\/p>\n<p>La cantidad de casos de &#8216;gatillo f\u00e1cil&#8217; en la ciudad de C\u00f3rdoba y el interior dan cuenta de una pol\u00edtica, resuelta en las m\u00e1s altas esferas de decisi\u00f3n del poder pol\u00edtico en la provincia, que tiene a los sectores juveniles como carne de ca\u00f1\u00f3n en materia represiva.<\/p>\n<p>Se concentra en la esquina de Col\u00f3n y General Paz, a las 17 horas, para marchar por el centro de la ciudad.<\/p>\n<p>Tambi\u00e9n se podr\u00e1\u00a0 participar v\u00eda las redes sociales a trav\u00e9s de\u00a0<a class=\"oajrlxb2 g5ia77u1 qu0x051f esr5mh6w e9989ue4 r7d6kgcz rq0escxv nhd2j8a9 nc684nl6 p7hjln8o kvgmc6g5 cxmmr5t8 oygrvhab hcukyx3x jb3vyjys rz4wbd8a qt6c0cv9 a8nywdso i1ao9s8h esuyzwwr f1sip0of lzcic4wl q66pz984 gpro0wi8 b1v8xokw\" tabindex=\"0\" role=\"link\" href=\"https:\/\/www.facebook.com\/hashtag\/14mdlg?__eep__=6&amp;__cft__[0]=AZUCis-RG908GEU5gp06vQ8SSLu4xkPNX-JuMzgycKBrjUVsfs6CqWyJihNUZ-6ATZdDdotjeykA_ba8FC0T-1Y7dY87UCGH93UoYpha2rxR-EdcehWn_D4f4dlRlkL9XzvoT99xP5DBBW6bWwS3FaVEYHZcA5cb4D_RmFRScCzTDw&amp;__tn__=*NK-y-R\">#14MDLG<\/a><a class=\"oajrlxb2 g5ia77u1 qu0x051f esr5mh6w e9989ue4 r7d6kgcz rq0escxv nhd2j8a9 nc684nl6 p7hjln8o kvgmc6g5 cxmmr5t8 oygrvhab hcukyx3x jb3vyjys rz4wbd8a qt6c0cv9 a8nywdso i1ao9s8h esuyzwwr f1sip0of lzcic4wl q66pz984 gpro0wi8 b1v8xokw\" tabindex=\"0\" role=\"link\" href=\"https:\/\/www.facebook.com\/hashtag\/marchadelagorracba?__eep__=6&amp;__cft__[0]=AZUCis-RG908GEU5gp06vQ8SSLu4xkPNX-JuMzgycKBrjUVsfs6CqWyJihNUZ-6ATZdDdotjeykA_ba8FC0T-1Y7dY87UCGH93UoYpha2rxR-EdcehWn_D4f4dlRlkL9XzvoT99xP5DBBW6bWwS3FaVEYHZcA5cb4D_RmFRScCzTDw&amp;__tn__=*NK-y-R\">\u00a0#MarchadelaGorraCba<\/a><\/p>\n<p>&nbsp;<\/p>\n","protected":false},"excerpt":{"rendered":"<p>El Consejo Directivo Provincial de ATE C\u00f3rdoba adhiere y llama a participar de la 14\u00aa Marcha de la Gorra, que se realizar\u00e1 el pr\u00f3ximo 20 de noviembre en C\u00f3rdoba Capital. Bajo la consigna\u00a0&#8220;Ante la respuesta represiva,\u00a0\u00a1Somos Memoria Presente y Lucha Colectiva!&#8221;, la convocatoria responde a la pol\u00edtica represiva del Estado policial que se focaliza entre [&hellip;]<\/p>\n","protected":false},"author":7,"featured_media":23172,"comment_status":"open","ping_status":"open","sticky":true,"template":"","format":"standard","meta":{"_exactmetrics_skip_tracking":false,"_exactmetrics_sitenote_active":false,"_exactmetrics_sitenote_note":"","_exactmetrics_sitenote_category":0,"jnews-multi-image_gallery":[],"jnews_single_post":{"source_name":"","source_url":"","via_name":"","via_url":"","override_template":"0","override":[{"template":"1","single_blog_custom":"","parallax":"1","fullscreen":"0","layout":"right-sidebar","sidebar":"default-sidebar","second_sidebar":"default-sidebar","sticky_sidebar":"1","share_position":"top","share_float_style":"share-monocrhome","show_share_counter":"1","show_view_counter":"1","show_featured":"1","show_post_meta":"1","show_post_author":"1","show_post_author_image":"1","show_post_date":"1","post_date_format":"default","post_date_format_custom":"Y\/m\/d","show_post_category":"1","show_post_reading_time":"0","post_reading_time_wpm":"300","show_zoom_button":"0","zoom_button_out_step":"2","zoom_button_in_step":"3","show_post_tag":"1","show_prev_next_post":"1","show_popup_post":"1","number_popup_post":"1","show_author_box":"0","show_post_related":"0","show_inline_post_related":"0"}],"override_image_size":"0","image_override":[{"single_post_thumbnail_size":"crop-500","single_post_gallery_size":"crop-500"}],"trending_post":"0","trending_post_position":"meta","trending_post_label":"Trending","sponsored_post":"0","sponsored_post_label":"Sponsored by","sponsored_post_name":"","sponsored_post_url":"","sponsored_post_logo_enable":"0","sponsored_post_logo":"","sponsored_post_desc":""},"jnews_primary_category":{"id":""},"jnews_social_meta":{"fb_title":"","fb_description":"","fb_image":"","twitter_title":"","twitter_description":"","twitter_image":""},"jnews_review":[],"enable_review":"0","type":"percentage","name":"","summary":"","brand":"","sku":"","good":[{"good_text":""}],"bad":[{"bad_text":""}],"score_override":"","override_value":"","rating":[{"rating_text":"","rating_number":"10"}],"price":[{"shop":"","price":"","link":"","icon":""}],"jnews_override_counter":{"override_view_counter":"0","view_counter_number":"0","override_share_counter":"0","share_counter_number":"0","override_like_counter":"0","like_counter_number":"0","override_dislike_counter":"0","dislike_counter_number":"0"},"jnews_post_split":{"enable_post_split":"0","post_split":[{"template":"1","tag":"h2","numbering":"asc","mode":"normal"}]},"footnotes":""},"categories":[10],"tags":[687],"class_list":["post-23171","post","type-post","status-publish","format-standard","has-post-thumbnail","hentry","category-accion-politica","tag-marcha-de-la-gorra"],"jetpack_featured_media_url":"https:\/\/atecordoba.org\/wp-content\/uploads\/2020\/11\/flyer-marcha-gorra.jpg","_links":{"self":[{"href":"https:\/\/atecordoba.org\/index.php?rest_route=\/wp\/v2\/posts\/23171","targetHints":{"allow":["GET"]}}],"collection":[{"href":"https:\/\/atecordoba.org\/index.php?rest_route=\/wp\/v2\/posts"}],"about":[{"href":"https:\/\/atecordoba.org\/index.php?rest_route=\/wp\/v2\/types\/post"}],"author":[{"embeddable":true,"href":"https:\/\/atecordoba.org\/index.php?rest_route=\/wp\/v2\/users\/7"}],"replies":[{"embeddable":true,"href":"https:\/\/atecordoba.org\/index.php?rest_route=%2Fwp%2Fv2%2Fcomments&post=23171"}],"version-history":[{"count":1,"href":"https:\/\/atecordoba.org\/index.php?rest_route=\/wp\/v2\/posts\/23171\/revisions"}],"predecessor-version":[{"id":23173,"href":"https:\/\/atecordoba.org\/index.php?rest_route=\/wp\/v2\/posts\/23171\/revisions\/23173"}],"wp:featuredmedia":[{"embeddable":true,"href":"https:\/\/atecordoba.org\/index.php?rest_route=\/wp\/v2\/media\/23172"}],"wp:attachment":[{"href":"https:\/\/atecordoba.org\/index.php?rest_route=%2Fwp%2Fv2%2Fmedia&parent=23171"}],"wp:term":[{"taxonomy":"category","embeddable":true,"href":"https:\/\/atecordoba.org\/index.php?rest_route=%2Fwp%2Fv2%2Fcategories&post=23171"},{"taxonomy":"post_tag","embeddable":true,"href":"https:\/\/atecordoba.org\/index.php?rest_route=%2Fwp%2Fv2%2Ftags&post=23171"}],"curies":[{"name":"wp","href":"https:\/\/api.w.org\/{rel}","templated":true}]}}