{"id":23155,"date":"2020-11-16T11:03:03","date_gmt":"2020-11-16T14:03:03","guid":{"rendered":"https:\/\/atecordoba.org\/?p=23155"},"modified":"2020-11-16T11:03:03","modified_gmt":"2020-11-16T14:03:03","slug":"se-realizo-el-sorteo-de-premios-por-el-dia-de-la-y-el-trabajador-provincial","status":"publish","type":"post","link":"https:\/\/atecordoba.org\/?p=23155","title":{"rendered":"Se realiz\u00f3 el sorteo de premios por el D\u00eda de la y el Trabajador Provincial"},"content":{"rendered":"<p><img loading=\"lazy\" decoding=\"async\" class=\" wp-image-23156 aligncenter\" src=\"https:\/\/atecordoba.org\/wp-content\/uploads\/2020\/11\/IMG-20201113-WA0186-300x169.jpg\" alt=\"\" width=\"598\" height=\"337\" srcset=\"https:\/\/atecordoba.org\/wp-content\/uploads\/2020\/11\/IMG-20201113-WA0186-300x169.jpg 300w, https:\/\/atecordoba.org\/wp-content\/uploads\/2020\/11\/IMG-20201113-WA0186-1024x575.jpg 1024w, https:\/\/atecordoba.org\/wp-content\/uploads\/2020\/11\/IMG-20201113-WA0186-768x431.jpg 768w, https:\/\/atecordoba.org\/wp-content\/uploads\/2020\/11\/IMG-20201113-WA0186-750x421.jpg 750w, https:\/\/atecordoba.org\/wp-content\/uploads\/2020\/11\/IMG-20201113-WA0186-1140x640.jpg 1140w, https:\/\/atecordoba.org\/wp-content\/uploads\/2020\/11\/IMG-20201113-WA0186.jpg 1280w\" sizes=\"auto, (max-width: 598px) 100vw, 598px\" \/><\/p>\n<p>Con motivo de celebrar y homenajear a las y los trabajadores del Estado provincial en su d\u00eda, que se cumpli\u00f3 el 11 de noviembre, el Consejo Directivo Provincial (CDP) realiz\u00f3 un sorteo a trav\u00e9s de un conversatorio virtual el viernes pasado, con la participaci\u00f3n de numerosas afiliadas y afiliados provinciales de C\u00f3rdoba Capital y del interior provincial, que integran el \u00e1mbito del representaci\u00f3n del CDP.<\/p>\n<p>En la oportunidad, el secretario General de ATE C\u00f3rdoba, Federico Giuliani, destac\u00f3 que \u201csi bien no somos un sindicato mutualista, que da grandes premios a sus afiliados y por otro lado traiciona los intereses de la clase trabajadora, si nos parece importante resaltar todo lo que llevamos haciendo en este a\u00f1o de gesti\u00f3n de noviembre de 2019 hasta hoy\u201d.<\/p>\n<p>El dirigente describi\u00f3 al 2020 como un a\u00f1o muy dif\u00edcil con \u201cpoco para celebrar\u201d y donde \u201cse profundiz\u00f3 la crisis de salud que ya ven\u00eda de antes, y que tiene que ver claramente con 21 a\u00f1os de corbesismo, porque el gobierno provincial no cuida a nuestra primera l\u00ednea de atenci\u00f3n sino que la desprecia\u201d.<\/p>\n<p>Sin embargo, Giuliani dijo que ATE quer\u00eda estar presente con \u201cun mimo, una atenci\u00f3n para las y los compa\u00f1eros, que es simb\u00f3lica \u201cpero forma parte de la construcci\u00f3n con afecto que es fundamental\u201d.<\/p>\n<p><img loading=\"lazy\" decoding=\"async\" class=\" wp-image-23157 alignright\" src=\"https:\/\/atecordoba.org\/wp-content\/uploads\/2020\/11\/IMG-20201113-WA0189-300x169.jpg\" alt=\"\" width=\"419\" height=\"236\" srcset=\"https:\/\/atecordoba.org\/wp-content\/uploads\/2020\/11\/IMG-20201113-WA0189-300x169.jpg 300w, https:\/\/atecordoba.org\/wp-content\/uploads\/2020\/11\/IMG-20201113-WA0189-1024x575.jpg 1024w, https:\/\/atecordoba.org\/wp-content\/uploads\/2020\/11\/IMG-20201113-WA0189-768x431.jpg 768w, https:\/\/atecordoba.org\/wp-content\/uploads\/2020\/11\/IMG-20201113-WA0189-750x421.jpg 750w, https:\/\/atecordoba.org\/wp-content\/uploads\/2020\/11\/IMG-20201113-WA0189-1140x640.jpg 1140w, https:\/\/atecordoba.org\/wp-content\/uploads\/2020\/11\/IMG-20201113-WA0189.jpg 1280w\" sizes=\"auto, (max-width: 419px) 100vw, 419px\" \/>El secretario General aprovech\u00f3 la concurrencia para realizar un balance de lo actuado en el sector provincial. \u201cPermanentemente estamos en conflictos cotidianos con las y los directores de los hospitales y los distintos organismos, y ni hablar con el gobernador. No se respetan las condiciones de trabajo y se firman paritarias a la baja que nada tiene que ver con la realidad de las y los compa\u00f1eros de la provincia. Con un gremio como el SEP que firma sin mandato. Pero a ellos ya los conocemos y tenemos que construir nuestra propia identidad, sobre todo como ATE Salud y en los distintos sectores donde estemos\u201d.<\/p>\n<p>En ese sentido, Giuliani apunt\u00f3 a las y los dirigentes que se van sumando al sector porque encuentran en ATE un espacio para construir. \u201cHay compa\u00f1eros nuevos como el P\u00e1jaro Galaburri, a Milagros del Hospital de Mina Clavero, compa\u00f1eros que se suman y que entienden que ATE no es mejor ni peor que nadie, que somos diferentes. En nuestro gremio los delegados tiene un rol fundamental, la asamblea es la que define\u201d, afirm\u00f3.<img loading=\"lazy\" decoding=\"async\" class=\" wp-image-23158 alignleft\" src=\"https:\/\/atecordoba.org\/wp-content\/uploads\/2020\/11\/IMG-20201113-WA0194-300x169.jpg\" alt=\"\" width=\"383\" height=\"216\" srcset=\"https:\/\/atecordoba.org\/wp-content\/uploads\/2020\/11\/IMG-20201113-WA0194-300x169.jpg 300w, https:\/\/atecordoba.org\/wp-content\/uploads\/2020\/11\/IMG-20201113-WA0194-1024x575.jpg 1024w, https:\/\/atecordoba.org\/wp-content\/uploads\/2020\/11\/IMG-20201113-WA0194-768x431.jpg 768w, https:\/\/atecordoba.org\/wp-content\/uploads\/2020\/11\/IMG-20201113-WA0194-750x421.jpg 750w, https:\/\/atecordoba.org\/wp-content\/uploads\/2020\/11\/IMG-20201113-WA0194-1140x640.jpg 1140w, https:\/\/atecordoba.org\/wp-content\/uploads\/2020\/11\/IMG-20201113-WA0194.jpg 1280w\" sizes=\"auto, (max-width: 383px) 100vw, 383px\" \/><\/p>\n<p>Y en ese sentido agreg\u00f3 que \u201ceste un a\u00f1o de muchas peleas que no termin\u00f3 aun. Venimos de una movilizaci\u00f3n importante el pasado 10 de noviembre de la Multisectorial de Salud. Si vemos las gestiones anteriores en ATE el sector provincial estaba dejado de lado, ahora logramos meternos entre los principales oradores de ese acto y no es mejor, tiene que ver con esta intensidad y este volumen que le venimos dando al sector\u201d.<\/p>\n<p>En esa l\u00ednea sostuvo que \u201ccortamos la calle frente al Ministerio de justicia y ya vamos por el tercer conflicto en la calle por la Senaf. Tambi\u00e9n tuvimos el conflicto por el equipo de Salud de Villa Libertador, el EAT de salud mental, cortamos frente al Ministerio de Salud, cortamos frente al Polo Sanitario en la avenida Sabattini; nos constituimos como denunciantes de la reforma previsional que se mand\u00f3 Schiaretti en plena pandemia \u2013que impacta no solo entre los jubilados sino a los activos-, somos quienes nos presentamos con una demanda de inconstitucionalidad en el TSJ\u201d.<img loading=\"lazy\" decoding=\"async\" class=\" wp-image-23159 alignright\" src=\"https:\/\/atecordoba.org\/wp-content\/uploads\/2020\/11\/IMG-20201113-WA0210-300x188.jpg\" alt=\"\" width=\"429\" height=\"269\" srcset=\"https:\/\/atecordoba.org\/wp-content\/uploads\/2020\/11\/IMG-20201113-WA0210-300x188.jpg 300w, https:\/\/atecordoba.org\/wp-content\/uploads\/2020\/11\/IMG-20201113-WA0210-1024x640.jpg 1024w, https:\/\/atecordoba.org\/wp-content\/uploads\/2020\/11\/IMG-20201113-WA0210-768x480.jpg 768w, https:\/\/atecordoba.org\/wp-content\/uploads\/2020\/11\/IMG-20201113-WA0210-750x469.jpg 750w, https:\/\/atecordoba.org\/wp-content\/uploads\/2020\/11\/IMG-20201113-WA0210-1140x713.jpg 1140w, https:\/\/atecordoba.org\/wp-content\/uploads\/2020\/11\/IMG-20201113-WA0210.jpg 1280w\" sizes=\"auto, (max-width: 429px) 100vw, 429px\" \/><\/p>\n<p>Por eso resumi\u00f3: \u201cfue un a\u00f1o muy intenso en el sector aunque sabemos que no alcanza claramente, tenemos que salir a ser mayor\u00eda, entendemos que esa paritaria se tiene que dar con ATE sentado pero no nos van a regalar nada. Necesitamos al 10% de los trabajadores de salu afiliados a nuestro gremio y no estamos lejos pero tampoco tan cerca. Por eso necesitamos seguir afiliando en cada dependencia y sacar delegados\u201d.<\/p>\n<p>Por \u00faltimo, Giuliani envi\u00f3 un saludo fraternal a los provinciales y afirm\u00f3 que \u201clos dirigentes tienen que dejar los escritorios. Estamos recorriendo los hospitales, estamos recorriendo el territorio porque es la \u00fanica forma de ver la realidad de las y los compa\u00f1eros, estando con ellos y ellas. Esa es la m\u00edstica que le ponemos a la militancia de nuestra ATE, ni mejor ni peor que la anterior pero si diferente\u201d.<\/p>\n<p>A su turno, el secretario de Acci\u00f3n Social, Iv\u00e1n Contreras, salud\u00f3 a las y los participantes y destac\u00f3 que \u201cesta comisi\u00f3n directiva le da un gran importancia a la acci\u00f3n social, entendiendo que estamos en una etapa muy dif\u00edcil y por eso desde la secretaria tratamos de dar una mano\u201d.<\/p>\n<p><img loading=\"lazy\" decoding=\"async\" class=\" wp-image-23160 alignleft\" src=\"https:\/\/atecordoba.org\/wp-content\/uploads\/2020\/11\/IMG-20201113-WA0211-300x188.jpg\" alt=\"\" width=\"436\" height=\"273\" srcset=\"https:\/\/atecordoba.org\/wp-content\/uploads\/2020\/11\/IMG-20201113-WA0211-300x188.jpg 300w, https:\/\/atecordoba.org\/wp-content\/uploads\/2020\/11\/IMG-20201113-WA0211-1024x640.jpg 1024w, https:\/\/atecordoba.org\/wp-content\/uploads\/2020\/11\/IMG-20201113-WA0211-768x480.jpg 768w, https:\/\/atecordoba.org\/wp-content\/uploads\/2020\/11\/IMG-20201113-WA0211-750x469.jpg 750w, https:\/\/atecordoba.org\/wp-content\/uploads\/2020\/11\/IMG-20201113-WA0211-1140x713.jpg 1140w, https:\/\/atecordoba.org\/wp-content\/uploads\/2020\/11\/IMG-20201113-WA0211.jpg 1280w\" sizes=\"auto, (max-width: 436px) 100vw, 436px\" \/>Contreras dijo que \u201ctrabajamos para brindar convenios nuevos que ayuden al bolsillo de las y los afiliados, que tambi\u00e9n es una herramienta muy importante para los delegados a la hora de contener a los compa\u00f1eros y por qu\u00e9 no pensar que en medio de la pandemia poder hacer crecer a ATE. Como dice nuestro secretario General: no venimos a administrar lo que nos dejaron, venimos a crecer, a empoderar a cada secretaria en conjunto de la Comisi\u00f3n Directiva para poder brindarle un servicio muy interesante para las y los afiliados\u201d.<\/p>\n<p>Posteriormente, se realiz\u00f3 el sorteo, bajo el comando de la secretaria de Interior, Edith Innamorato, previo saludo a las y los compa\u00f1eros de la secretaria de Prensa, Julia Giuliani, y de Actas, Mar\u00eda Sotti.<\/p>\n<p>Los premiados fueron:<\/p>\n<p>-10 libros cat\u00e1logo virtual Editorial Acerc\u00e1ndonos<\/p>\n<ul>\n<li>Carolina Racca<\/li>\n<li>Griselda Gomez<\/li>\n<li>Santiago Belizan<\/li>\n<li>Ceci<\/li>\n<li>Vanesa Olmedo<\/li>\n<li>Graciela Vedia<\/li>\n<li>Humberto Cabral<\/li>\n<li>Julia Ponce<\/li>\n<li>Jose Pezuto<\/li>\n<li>Cele Martinez<\/li>\n<\/ul>\n<p>Adem\u00e1s se sortearon los siguientes premios:<\/p>\n<ul>\n<li>-Obra de teatro virtual, El camino de la fuente de Pablo Razuk: Griselda Gomez.<\/li>\n<li>-Serenata de cuentos y canciones de Garba: Milagro Sozzi<\/li>\n<li>-2 lts. Cerveza artesanal de Moah: Fernando Dorado<\/li>\n<li>-Orden de compra por MIL PESOS de El Almac\u00e9n Cooperativo: Ceci<\/li>\n<li>-2 libros de Jorge Gaillardou: Norma Llama Paz (polo mujer)<\/li>\n<li>-1 agenda de Sala Ambiental: Gaby Garcia<\/li>\n<li>-2 mermeladas caseras de Nina Cocina: Pablo Jodar<\/li>\n<li>-1 libro de Armando Tejada G\u00f3mez: Isabel Mamani<\/li>\n<li>-Cuadro de Berni, Manifestaci\u00f3n: Carolina Racca<\/li>\n<li>-1 libro de Humor gr\u00e1fico, Editorial La Tinta: Fernando Dorado<\/li>\n<li>-libro Ideas menores. Editorial La Tinta: Martin Cagnani<\/li>\n<li>-2 Kg yerba Las Tunas: Isabel Mamani<\/li>\n<li>-2 pares de aros de fieltro de Cande Theaux: Lorena Quiroga<\/li>\n<li>-Canasta campesina: queso de cabra, kinotos en alm\u00edbar, t\u00e9 org\u00e1nico, de Monte Adentro: Aldo Roldan<\/li>\n<li>-Par de zapatillas de ni\u00f1os: Pablo Jodar, Julieta Costa.<\/li>\n<li>-1 gorra: Griselda G\u00f3mez<\/li>\n<li>-1 sesi\u00f3n de 4 zonas para dos personas en depilaci\u00f3n definitiva: Cele Martinez<\/li>\n<li>-1 sesi\u00f3n de 4 zonas para dos personas en depilaci\u00f3n definitiva: Julia Ponce<\/li>\n<li>-Libro la novia de Sandro. De Camila Sosa Villada. Librer\u00eda El Espejo: Paz (Polo de la Mujer)<\/li>\n<li>-Gif card de Hiper Libertad x $5000: Susana Carmon<\/li>\n<li>-Gif card de Hiper Libertad x $5000: Alejandra Serra<\/li>\n<\/ul>\n","protected":false},"excerpt":{"rendered":"<p>Con motivo de celebrar y homenajear a las y los trabajadores del Estado provincial en su d\u00eda, que se cumpli\u00f3 el 11 de noviembre, el Consejo Directivo Provincial (CDP) realiz\u00f3 un sorteo a trav\u00e9s de un conversatorio virtual el viernes pasado, con la participaci\u00f3n de numerosas afiliadas y afiliados provinciales de C\u00f3rdoba Capital y del [&hellip;]<\/p>\n","protected":false},"author":7,"featured_media":23156,"comment_status":"open","ping_status":"open","sticky":true,"template":"","format":"standard","meta":{"_exactmetrics_skip_tracking":false,"_exactmetrics_sitenote_active":false,"_exactmetrics_sitenote_note":"","_exactmetrics_sitenote_category":0,"jnews-multi-image_gallery":[],"jnews_single_post":{"source_name":"","source_url":"","via_name":"","via_url":"","override_template":"0","override":[{"template":"1","single_blog_custom":"","parallax":"1","fullscreen":"0","layout":"right-sidebar","sidebar":"default-sidebar","second_sidebar":"default-sidebar","sticky_sidebar":"1","share_position":"top","share_float_style":"share-monocrhome","show_share_counter":"1","show_view_counter":"1","show_featured":"1","show_post_meta":"1","show_post_author":"1","show_post_author_image":"1","show_post_date":"1","post_date_format":"default","post_date_format_custom":"Y\/m\/d","show_post_category":"1","show_post_reading_time":"0","post_reading_time_wpm":"300","show_zoom_button":"0","zoom_button_out_step":"2","zoom_button_in_step":"3","show_post_tag":"1","show_prev_next_post":"1","show_popup_post":"1","number_popup_post":"1","show_author_box":"0","show_post_related":"0","show_inline_post_related":"0"}],"override_image_size":"0","image_override":[{"single_post_thumbnail_size":"crop-500","single_post_gallery_size":"crop-500"}],"trending_post":"0","trending_post_position":"meta","trending_post_label":"Trending","sponsored_post":"0","sponsored_post_label":"Sponsored by","sponsored_post_name":"","sponsored_post_url":"","sponsored_post_logo_enable":"0","sponsored_post_logo":"","sponsored_post_desc":""},"jnews_primary_category":{"id":""},"jnews_social_meta":{"fb_title":"","fb_description":"","fb_image":"","twitter_title":"","twitter_description":"","twitter_image":""},"jnews_review":[],"enable_review":"0","type":"percentage","name":"","summary":"","brand":"","sku":"","good":[{"good_text":""}],"bad":[{"bad_text":""}],"score_override":"","override_value":"","rating":[{"rating_text":"","rating_number":"10"}],"price":[{"shop":"","price":"","link":"","icon":""}],"jnews_override_counter":{"override_view_counter":"0","view_counter_number":"0","override_share_counter":"0","share_counter_number":"0","override_like_counter":"0","like_counter_number":"0","override_dislike_counter":"0","dislike_counter_number":"0"},"jnews_post_split":{"enable_post_split":"0","post_split":[{"template":"1","tag":"h2","numbering":"asc","mode":"normal"}]},"footnotes":""},"categories":[75,8],"tags":[674,683],"class_list":["post-23155","post","type-post","status-publish","format-standard","has-post-thumbnail","hentry","category-accion-social","category-provinciales","tag-dia-del-trabajador-provincial","tag-sorteo-premios"],"jetpack_featured_media_url":"https:\/\/atecordoba.org\/wp-content\/uploads\/2020\/11\/IMG-20201113-WA0186.jpg","_links":{"self":[{"href":"https:\/\/atecordoba.org\/index.php?rest_route=\/wp\/v2\/posts\/23155","targetHints":{"allow":["GET"]}}],"collection":[{"href":"https:\/\/atecordoba.org\/index.php?rest_route=\/wp\/v2\/posts"}],"about":[{"href":"https:\/\/atecordoba.org\/index.php?rest_route=\/wp\/v2\/types\/post"}],"author":[{"embeddable":true,"href":"https:\/\/atecordoba.org\/index.php?rest_route=\/wp\/v2\/users\/7"}],"replies":[{"embeddable":true,"href":"https:\/\/atecordoba.org\/index.php?rest_route=%2Fwp%2Fv2%2Fcomments&post=23155"}],"version-history":[{"count":1,"href":"https:\/\/atecordoba.org\/index.php?rest_route=\/wp\/v2\/posts\/23155\/revisions"}],"predecessor-version":[{"id":23161,"href":"https:\/\/atecordoba.org\/index.php?rest_route=\/wp\/v2\/posts\/23155\/revisions\/23161"}],"wp:featuredmedia":[{"embeddable":true,"href":"https:\/\/atecordoba.org\/index.php?rest_route=\/wp\/v2\/media\/23156"}],"wp:attachment":[{"href":"https:\/\/atecordoba.org\/index.php?rest_route=%2Fwp%2Fv2%2Fmedia&parent=23155"}],"wp:term":[{"taxonomy":"category","embeddable":true,"href":"https:\/\/atecordoba.org\/index.php?rest_route=%2Fwp%2Fv2%2Fcategories&post=23155"},{"taxonomy":"post_tag","embeddable":true,"href":"https:\/\/atecordoba.org\/index.php?rest_route=%2Fwp%2Fv2%2Ftags&post=23155"}],"curies":[{"name":"wp","href":"https:\/\/api.w.org\/{rel}","templated":true}]}}