{"id":23149,"date":"2020-11-13T10:01:44","date_gmt":"2020-11-13T13:01:44","guid":{"rendered":"https:\/\/atecordoba.org\/?p=23149"},"modified":"2020-11-13T13:16:19","modified_gmt":"2020-11-13T16:16:19","slug":"formacion-charla-debate-los-estatales-frente-a-las-mega-granjas-porcinas","status":"publish","type":"post","link":"https:\/\/atecordoba.org\/?p=23149","title":{"rendered":"Charla-debate, los estatales frente a las Mega Granjas Porcinas"},"content":{"rendered":"<p><img loading=\"lazy\" decoding=\"async\" class=\" wp-image-23150 alignleft\" src=\"https:\/\/atecordoba.org\/wp-content\/uploads\/2020\/11\/flyer-granjas-porcinas-300x300.jpeg\" alt=\"\" width=\"395\" height=\"395\" srcset=\"https:\/\/atecordoba.org\/wp-content\/uploads\/2020\/11\/flyer-granjas-porcinas-300x300.jpeg 300w, https:\/\/atecordoba.org\/wp-content\/uploads\/2020\/11\/flyer-granjas-porcinas-1024x1024.jpeg 1024w, https:\/\/atecordoba.org\/wp-content\/uploads\/2020\/11\/flyer-granjas-porcinas-150x150.jpeg 150w, https:\/\/atecordoba.org\/wp-content\/uploads\/2020\/11\/flyer-granjas-porcinas-768x768.jpeg 768w, https:\/\/atecordoba.org\/wp-content\/uploads\/2020\/11\/flyer-granjas-porcinas-560x560.jpeg 560w, https:\/\/atecordoba.org\/wp-content\/uploads\/2020\/11\/flyer-granjas-porcinas-75x75.jpeg 75w, https:\/\/atecordoba.org\/wp-content\/uploads\/2020\/11\/flyer-granjas-porcinas-750x750.jpeg 750w, https:\/\/atecordoba.org\/wp-content\/uploads\/2020\/11\/flyer-granjas-porcinas.jpeg 1098w\" sizes=\"auto, (max-width: 395px) 100vw, 395px\" \/>El Consejo Directivo Provincial (CDP) invita a participar de la Charla-Debate titulada &#8220;Megagranjas porcinas, la visi\u00f3n de las y los trabajadores estatales&#8221;, con la coordinaci\u00f3n del compa\u00f1ero Carlos Rang, que se llevar\u00e1 a cabo hoy viernes 13 de noviembre, a las 18 horas.<\/p>\n<p>La actividad est\u00e1 organizada conjuntamente por el CDP, la Mesa de Organismos Agroalimentarios, la Mesa de Agricultura Familiar Nacional y la asignatura de Estudios de la Realidad Nacional de la Facultad de Agronom\u00eda y Veterinaria de la Universidad Nacional de R\u00edo Cuarto.<\/p>\n<p>En la oportunidad participar\u00e1n referentes de ATE, activistas y delegados. Estar\u00e1n a cargo de las disertaciones Carina Maloberti , Fernando Frank y Sebasti\u00e1n Fajardo.<\/p>\n<ul>\n<li>Carina Maloberti: Psic\u00f3loga Social, Analista pol\u00edtica del Centro Latinoamericano de Estudios Internacionales, Consejo Directivo de la Uni\u00f3n Latinoamericana de T\u00e9cnicxs Rurales y Agrarios, secretaria Gremial ATE Senasa Capital Federal, miembro paritario de ATE Nacional.<\/li>\n<li>Fernando Frank: Ingeniero agr\u00f3nomo UNLPam, especializaci\u00f3n en Agroecolog\u00eda (en curso) UNLaM. Trabajo en la SAFCI. Delegado de ATE y miembro de la CALISA Biosur de la UNSL (C\u00e1tedra de Soberan\u00eda Alimentaria y Bio\u00e9tica del Sur, Facultad de Cs Humanas, Universidad Nacional de San Luis)<\/li>\n<li>Sebasti\u00e1n Fajardo: Ingeniero Agr\u00f3nomo graduado de la Facultad de Ciencias Agrarias y Forestales de la Universidad Nacional de La Plata. Es trabajador de la Estaci\u00f3n Experimental Agropecuaria \u00c1rea Metropolitana de Buenos Aires, incorpor\u00e1ndose al equipo de trabajo de la Oficina de Desarrollo Local Florencio Varela, dependiente de la Agencia de la Plata para realizar tareas del programa Prohuerta (INTA\/MDSN), de acompa\u00f1amiento t\u00e9cnico y desarrollo rural. Delegado de ATE INTA.<\/li>\n<\/ul>\n<p>Tal como explic\u00f3 Rang, a el conversatorio surge a partir de los convenios que firm\u00f3 Canciller\u00eda y el Ministerio de Agricultura de China para hacer en nuestro territorio 25 megagranjas, con la producci\u00f3n e 12 madre porcinas en cada una de ellas, armando m\u00f3dulos con formato de econom\u00eda cerrada, aplicando el desarrollo de energ\u00eda y biofertilisantes.<\/p>\n<p>&#8220;Esto gener\u00f3 un gran debate&#8221;, dijo Rang.<\/p>\n<p>Y agreg\u00f3: &#8220;hemos escuchado a los funcionarios, a los peque\u00f1os productores a trav\u00e9s de sus organizaciones, a las organizaciones ambientalistas, de soberan\u00eda alimentaria y bienestar animal. Por eso es importante que se escuche a los trabajadores y las trabajadoras, sentando posici\u00f3n al respecto. Los y las estatales no solo discutimos condiciones de trabajo y salario sino tambi\u00e9n proyecto de pa\u00eds, modelos de producci\u00f3n y los impactos que pueden llegar a tener en t\u00e9rminos sociales, econ\u00f3micos y ambientales&#8221;.<\/p>\n<p>La charla virtual se realizar\u00e1 via el Facebook live de ATE CDP C\u00f3rdoba @atecba o ingresando a<\/p>\n<p>https:\/\/us02web.zoom.us\/j\/85376580100?pwd=WkQ2cEdSRWRibjFXRTFVTFU3dlBHdz09<\/p>\n<p>ID de reuni\u00f3n: 853 7658 0100<br \/>\nC\u00f3digo de acceso: 782637<\/p>\n","protected":false},"excerpt":{"rendered":"<p>El Consejo Directivo Provincial (CDP) invita a participar de la Charla-Debate titulada &#8220;Megagranjas porcinas, la visi\u00f3n de las y los trabajadores estatales&#8221;, con la coordinaci\u00f3n del compa\u00f1ero Carlos Rang, que se llevar\u00e1 a cabo hoy viernes 13 de noviembre, a las 18 horas. La actividad est\u00e1 organizada conjuntamente por el CDP, la Mesa de Organismos [&hellip;]<\/p>\n","protected":false},"author":7,"featured_media":23150,"comment_status":"open","ping_status":"open","sticky":true,"template":"","format":"standard","meta":{"_exactmetrics_skip_tracking":false,"_exactmetrics_sitenote_active":false,"_exactmetrics_sitenote_note":"","_exactmetrics_sitenote_category":0,"jnews-multi-image_gallery":[],"jnews_single_post":{"source_name":"","source_url":"","via_name":"","via_url":"","override_template":"0","override":[{"template":"1","single_blog_custom":"","parallax":"1","fullscreen":"0","layout":"right-sidebar","sidebar":"default-sidebar","second_sidebar":"default-sidebar","sticky_sidebar":"1","share_position":"top","share_float_style":"share-monocrhome","show_share_counter":"1","show_view_counter":"1","show_featured":"1","show_post_meta":"1","show_post_author":"1","show_post_author_image":"1","show_post_date":"1","post_date_format":"default","post_date_format_custom":"Y\/m\/d","show_post_category":"1","show_post_reading_time":"0","post_reading_time_wpm":"300","show_zoom_button":"0","zoom_button_out_step":"2","zoom_button_in_step":"3","show_post_tag":"1","show_prev_next_post":"1","show_popup_post":"1","number_popup_post":"1","show_author_box":"0","show_post_related":"0","show_inline_post_related":"0"}],"override_image_size":"0","image_override":[{"single_post_thumbnail_size":"crop-500","single_post_gallery_size":"crop-500"}],"trending_post":"0","trending_post_position":"meta","trending_post_label":"Trending","sponsored_post":"0","sponsored_post_label":"Sponsored by","sponsored_post_name":"","sponsored_post_url":"","sponsored_post_logo_enable":"0","sponsored_post_logo":"","sponsored_post_desc":""},"jnews_primary_category":{"id":""},"jnews_social_meta":{"fb_title":"","fb_description":"","fb_image":"","twitter_title":"","twitter_description":"","twitter_image":""},"jnews_review":[],"enable_review":"0","type":"percentage","name":"","summary":"","brand":"","sku":"","good":[{"good_text":""}],"bad":[{"bad_text":""}],"score_override":"","override_value":"","rating":[{"rating_text":"","rating_number":"10"}],"price":[{"shop":"","price":"","link":"","icon":""}],"jnews_override_counter":{"override_view_counter":"0","view_counter_number":"0","override_share_counter":"0","share_counter_number":"0","override_like_counter":"0","like_counter_number":"0","override_dislike_counter":"0","dislike_counter_number":"0"},"jnews_post_split":{"enable_post_split":"0","post_split":[{"template":"1","tag":"h2","numbering":"asc","mode":"normal"}]},"footnotes":""},"categories":[88],"tags":[682],"class_list":["post-23149","post","type-post","status-publish","format-standard","has-post-thumbnail","hentry","category-formacion","tag-granjas-porcinas"],"jetpack_featured_media_url":"https:\/\/atecordoba.org\/wp-content\/uploads\/2020\/11\/flyer-granjas-porcinas.jpeg","_links":{"self":[{"href":"https:\/\/atecordoba.org\/index.php?rest_route=\/wp\/v2\/posts\/23149","targetHints":{"allow":["GET"]}}],"collection":[{"href":"https:\/\/atecordoba.org\/index.php?rest_route=\/wp\/v2\/posts"}],"about":[{"href":"https:\/\/atecordoba.org\/index.php?rest_route=\/wp\/v2\/types\/post"}],"author":[{"embeddable":true,"href":"https:\/\/atecordoba.org\/index.php?rest_route=\/wp\/v2\/users\/7"}],"replies":[{"embeddable":true,"href":"https:\/\/atecordoba.org\/index.php?rest_route=%2Fwp%2Fv2%2Fcomments&post=23149"}],"version-history":[{"count":4,"href":"https:\/\/atecordoba.org\/index.php?rest_route=\/wp\/v2\/posts\/23149\/revisions"}],"predecessor-version":[{"id":23154,"href":"https:\/\/atecordoba.org\/index.php?rest_route=\/wp\/v2\/posts\/23149\/revisions\/23154"}],"wp:featuredmedia":[{"embeddable":true,"href":"https:\/\/atecordoba.org\/index.php?rest_route=\/wp\/v2\/media\/23150"}],"wp:attachment":[{"href":"https:\/\/atecordoba.org\/index.php?rest_route=%2Fwp%2Fv2%2Fmedia&parent=23149"}],"wp:term":[{"taxonomy":"category","embeddable":true,"href":"https:\/\/atecordoba.org\/index.php?rest_route=%2Fwp%2Fv2%2Fcategories&post=23149"},{"taxonomy":"post_tag","embeddable":true,"href":"https:\/\/atecordoba.org\/index.php?rest_route=%2Fwp%2Fv2%2Ftags&post=23149"}],"curies":[{"name":"wp","href":"https:\/\/api.w.org\/{rel}","templated":true}]}}