{"id":23143,"date":"2020-11-12T20:38:37","date_gmt":"2020-11-12T23:38:37","guid":{"rendered":"https:\/\/atecordoba.org\/?p=23143"},"modified":"2020-11-13T08:37:07","modified_gmt":"2020-11-13T11:37:07","slug":"recorrido-en-el-polo-de-la-mujer","status":"publish","type":"post","link":"https:\/\/atecordoba.org\/?p=23143","title":{"rendered":"Recorrido en el Polo de la Mujer"},"content":{"rendered":"<p><img loading=\"lazy\" decoding=\"async\" class=\"size-medium wp-image-23145 alignleft\" src=\"https:\/\/atecordoba.org\/wp-content\/uploads\/2020\/11\/125209745_10158822993899805_8336961927950345323_n-165x300.jpg\" alt=\"\" width=\"165\" height=\"300\" srcset=\"https:\/\/atecordoba.org\/wp-content\/uploads\/2020\/11\/125209745_10158822993899805_8336961927950345323_n-165x300.jpg 165w, https:\/\/atecordoba.org\/wp-content\/uploads\/2020\/11\/125209745_10158822993899805_8336961927950345323_n.jpg 528w\" sizes=\"auto, (max-width: 165px) 100vw, 165px\" \/>Este jueves el secretario general de ATE C\u00f3rdoba, Federico Giuliani junto a Edith Innamorato secretaria de interior, recorrieron las instalaciones del Polo de la Mujer.<\/p>\n<p>Caminando los sectores en la capital cordobesa, desde ATE se vienen realizando recorridas intensas por diferentes dependencias a los fines de fortalecer y consolidar la organizaci\u00f3n sindical. El Polo de la Mujer es un lugar muy sensible, no solo por ser una dependencia en la que se deben definir pol\u00edticas p\u00fablicas para mujeres en situaci\u00f3n de violencia y maltrato, sino tambi\u00e9n por el alto grado de precarizaci\u00f3n de sus trabajadoras.<\/p>\n<p>Tras visitar las diferentes \u00e1reas, se lograron acordar audiencias para la pr\u00f3xima semana con Mar\u00eda Jos\u00e9 Carignano (Secretaria del Polo Integral de la Mujer), y M\u00f3nica\u00a0Prato, la Directora de C\u00f3rdoba con Ellas.<\/p>\n<p>&#8221; Las y los dirigentes sindicales debemos abandonar los escritorios y la virtualidad para conocer la realidad de las y los trabajadores. Por eso continuaremos con estas recorridas todas las semanas&#8221;, asever\u00f3 Federico Giuliani.<\/p>\n<p>&nbsp;<\/p>\n<div>\n<div class=\"stjgntxs ni8dbmo4 l82x9zwi uo3d90p7 h905i5nu monazrh9\" data-visualcompletion=\"ignore-dynamic\">\n<div>\n<div class=\"a8nywdso e5nlhep0 rz4wbd8a ecm0bbzt dhix69tm oygrvhab wkznzc2l kvgmc6g5 k7cz35w2 jq4qci2q j83agx80\">\n<div class=\"oajrlxb2 bp9cbjyn g5ia77u1 mtkw9kbi tlpljxtp qensuy8j ppp5ayq2 goun2846 ccm00jje s44p3ltw mk2mc5f4 rt8b4zig n8ej3o3l agehan2d sk4xxmp2 rq0escxv nhd2j8a9 j83agx80 rj1gh0hx btwxx1t3 pfnyh3mw p7hjln8o kvgmc6g5 cxmmr5t8 oygrvhab hcukyx3x tgvbjcpo hpfvmrgz jb3vyjys rz4wbd8a qt6c0cv9 a8nywdso l9j0dhe7 i1ao9s8h esuyzwwr f1sip0of du4w35lb lzcic4wl abiwlrkh p8dawk7l buofh1pr k7cz35w2 taijpn5t ms05siws flx89l3n ogy3fsii\" tabindex=\"0\" role=\"button\" aria-label=\"Enviar esto a tus amigos o publicarlo en tu biograf\u00eda\">\n<div class=\"rq0escxv l9j0dhe7 du4w35lb j83agx80 pfnyh3mw taijpn5t bp9cbjyn owycx6da btwxx1t3\">\n<div class=\"rq0escxv l9j0dhe7 du4w35lb j83agx80 cbu4d94t pfnyh3mw d2edcug0 hpfvmrgz\"><\/div>\n<\/div>\n<div class=\"n00je7tq arfg74bv qs9ysxi8 k77z8yql i09qtzwb n7fi1qx3 b5wmifdl hzruof5a pmk7jnqg j9ispegn kr520xx4 c5ndavph art1omkt ot9fgl3s\" data-visualcompletion=\"ignore\"><\/div>\n<\/div>\n<\/div>\n<\/div>\n<div class=\"cwj9ozl2 tvmbv18p\"><\/div>\n<\/div>\n<\/div>\n","protected":false},"excerpt":{"rendered":"<p>Este jueves el secretario general de ATE C\u00f3rdoba, Federico Giuliani junto a Edith Innamorato secretaria de interior, recorrieron las instalaciones del Polo de la Mujer. Caminando los sectores en la capital cordobesa, desde ATE se vienen realizando recorridas intensas por diferentes dependencias a los fines de fortalecer y consolidar la organizaci\u00f3n sindical. El Polo de [&hellip;]<\/p>\n","protected":false},"author":3,"featured_media":23144,"comment_status":"open","ping_status":"open","sticky":false,"template":"","format":"standard","meta":{"_exactmetrics_skip_tracking":false,"_exactmetrics_sitenote_active":false,"_exactmetrics_sitenote_note":"","_exactmetrics_sitenote_category":0,"jnews-multi-image_gallery":[],"jnews_single_post":{"source_name":"","source_url":"","via_name":"","via_url":"","override_template":"0","override":[{"template":"1","single_blog_custom":"","parallax":"1","fullscreen":"0","layout":"right-sidebar","sidebar":"default-sidebar","second_sidebar":"default-sidebar","sticky_sidebar":"1","share_position":"top","share_float_style":"share-monocrhome","show_share_counter":"1","show_view_counter":"1","show_featured":"1","show_post_meta":"1","show_post_author":"1","show_post_author_image":"1","show_post_date":"1","post_date_format":"default","post_date_format_custom":"Y\/m\/d","show_post_category":"1","show_post_reading_time":"0","post_reading_time_wpm":"300","show_zoom_button":"0","zoom_button_out_step":"2","zoom_button_in_step":"3","show_post_tag":"1","show_prev_next_post":"1","show_popup_post":"1","number_popup_post":"1","show_author_box":"0","show_post_related":"0","show_inline_post_related":"0"}],"override_image_size":"0","image_override":[{"single_post_thumbnail_size":"crop-500","single_post_gallery_size":"crop-500"}],"trending_post":"0","trending_post_position":"meta","trending_post_label":"Trending","sponsored_post":"0","sponsored_post_label":"Sponsored by","sponsored_post_name":"","sponsored_post_url":"","sponsored_post_logo_enable":"0","sponsored_post_logo":"","sponsored_post_desc":""},"jnews_primary_category":{"id":""},"jnews_social_meta":{"fb_title":"","fb_description":"","fb_image":"","twitter_title":"","twitter_description":"","twitter_image":""},"jnews_review":[],"enable_review":"0","type":"percentage","name":"","summary":"","brand":"","sku":"","good":[{"good_text":""}],"bad":[{"bad_text":""}],"score_override":"","override_value":"","rating":[{"rating_text":"","rating_number":"10"}],"price":[{"shop":"","price":"","link":"","icon":""}],"jnews_override_counter":{"override_view_counter":"0","view_counter_number":"0","override_share_counter":"0","share_counter_number":"0","override_like_counter":"0","like_counter_number":"0","override_dislike_counter":"0","dislike_counter_number":"0"},"jnews_post_split":{"enable_post_split":"0","post_split":[{"template":"1","tag":"h2","numbering":"asc","mode":"normal"}]},"footnotes":""},"categories":[10,341,325,142,8],"tags":[],"class_list":["post-23143","post","type-post","status-publish","format-standard","has-post-thumbnail","hentry","category-accion-politica","category-cdp","category-generos-y-diversidades","category-polo-de-la-mujer-de-la-provincia","category-provinciales"],"jetpack_featured_media_url":"https:\/\/atecordoba.org\/wp-content\/uploads\/2020\/11\/Imagen1.jpg","_links":{"self":[{"href":"https:\/\/atecordoba.org\/index.php?rest_route=\/wp\/v2\/posts\/23143","targetHints":{"allow":["GET"]}}],"collection":[{"href":"https:\/\/atecordoba.org\/index.php?rest_route=\/wp\/v2\/posts"}],"about":[{"href":"https:\/\/atecordoba.org\/index.php?rest_route=\/wp\/v2\/types\/post"}],"author":[{"embeddable":true,"href":"https:\/\/atecordoba.org\/index.php?rest_route=\/wp\/v2\/users\/3"}],"replies":[{"embeddable":true,"href":"https:\/\/atecordoba.org\/index.php?rest_route=%2Fwp%2Fv2%2Fcomments&post=23143"}],"version-history":[{"count":3,"href":"https:\/\/atecordoba.org\/index.php?rest_route=\/wp\/v2\/posts\/23143\/revisions"}],"predecessor-version":[{"id":23148,"href":"https:\/\/atecordoba.org\/index.php?rest_route=\/wp\/v2\/posts\/23143\/revisions\/23148"}],"wp:featuredmedia":[{"embeddable":true,"href":"https:\/\/atecordoba.org\/index.php?rest_route=\/wp\/v2\/media\/23144"}],"wp:attachment":[{"href":"https:\/\/atecordoba.org\/index.php?rest_route=%2Fwp%2Fv2%2Fmedia&parent=23143"}],"wp:term":[{"taxonomy":"category","embeddable":true,"href":"https:\/\/atecordoba.org\/index.php?rest_route=%2Fwp%2Fv2%2Fcategories&post=23143"},{"taxonomy":"post_tag","embeddable":true,"href":"https:\/\/atecordoba.org\/index.php?rest_route=%2Fwp%2Fv2%2Ftags&post=23143"}],"curies":[{"name":"wp","href":"https:\/\/api.w.org\/{rel}","templated":true}]}}