{"id":23117,"date":"2020-11-12T12:01:54","date_gmt":"2020-11-12T15:01:54","guid":{"rendered":"https:\/\/atecordoba.org\/?p=23117"},"modified":"2020-11-12T12:01:54","modified_gmt":"2020-11-12T15:01:54","slug":"municipales-asamblea-en-monte-lena","status":"publish","type":"post","link":"https:\/\/atecordoba.org\/?p=23117","title":{"rendered":"Municipales: asamblea en Monte Le\u00f1a"},"content":{"rendered":"<figure id=\"attachment_23118\" aria-describedby=\"caption-attachment-23118\" style=\"width: 602px\" class=\"wp-caption aligncenter\"><img loading=\"lazy\" decoding=\"async\" class=\"wp-image-23118 \" src=\"https:\/\/atecordoba.org\/wp-content\/uploads\/2020\/11\/fernando-mercado-ate-300x169.jpg\" alt=\"\" width=\"602\" height=\"339\" srcset=\"https:\/\/atecordoba.org\/wp-content\/uploads\/2020\/11\/fernando-mercado-ate-300x169.jpg 300w, https:\/\/atecordoba.org\/wp-content\/uploads\/2020\/11\/fernando-mercado-ate.jpg 533w\" sizes=\"auto, (max-width: 602px) 100vw, 602px\" \/><figcaption id=\"caption-attachment-23118\" class=\"wp-caption-text\">Fernando Mercado (archivo).<\/figcaption><\/figure>\n<p>Ayer el secretario General de ATE Villa Mar\u00eda, Fernando Mercado, encabezo una asamblea informativa con los afiliados municipales de la localidad de Monte Le\u00f1a,. En la oportunidad, el dirigente estuvo acompa\u00f1ado por la\u00a0 delegada Andrea L\u00f3pez y el delegado Rafael Villegas.<\/p>\n<p>All\u00ed se les comunic\u00f3 a los afiliados y afiliadas sobre el di\u00e1logo que se mantuvo con el abogado Pablo Oviedo,\u00a0 asesor letrado y representante por parte del Ejecutivo Municipal.<\/p>\n<p>En esa reuni\u00f3n se propuso un acuerdo de paritarias y se qued\u00f3 a la espera de una respuesta por parte del Ejecutivo, adem\u00e1s se trataron otros temas como la situaci\u00f3n laboral por presiones que ejerce dicho municipio hacia los trabajadores y trabajadoras de dicha localidad.<\/p>\n<p>Posteriormente, se acord\u00f3 en asamblea por mayor\u00eda esperar la respuesta oficial de la Municipalidad de Monte Le\u00f1a para tratar en otra asamblea y proseguir con la negociaci\u00f3n salarial y mejoras en el \u00e1mbito laboral de trabajo.<\/p>\n","protected":false},"excerpt":{"rendered":"<p>Ayer el secretario General de ATE Villa Mar\u00eda, Fernando Mercado, encabezo una asamblea informativa con los afiliados municipales de la localidad de Monte Le\u00f1a,. En la oportunidad, el dirigente estuvo acompa\u00f1ado por la\u00a0 delegada Andrea L\u00f3pez y el delegado Rafael Villegas. All\u00ed se les comunic\u00f3 a los afiliados y afiliadas sobre el di\u00e1logo que se [&hellip;]<\/p>\n","protected":false},"author":7,"featured_media":23118,"comment_status":"open","ping_status":"open","sticky":false,"template":"","format":"standard","meta":{"_exactmetrics_skip_tracking":false,"_exactmetrics_sitenote_active":false,"_exactmetrics_sitenote_note":"","_exactmetrics_sitenote_category":0,"jnews-multi-image_gallery":[],"jnews_single_post":{"source_name":"","source_url":"","via_name":"","via_url":"","override_template":"0","override":[{"template":"1","single_blog_custom":"","parallax":"1","fullscreen":"0","layout":"right-sidebar","sidebar":"default-sidebar","second_sidebar":"default-sidebar","sticky_sidebar":"1","share_position":"top","share_float_style":"share-monocrhome","show_share_counter":"1","show_view_counter":"1","show_featured":"1","show_post_meta":"1","show_post_author":"1","show_post_author_image":"1","show_post_date":"1","post_date_format":"default","post_date_format_custom":"Y\/m\/d","show_post_category":"1","show_post_reading_time":"0","post_reading_time_wpm":"300","show_zoom_button":"0","zoom_button_out_step":"2","zoom_button_in_step":"3","show_post_tag":"1","show_prev_next_post":"1","show_popup_post":"1","number_popup_post":"1","show_author_box":"0","show_post_related":"0","show_inline_post_related":"0"}],"override_image_size":"0","image_override":[{"single_post_thumbnail_size":"crop-500","single_post_gallery_size":"crop-500"}],"trending_post":"0","trending_post_position":"meta","trending_post_label":"Trending","sponsored_post":"0","sponsored_post_label":"Sponsored by","sponsored_post_name":"","sponsored_post_url":"","sponsored_post_logo_enable":"0","sponsored_post_logo":"","sponsored_post_desc":""},"jnews_primary_category":{"id":""},"jnews_social_meta":{"fb_title":"","fb_description":"","fb_image":"","twitter_title":"","twitter_description":"","twitter_image":""},"jnews_review":[],"enable_review":"0","type":"percentage","name":"","summary":"","brand":"","sku":"","good":[{"good_text":""}],"bad":[{"bad_text":""}],"score_override":"","override_value":"","rating":[{"rating_text":"","rating_number":"10"}],"price":[{"shop":"","price":"","link":"","icon":""}],"jnews_override_counter":{"override_view_counter":"0","view_counter_number":"0","override_share_counter":"0","share_counter_number":"0","override_like_counter":"0","like_counter_number":"0","override_dislike_counter":"0","dislike_counter_number":"0"},"jnews_post_split":{"enable_post_split":"0","post_split":[{"template":"1","tag":"h2","numbering":"asc","mode":"normal"}]},"footnotes":""},"categories":[20,14],"tags":[681],"class_list":["post-23117","post","type-post","status-publish","format-standard","has-post-thumbnail","hentry","category-municipales","category-villa-maria","tag-monte-lena"],"jetpack_featured_media_url":"https:\/\/atecordoba.org\/wp-content\/uploads\/2020\/11\/fernando-mercado-ate.jpg","_links":{"self":[{"href":"https:\/\/atecordoba.org\/index.php?rest_route=\/wp\/v2\/posts\/23117","targetHints":{"allow":["GET"]}}],"collection":[{"href":"https:\/\/atecordoba.org\/index.php?rest_route=\/wp\/v2\/posts"}],"about":[{"href":"https:\/\/atecordoba.org\/index.php?rest_route=\/wp\/v2\/types\/post"}],"author":[{"embeddable":true,"href":"https:\/\/atecordoba.org\/index.php?rest_route=\/wp\/v2\/users\/7"}],"replies":[{"embeddable":true,"href":"https:\/\/atecordoba.org\/index.php?rest_route=%2Fwp%2Fv2%2Fcomments&post=23117"}],"version-history":[{"count":1,"href":"https:\/\/atecordoba.org\/index.php?rest_route=\/wp\/v2\/posts\/23117\/revisions"}],"predecessor-version":[{"id":23119,"href":"https:\/\/atecordoba.org\/index.php?rest_route=\/wp\/v2\/posts\/23117\/revisions\/23119"}],"wp:featuredmedia":[{"embeddable":true,"href":"https:\/\/atecordoba.org\/index.php?rest_route=\/wp\/v2\/media\/23118"}],"wp:attachment":[{"href":"https:\/\/atecordoba.org\/index.php?rest_route=%2Fwp%2Fv2%2Fmedia&parent=23117"}],"wp:term":[{"taxonomy":"category","embeddable":true,"href":"https:\/\/atecordoba.org\/index.php?rest_route=%2Fwp%2Fv2%2Fcategories&post=23117"},{"taxonomy":"post_tag","embeddable":true,"href":"https:\/\/atecordoba.org\/index.php?rest_route=%2Fwp%2Fv2%2Ftags&post=23117"}],"curies":[{"name":"wp","href":"https:\/\/api.w.org\/{rel}","templated":true}]}}