{"id":23108,"date":"2020-11-12T09:47:09","date_gmt":"2020-11-12T12:47:09","guid":{"rendered":"https:\/\/atecordoba.org\/?p=23108"},"modified":"2020-11-12T09:48:55","modified_gmt":"2020-11-12T12:48:55","slug":"municipales-se-acerca-el-final-del-juicio-por-el-reconocimiento-de-ate-en-bell-ville","status":"publish","type":"post","link":"https:\/\/atecordoba.org\/?p=23108","title":{"rendered":"Municipales: se acerca el final del juicio por el reconocimiento de ATE en Bell Ville"},"content":{"rendered":"<figure id=\"attachment_23109\" aria-describedby=\"caption-attachment-23109\" style=\"width: 601px\" class=\"wp-caption aligncenter\"><img loading=\"lazy\" decoding=\"async\" class=\"wp-image-23109\" src=\"https:\/\/atecordoba.org\/wp-content\/uploads\/2020\/11\/bellville-300x208.jpeg\" alt=\"\" width=\"601\" height=\"417\" srcset=\"https:\/\/atecordoba.org\/wp-content\/uploads\/2020\/11\/bellville-300x208.jpeg 300w, https:\/\/atecordoba.org\/wp-content\/uploads\/2020\/11\/bellville.jpeg 552w\" sizes=\"auto, (max-width: 601px) 100vw, 601px\" \/><figcaption id=\"caption-attachment-23109\" class=\"wp-caption-text\">Fernando Mercado y Lucas Loyola, a izquierda y derecha de la foto, declararon ante la Justicia.<\/figcaption><\/figure>\n<p>El pasado viernes 6 de noviembre declar\u00f3 en el juzgado de 2\u00aa nominaci\u00f3n de Bell Ville el secretario General de ATE Villa Mar\u00eda, Fernando Mercado, en el marco del juicio por el reconocimiento de ATE como gremio con \u00e1mbito de representaci\u00f3n de los trabajadores municipales de Bell Ville.<\/p>\n<p>Se trata de un proceso iniciado hace dos a\u00f1os debido a que la comuna se niega a reconocer a ATE como gremio de las y los municipales y entorpece la organizaci\u00f3n de las y los trabajadores al no activar el c\u00f3digo de descuento para la cuota de afiliaci\u00f3n por recibo de sueldo.<\/p>\n<p>La estrategia patronal es retrasar una medida que llegar\u00e1 indefectiblemente en favor de ATE, como viene sucediendo con todos los municipios de la provincia donde surgen conflictos de la misma naturaleza con los intendentes, que eligen asumirse como patrones de estancia en vez de funcionarios puestos en el cargo por mandato popular con la obligaci\u00f3n de cumplir la normativa vigente en materia laboral.<\/p>\n<p>De esta forma, retrasan tambi\u00e9n la necesaria discusi\u00f3n en materia salarial y de condiciones de trabajo al mantener vigente el penoso estado de situaci\u00f3n que atraviesa las y los municipales, con el concurso siempre dispuesto del gremio amarillo municipal de su respectiva localidad. En el caso de Bell Ville, el Ejecutivo act\u00faa abiertamente en favor de un gremio que ni siquiera tiene personer\u00eda gremial.<\/p>\n<p>Por eso, el viernes junto a Mercado declar\u00f3 tambi\u00e9n ante la justicia el delegado municipal Lucas Loyola, todo con el asesoramiento de la letrada Mar\u00eda M Terragno.<\/p>\n<p>La abogada de ATE explic\u00f3 que \u201cno hay duda de que ATE es legal en Bell Ville, que as\u00ed como c\u00f3mo existe y tiene \u00e1mbito en much\u00edsimos otros municipios del pa\u00eds y de la provincia de C\u00f3rdoba tambi\u00e9n, adem\u00e1s lo tiene en Bell Ville. Pero se evidencia que esta es una cuesti\u00f3n de tipo pol\u00edtica m\u00e1s que jur\u00eddica relacionada al reconocimiento del sindicato\u201d.<\/p>\n<p>Y concluy\u00f3: \u201clo que ahora resta es\u00a0 esperar a las \u00faltimas instancias finales\u00a0 ya\u00a0 ira a sentencia y la jueza a cargo tendr\u00e1 que resolver nuestro pedido sobre que el municipio de Bell Ville\u00a0 actu\u00e9 como agente de retenci\u00f3n de la cuota sindical\u201d.<\/p>\n","protected":false},"excerpt":{"rendered":"<p>El pasado viernes 6 de noviembre declar\u00f3 en el juzgado de 2\u00aa nominaci\u00f3n de Bell Ville el secretario General de ATE Villa Mar\u00eda, Fernando Mercado, en el marco del juicio por el reconocimiento de ATE como gremio con \u00e1mbito de representaci\u00f3n de los trabajadores municipales de Bell Ville. Se trata de un proceso iniciado hace [&hellip;]<\/p>\n","protected":false},"author":7,"featured_media":23109,"comment_status":"open","ping_status":"open","sticky":true,"template":"","format":"standard","meta":{"_exactmetrics_skip_tracking":false,"_exactmetrics_sitenote_active":false,"_exactmetrics_sitenote_note":"","_exactmetrics_sitenote_category":0,"jnews-multi-image_gallery":[],"jnews_single_post":{"source_name":"","source_url":"","via_name":"","via_url":"","override_template":"0","override":[{"template":"1","single_blog_custom":"","parallax":"1","fullscreen":"0","layout":"right-sidebar","sidebar":"default-sidebar","second_sidebar":"default-sidebar","sticky_sidebar":"1","share_position":"top","share_float_style":"share-monocrhome","show_share_counter":"1","show_view_counter":"1","show_featured":"1","show_post_meta":"1","show_post_author":"1","show_post_author_image":"1","show_post_date":"1","post_date_format":"default","post_date_format_custom":"Y\/m\/d","show_post_category":"1","show_post_reading_time":"0","post_reading_time_wpm":"300","show_zoom_button":"0","zoom_button_out_step":"2","zoom_button_in_step":"3","show_post_tag":"1","show_prev_next_post":"1","show_popup_post":"1","number_popup_post":"1","show_author_box":"0","show_post_related":"0","show_inline_post_related":"0"}],"override_image_size":"0","image_override":[{"single_post_thumbnail_size":"crop-500","single_post_gallery_size":"crop-500"}],"trending_post":"0","trending_post_position":"meta","trending_post_label":"Trending","sponsored_post":"0","sponsored_post_label":"Sponsored by","sponsored_post_name":"","sponsored_post_url":"","sponsored_post_logo_enable":"0","sponsored_post_logo":"","sponsored_post_desc":""},"jnews_primary_category":{"id":""},"jnews_social_meta":{"fb_title":"","fb_description":"","fb_image":"","twitter_title":"","twitter_description":"","twitter_image":""},"jnews_review":[],"enable_review":"0","type":"percentage","name":"","summary":"","brand":"","sku":"","good":[{"good_text":""}],"bad":[{"bad_text":""}],"score_override":"","override_value":"","rating":[{"rating_text":"","rating_number":"10"}],"price":[{"shop":"","price":"","link":"","icon":""}],"jnews_override_counter":{"override_view_counter":"0","view_counter_number":"0","override_share_counter":"0","share_counter_number":"0","override_like_counter":"0","like_counter_number":"0","override_dislike_counter":"0","dislike_counter_number":"0"},"jnews_post_split":{"enable_post_split":"0","post_split":[{"template":"1","tag":"h2","numbering":"asc","mode":"normal"}]},"footnotes":""},"categories":[34,14],"tags":[679],"class_list":["post-23108","post","type-post","status-publish","format-standard","has-post-thumbnail","hentry","category-seccionales","category-villa-maria","tag-bell-ville"],"jetpack_featured_media_url":"https:\/\/atecordoba.org\/wp-content\/uploads\/2020\/11\/bellville.jpeg","_links":{"self":[{"href":"https:\/\/atecordoba.org\/index.php?rest_route=\/wp\/v2\/posts\/23108","targetHints":{"allow":["GET"]}}],"collection":[{"href":"https:\/\/atecordoba.org\/index.php?rest_route=\/wp\/v2\/posts"}],"about":[{"href":"https:\/\/atecordoba.org\/index.php?rest_route=\/wp\/v2\/types\/post"}],"author":[{"embeddable":true,"href":"https:\/\/atecordoba.org\/index.php?rest_route=\/wp\/v2\/users\/7"}],"replies":[{"embeddable":true,"href":"https:\/\/atecordoba.org\/index.php?rest_route=%2Fwp%2Fv2%2Fcomments&post=23108"}],"version-history":[{"count":3,"href":"https:\/\/atecordoba.org\/index.php?rest_route=\/wp\/v2\/posts\/23108\/revisions"}],"predecessor-version":[{"id":23112,"href":"https:\/\/atecordoba.org\/index.php?rest_route=\/wp\/v2\/posts\/23108\/revisions\/23112"}],"wp:featuredmedia":[{"embeddable":true,"href":"https:\/\/atecordoba.org\/index.php?rest_route=\/wp\/v2\/media\/23109"}],"wp:attachment":[{"href":"https:\/\/atecordoba.org\/index.php?rest_route=%2Fwp%2Fv2%2Fmedia&parent=23108"}],"wp:term":[{"taxonomy":"category","embeddable":true,"href":"https:\/\/atecordoba.org\/index.php?rest_route=%2Fwp%2Fv2%2Fcategories&post=23108"},{"taxonomy":"post_tag","embeddable":true,"href":"https:\/\/atecordoba.org\/index.php?rest_route=%2Fwp%2Fv2%2Ftags&post=23108"}],"curies":[{"name":"wp","href":"https:\/\/api.w.org\/{rel}","templated":true}]}}