{"id":23096,"date":"2020-11-11T14:41:41","date_gmt":"2020-11-11T17:41:41","guid":{"rendered":"https:\/\/atecordoba.org\/?p=23096"},"modified":"2020-11-11T15:32:18","modified_gmt":"2020-11-11T18:32:18","slug":"ate-presento-sus-delegadas-a-la-municipalidad-de-rio-tercero","status":"publish","type":"post","link":"https:\/\/atecordoba.org\/?p=23096","title":{"rendered":"ATE present\u00f3 las y los delegados a la Municipalidad de R\u00edo Tercero"},"content":{"rendered":"<p><img loading=\"lazy\" decoding=\"async\" class=\" wp-image-23097 aligncenter\" src=\"https:\/\/atecordoba.org\/wp-content\/uploads\/2020\/11\/rio-tercero-delegados-rrhh-300x169.jpg\" alt=\"\" width=\"594\" height=\"335\" srcset=\"https:\/\/atecordoba.org\/wp-content\/uploads\/2020\/11\/rio-tercero-delegados-rrhh-300x169.jpg 300w, https:\/\/atecordoba.org\/wp-content\/uploads\/2020\/11\/rio-tercero-delegados-rrhh-1024x576.jpg 1024w, https:\/\/atecordoba.org\/wp-content\/uploads\/2020\/11\/rio-tercero-delegados-rrhh-768x432.jpg 768w, https:\/\/atecordoba.org\/wp-content\/uploads\/2020\/11\/rio-tercero-delegados-rrhh-750x422.jpg 750w, https:\/\/atecordoba.org\/wp-content\/uploads\/2020\/11\/rio-tercero-delegados-rrhh.jpg 1032w\" sizes=\"auto, (max-width: 594px) 100vw, 594px\" \/><\/p>\n<p>(Fuente: ATE R\u00edo Tercero Prensa )<\/p>\n<p>ATE present\u00f3 hoy las y los delegados municipales al Director de Recursos Humanos de la Municipalidad de R\u00edo Tercero.<br \/>\nAcompa\u00f1ados por Damian Albornoz, secretario General de la seccional ATE R\u00edo Tercero se presentaron los nuevos delegados y delegadas del sindicato al Director de Recursos Humanos de la Municipalidad de Rio Tercero, Damian Monti.<br \/>\nDe la misma participaron Paula Ducler (Tribunal de cuentas\/Palacio municipal), Patricia Molina (Area Salud), Marcelo Campos y Federico Moyano (Area de Servicios y Obras Publicas).<br \/>\nEn este primer encuentro se abordaron temas tendientes a generar los canales de comunicaci\u00f3n institucionales con el \u00e1rea de recursos humanos para canalizar las necesidades de las y los trabajadores afiliados, al mismo tiempo se volvi\u00f3 a remarcar que se accionara y se trabajar\u00e1 incansablemente para garantizar la libertad plena y la democracia sindical dentro del Municipio.<br \/>\nPor \u00faltimo desde nuestra organizaci\u00f3n sindical resaltamos esta instancia de dialogo institucional con el Municipio de Rio Tercero y la consideramos de vital importancia para las y los trabajadores en los tiempos que vivimos.<\/p>\n","protected":false},"excerpt":{"rendered":"<p>(Fuente: ATE R\u00edo Tercero Prensa ) ATE present\u00f3 hoy las y los delegados municipales al Director de Recursos Humanos de la Municipalidad de R\u00edo Tercero. Acompa\u00f1ados por Damian Albornoz, secretario General de la seccional ATE R\u00edo Tercero se presentaron los nuevos delegados y delegadas del sindicato al Director de Recursos Humanos de la Municipalidad de [&hellip;]<\/p>\n","protected":false},"author":7,"featured_media":23097,"comment_status":"open","ping_status":"open","sticky":true,"template":"","format":"standard","meta":{"_exactmetrics_skip_tracking":false,"_exactmetrics_sitenote_active":false,"_exactmetrics_sitenote_note":"","_exactmetrics_sitenote_category":0,"jnews-multi-image_gallery":[],"jnews_single_post":{"source_name":"","source_url":"","via_name":"","via_url":"","override_template":"0","override":[{"template":"1","single_blog_custom":"","parallax":"1","fullscreen":"0","layout":"right-sidebar","sidebar":"default-sidebar","second_sidebar":"default-sidebar","sticky_sidebar":"1","share_position":"top","share_float_style":"share-monocrhome","show_share_counter":"1","show_view_counter":"1","show_featured":"1","show_post_meta":"1","show_post_author":"1","show_post_author_image":"1","show_post_date":"1","post_date_format":"default","post_date_format_custom":"Y\/m\/d","show_post_category":"1","show_post_reading_time":"0","post_reading_time_wpm":"300","show_zoom_button":"0","zoom_button_out_step":"2","zoom_button_in_step":"3","show_post_tag":"1","show_prev_next_post":"1","show_popup_post":"1","number_popup_post":"1","show_author_box":"0","show_post_related":"0","show_inline_post_related":"0"}],"override_image_size":"0","image_override":[{"single_post_thumbnail_size":"crop-500","single_post_gallery_size":"crop-500"}],"trending_post":"0","trending_post_position":"meta","trending_post_label":"Trending","sponsored_post":"0","sponsored_post_label":"Sponsored by","sponsored_post_name":"","sponsored_post_url":"","sponsored_post_logo_enable":"0","sponsored_post_logo":"","sponsored_post_desc":""},"jnews_primary_category":{"id":""},"jnews_social_meta":{"fb_title":"","fb_description":"","fb_image":"","twitter_title":"","twitter_description":"","twitter_image":""},"jnews_review":[],"enable_review":"0","type":"percentage","name":"","summary":"","brand":"","sku":"","good":[{"good_text":""}],"bad":[{"bad_text":""}],"score_override":"","override_value":"","rating":[{"rating_text":"","rating_number":"10"}],"price":[{"shop":"","price":"","link":"","icon":""}],"jnews_override_counter":{"override_view_counter":"0","view_counter_number":"0","override_share_counter":"0","share_counter_number":"0","override_like_counter":"0","like_counter_number":"0","override_dislike_counter":"0","dislike_counter_number":"0"},"jnews_post_split":{"enable_post_split":"0","post_split":[{"template":"1","tag":"h2","numbering":"asc","mode":"normal"}]},"footnotes":""},"categories":[13,34],"tags":[677],"class_list":["post-23096","post","type-post","status-publish","format-standard","has-post-thumbnail","hentry","category-rio-tercero","category-seccionales","tag-delegados-municipales"],"jetpack_featured_media_url":"https:\/\/atecordoba.org\/wp-content\/uploads\/2020\/11\/rio-tercero-delegados-rrhh.jpg","_links":{"self":[{"href":"https:\/\/atecordoba.org\/index.php?rest_route=\/wp\/v2\/posts\/23096","targetHints":{"allow":["GET"]}}],"collection":[{"href":"https:\/\/atecordoba.org\/index.php?rest_route=\/wp\/v2\/posts"}],"about":[{"href":"https:\/\/atecordoba.org\/index.php?rest_route=\/wp\/v2\/types\/post"}],"author":[{"embeddable":true,"href":"https:\/\/atecordoba.org\/index.php?rest_route=\/wp\/v2\/users\/7"}],"replies":[{"embeddable":true,"href":"https:\/\/atecordoba.org\/index.php?rest_route=%2Fwp%2Fv2%2Fcomments&post=23096"}],"version-history":[{"count":2,"href":"https:\/\/atecordoba.org\/index.php?rest_route=\/wp\/v2\/posts\/23096\/revisions"}],"predecessor-version":[{"id":23100,"href":"https:\/\/atecordoba.org\/index.php?rest_route=\/wp\/v2\/posts\/23096\/revisions\/23100"}],"wp:featuredmedia":[{"embeddable":true,"href":"https:\/\/atecordoba.org\/index.php?rest_route=\/wp\/v2\/media\/23097"}],"wp:attachment":[{"href":"https:\/\/atecordoba.org\/index.php?rest_route=%2Fwp%2Fv2%2Fmedia&parent=23096"}],"wp:term":[{"taxonomy":"category","embeddable":true,"href":"https:\/\/atecordoba.org\/index.php?rest_route=%2Fwp%2Fv2%2Fcategories&post=23096"},{"taxonomy":"post_tag","embeddable":true,"href":"https:\/\/atecordoba.org\/index.php?rest_route=%2Fwp%2Fv2%2Ftags&post=23096"}],"curies":[{"name":"wp","href":"https:\/\/api.w.org\/{rel}","templated":true}]}}